{"id":28714,"date":"2019-04-19T08:07:56","date_gmt":"2019-04-19T12:07:56","guid":{"rendered":"https:\/\/linitiative.ca\/International\/presentation-de-khenifiss-de-tarfaya-la-legende-du-petit-scarabee-de-karim-anegay\/"},"modified":"2019-04-19T08:07:56","modified_gmt":"2019-04-19T12:07:56","slug":"presentation-de-khenifiss-de-tarfaya-la-legende-du-petit-scarabee-de-karim-anegay","status":"publish","type":"post","link":"https:\/\/linitiative.ca\/International\/presentation-de-khenifiss-de-tarfaya-la-legende-du-petit-scarabee-de-karim-anegay\/","title":{"rendered":"Pr\u00e9sentation de \u00abKhenifiss de Tarfaya, la  l\u00e9gende du petit scarab\u00e9e\u00bb de Karim Anegay"},"content":{"rendered":"<header>\n<div class=\"entry-post-meta\">\n<div class=\"author-link\">Publi\u00e9 par <a itemprop=\"author\" itemscope=\"\" itemtype=\"https:\/\/schema.org\/Person\" href=\"http:\/\/aujourdhui.ma\/profile\/kaid\" rel=\"author\"><span itemprop=\"name\">ALM<\/span><\/a><\/div>\n<p>Date\u00a0:<time content=\"2019-04-19T13:07:56+00:00\" class=\"entry-date updated\" datetime=\"2019-04-19T13:07:56+00:00\">avril 19, 2019<\/time><\/p>\n<div class=\"entry-cat\">dans:<a href=\"http:\/\/aujourdhui.ma\/category\/culture\" rel=\"category tag\">Culture<\/a><\/div>\n<p>0 Vues<\/p>\n<\/div>\n<\/header>\n<div class=\"entry-content clearfix\" readability=\"46\"><img decoding=\"async\" class=\"post_layout_5_img\" src=\"http:\/\/aujourdhui.ma\/wp-content\/uploads\/2019\/04\/Khenifiss-de-Tarfaya.jpg?x29840\" alt=\"Pr\u00e9sentation de \u00abKhenifiss de Tarfaya, la l\u00e9gende du petit scarab\u00e9e\u00bb de Karim Anegay\"\/><\/p>\n<p class=\"p1\"><span class=\"s1\"><span class=\"c4\"><strong>Le beau livre \u00abKhenifiss de Tarfaya, la l\u00e9gende du petit scarab\u00e9e\u00bb de Karim Anegay a \u00e9t\u00e9 pr\u00e9sent\u00e9, mardi soir, \u00e0 Casablanca, quelque temps apr\u00e8s sa parution aux \u00e9ditions La Crois\u00e9e des Chemins (CDC).<\/strong><\/span><\/span> <span id=\"more-309549\"\/><\/p>\n<p class=\"p1\"><span class=\"s1\">R\u00e9alis\u00e9 dans le cadre d\u2019un partenariat entre l\u2019Agence du Sud, le Centre des \u00e9tudes sahariennes et le Centre national des droits de l\u2019Homme, l\u2019ouvrage emm\u00e8ne le lecteur \u00e0 la d\u00e9couverte de cette r\u00e9gion avec les yeux d\u2019un voyageur qui arrive du Nord, pour traverser l\u2019Anti-Atlas et longer les c\u00f4tes du Maroc saharien jusqu\u2019\u00e0 Khenifiss.<\/span><\/p>\n<\/div>\n<p>Auteur: ALM<br \/>\n<a href=\"http:\/\/aujourdhui.ma\/culture\/presentation-de-khenifiss-de-tarfaya-la-legende-du-petit-scarabee-de-karim-anegay\">Cliquez ici pour lire l&rsquo;article depuis sa source.<\/a><\/p>\n","protected":false},"excerpt":{"rendered":"<p>Publi\u00e9 par ALM Date\u00a0:avril 19, 2019 dans:Culture 0 Vues Le beau livre \u00abKhenifiss de Tarfaya, la l\u00e9gende du petit scarab\u00e9e\u00bb de Karim Anegay a \u00e9t\u00e9 pr\u00e9sent\u00e9, mardi soir, \u00e0 Casablanca, quelque temps apr\u00e8s sa parution aux \u00e9ditions La Crois\u00e9e des Chemins (CDC). R\u00e9alis\u00e9 dans le cadre d\u2019un partenariat entre l\u2019Agence du Sud, le Centre des [&hellip;]<\/p>\n","protected":false},"author":1759,"featured_media":0,"comment_status":"closed","ping_status":"closed","sticky":false,"template":"","format":"standard","meta":{"fifu_image_url":"","fifu_image_alt":"","footnotes":""},"categories":[73,54],"tags":[],"class_list":["post-28714","post","type-post","status-publish","format-standard","hentry","category-actualite","category-maroc"],"_links":{"self":[{"href":"https:\/\/linitiative.ca\/International\/wp-json\/wp\/v2\/posts\/28714","targetHints":{"allow":["GET"]}}],"collection":[{"href":"https:\/\/linitiative.ca\/International\/wp-json\/wp\/v2\/posts"}],"about":[{"href":"https:\/\/linitiative.ca\/International\/wp-json\/wp\/v2\/types\/post"}],"author":[{"embeddable":true,"href":"https:\/\/linitiative.ca\/International\/wp-json\/wp\/v2\/users\/1759"}],"replies":[{"embeddable":true,"href":"https:\/\/linitiative.ca\/International\/wp-json\/wp\/v2\/comments?post=28714"}],"version-history":[{"count":0,"href":"https:\/\/linitiative.ca\/International\/wp-json\/wp\/v2\/posts\/28714\/revisions"}],"wp:attachment":[{"href":"https:\/\/linitiative.ca\/International\/wp-json\/wp\/v2\/media?parent=28714"}],"wp:term":[{"taxonomy":"category","embeddable":true,"href":"https:\/\/linitiative.ca\/International\/wp-json\/wp\/v2\/categories?post=28714"},{"taxonomy":"post_tag","embeddable":true,"href":"https:\/\/linitiative.ca\/International\/wp-json\/wp\/v2\/tags?post=28714"}],"curies":[{"name":"wp","href":"https:\/\/api.w.org\/{rel}","templated":true}]}}