{"id":28715,"date":"2019-04-19T08:08:16","date_gmt":"2019-04-19T12:08:16","guid":{"rendered":"https:\/\/linitiative.ca\/International\/22eme-prix-charjah-pour-la-creation-arabe-trois-marocains-primes-au-caire\/"},"modified":"2019-04-19T08:08:16","modified_gmt":"2019-04-19T12:08:16","slug":"22eme-prix-charjah-pour-la-creation-arabe-trois-marocains-primes-au-caire","status":"publish","type":"post","link":"https:\/\/linitiative.ca\/International\/22eme-prix-charjah-pour-la-creation-arabe-trois-marocains-primes-au-caire\/","title":{"rendered":"22\u00e8me Prix Charjah pour la cr\u00e9ation  arabe : Trois Marocains prim\u00e9s au Caire"},"content":{"rendered":"<header>\n<div class=\"entry-post-meta\">\n<div class=\"author-link\">Publi\u00e9 par <a itemprop=\"author\" itemscope=\"\" itemtype=\"https:\/\/schema.org\/Person\" href=\"http:\/\/aujourdhui.ma\/profile\/kaid\" rel=\"author\"><span itemprop=\"name\">ALM<\/span><\/a><\/div>\n<p>Date\u00a0:<time content=\"2019-04-19T13:08:16+00:00\" class=\"entry-date updated\" datetime=\"2019-04-19T13:08:16+00:00\">avril 19, 2019<\/time><\/p>\n<div class=\"entry-cat\">dans:<a href=\"http:\/\/aujourdhui.ma\/category\/culture\" rel=\"category tag\">Culture<\/a><\/div>\n<p>3Vues<\/p>\n<\/div>\n<\/header>\n<div class=\"entry-content clearfix\" readability=\"45\"><img decoding=\"async\" class=\"post_layout_5_img\" src=\"http:\/\/aujourdhui.ma\/wp-content\/uploads\/2019\/04\/Charjah.jpg?x29840\" alt=\"22\u00e8me Prix Charjah pour la cr\u00e9ation arabe : Trois Marocains prim\u00e9s au Caire\"\/><\/p>\n<p class=\"p1\"><span class=\"s1\"><span class=\"c4\"><strong>Trois Marocains laur\u00e9ats de la 22\u00e8me \u00e9dition du Prix Charjah pour la cr\u00e9ation arabe ont re\u00e7u leurs distinctions mercredi au Caire.<\/strong><\/span><\/span><span id=\"more-309564\"\/><\/p>\n<p class=\"p1\"><span class=\"s1\">Il s\u2019agit de Adil El Annaz, laur\u00e9at du premier prix dans la cat\u00e9gorie \u00abcritique\u00bb pour son \u00e9tude portant sur \u00abLa repr\u00e9sentation interpr\u00e9tative de l\u2019histoire dans le roman arabe\u00bb, alors que son compatriote Mohamed Mokhtari s\u2019est vu d\u00e9cerner le deuxi\u00e8me prix pour son roman \u00abComme un chant bris\u00e9\u00bb.<\/span><\/p>\n<p class=\"p1\"><span class=\"s1\">Moustapha Saidi a remport\u00e9, quant \u00e0 lui, le deuxi\u00e8me prix dans la cat\u00e9gorie \u00abLitt\u00e9rature pour enfants\u00bb pour sa pi\u00e8ce de th\u00e9\u00e2tre \u00abLa petite peintre et le perroquet\u00bb.<\/span><\/p>\n<\/div>\n<p>Auteur: ALM<br \/>\n<a href=\"http:\/\/aujourdhui.ma\/culture\/22eme-prix-charjah-pour-la-creation-arabe-trois-marocains-primes-au-caire\">Cliquez ici pour lire l&rsquo;article depuis sa source.<\/a><\/p>\n","protected":false},"excerpt":{"rendered":"<p>Publi\u00e9 par ALM Date\u00a0:avril 19, 2019 dans:Culture 3Vues Trois Marocains laur\u00e9ats de la 22\u00e8me \u00e9dition du Prix Charjah pour la cr\u00e9ation arabe ont re\u00e7u leurs distinctions mercredi au Caire. Il s\u2019agit de Adil El Annaz, laur\u00e9at du premier prix dans la cat\u00e9gorie \u00abcritique\u00bb pour son \u00e9tude portant sur \u00abLa repr\u00e9sentation interpr\u00e9tative de l\u2019histoire dans le [&hellip;]<\/p>\n","protected":false},"author":1759,"featured_media":0,"comment_status":"closed","ping_status":"closed","sticky":false,"template":"","format":"standard","meta":{"fifu_image_url":"","fifu_image_alt":"","footnotes":""},"categories":[73,54],"tags":[],"class_list":["post-28715","post","type-post","status-publish","format-standard","hentry","category-actualite","category-maroc"],"_links":{"self":[{"href":"https:\/\/linitiative.ca\/International\/wp-json\/wp\/v2\/posts\/28715","targetHints":{"allow":["GET"]}}],"collection":[{"href":"https:\/\/linitiative.ca\/International\/wp-json\/wp\/v2\/posts"}],"about":[{"href":"https:\/\/linitiative.ca\/International\/wp-json\/wp\/v2\/types\/post"}],"author":[{"embeddable":true,"href":"https:\/\/linitiative.ca\/International\/wp-json\/wp\/v2\/users\/1759"}],"replies":[{"embeddable":true,"href":"https:\/\/linitiative.ca\/International\/wp-json\/wp\/v2\/comments?post=28715"}],"version-history":[{"count":0,"href":"https:\/\/linitiative.ca\/International\/wp-json\/wp\/v2\/posts\/28715\/revisions"}],"wp:attachment":[{"href":"https:\/\/linitiative.ca\/International\/wp-json\/wp\/v2\/media?parent=28715"}],"wp:term":[{"taxonomy":"category","embeddable":true,"href":"https:\/\/linitiative.ca\/International\/wp-json\/wp\/v2\/categories?post=28715"},{"taxonomy":"post_tag","embeddable":true,"href":"https:\/\/linitiative.ca\/International\/wp-json\/wp\/v2\/tags?post=28715"}],"curies":[{"name":"wp","href":"https:\/\/api.w.org\/{rel}","templated":true}]}}