{"id":28716,"date":"2019-04-19T09:00:17","date_gmt":"2019-04-19T13:00:17","guid":{"rendered":"https:\/\/linitiative.ca\/International\/concours-de-la-meilleure-huile-dolive-extra-et-les-gagnants-sont\/"},"modified":"2019-04-19T09:00:17","modified_gmt":"2019-04-19T13:00:17","slug":"concours-de-la-meilleure-huile-dolive-extra-et-les-gagnants-sont","status":"publish","type":"post","link":"https:\/\/linitiative.ca\/International\/concours-de-la-meilleure-huile-dolive-extra-et-les-gagnants-sont\/","title":{"rendered":"Concours de la meilleure huile d\u2019olive extra : Et les gagnants sont\u2026"},"content":{"rendered":"<p><img decoding=\"async\" class=\"post_layout_5_img\" src=\"http:\/\/aujourdhui.ma\/wp-content\/uploads\/2019\/04\/Concours-de-la-meilleure-huile-d%E2%80%99olive-extra.jpg?x29840\" alt=\"Concours de la meilleure huile d\u2019olive extra : Et les gagnants sont\u2026\"\/><\/p>\n<p class=\"p1\"><span class=\"s1\"><span class=\"c4\"><strong>Dans le cadre de la mise en \u0153uvre du contrat programme visant la mise \u00e0 niveau de la fili\u00e8re ol\u00e9icole, conclu entre l\u2019Etat et l\u2019Interprofession marocaine de l\u2019olive (Interprolive) pour la p\u00e9riode 2009-2020, l\u2019int\u00e9r\u00eat a particuli\u00e8rement \u00e9t\u00e9 donn\u00e9 \u00e0 l\u2019am\u00e9lioration de la qualit\u00e9 et promotion de la consommation int\u00e9rieure des produits ol\u00e9icoles et notamment de l\u2019huile d\u2019olive.<\/strong><\/span><\/span><span id=\"more-309520\"\/><\/p>\n<p class=\"p1\"><span class=\"s1\">Partant de l\u00e0, le minist\u00e8re de l\u2019agriculture, de la p\u00eache maritime, du d\u00e9veloppement rural et des eaux et for\u00eats a organis\u00e9, en concertation avec la profession ol\u00e9icole en marge du SIAM 2019, la onzi\u00e8me \u00e9dition du concours national pour la s\u00e9lection de la meilleure qualit\u00e9 d\u2019huile d\u2019olive vierge extra. Notons que ce concours s\u2019est d\u00e9roul\u00e9 conform\u00e9ment \u00e0 un r\u00e8glement \u00e9labor\u00e9 sur la base des normes adopt\u00e9es en la mati\u00e8re par le Conseil ol\u00e9icole international (COI) et a \u00e9t\u00e9 couvert \u00e0 l\u2019ensemble des producteurs d\u2019huile d\u2019olive au Maroc.<\/span><\/p>\n<p class=\"p1\"><span class=\"s1\">Cette \u00e9dition a connu la participation de 56 candidats venant de 7 r\u00e9gions. Conform\u00e9ment au r\u00e8glement du concours, 12 huiles d\u2019olive appartenant \u00e0 5 r\u00e9gions ont \u00e9t\u00e9 prim\u00e9es, r\u00e9parties en quatre groupes homog\u00e8nes selon le fruit\u00e9, \u00e0 savoir fruit\u00e9 vert intense, fruit\u00e9 vert moyen, fruit\u00e9 vert l\u00e9ger et fruit\u00e9 m\u00fbr. Dans chaque groupe de fruit\u00e9s, trois prix sont accord\u00e9s. Dans la cat\u00e9gorie fruit\u00e9 vert intense, le 1er prix est revenu \u00e0 la Soci\u00e9t\u00e9 Domaine Arije (Marrakech-Safi), suivie de la soci\u00e9t\u00e9 Erebus Maroc (Casablanca-Settat).<\/span><\/p>\n<p class=\"p1\"><span class=\"s1\">La coop\u00e9rative Errabie (Tanger-T\u00e9touan-Al Hoceima) est, quant \u00e0 elle, arriv\u00e9e troisi\u00e8me. Dans la cat\u00e9gorie fruit\u00e9 vert moyen, le 1er prix a \u00e9t\u00e9 attribu\u00e9 au GIE Zouyout Oued Ourika (Marrakech-Safi), suivi de la coop\u00e9rative Ben Youssef (B\u00e9ni Mellal-Kh\u00e9nifra). La 3\u00e8me place a \u00e9t\u00e9 remport\u00e9e par GIE Zouyoute Dir B\u00e9ni-Mellal (B\u00e9ni Mellal-Kh\u00e9nifra).<\/span><\/p>\n<p class=\"p1\"><span class=\"s1\">Pour ce qui est de la cat\u00e9gorie fruit\u00e9 vert l\u00e9ger, la soci\u00e9t\u00e9 Ol\u00e9a Capital (F\u00e8s-Mekn\u00e8s) a d\u00e9croch\u00e9 le 1er prix, suivie de la coop\u00e9rative Al Houda de la r\u00e9gion Tanger-T\u00e9touan-Al Hoceima puis de la coop\u00e9rative Oumniya de la m\u00eame r\u00e9gion. Concernant la cat\u00e9gorie fruit\u00e9 m\u00fbr c\u2019est la soci\u00e9t\u00e9 Zitoun Al Atlas (F\u00e8s-Mekn\u00e8s) qui a remport\u00e9 le 1er prix. La 2\u00e8me place est revenue \u00e0 la soci\u00e9t\u00e9 Conserves El Attaouia (Marrakech-Safi), la troisi\u00e8me a \u00e9t\u00e9 du lot de la Soci\u00e9t\u00e9 SVA (B\u00e9ni Mellal-Kh\u00e9nifra).<\/span><\/p>\n<p>Auteur: ALM<br \/>\n<a href=\"http:\/\/aujourdhui.ma\/economie\/concours-de-la-meilleure-huile-dolive-extra-et-les-gagnants-sont\">Cliquez ici pour lire l&rsquo;article depuis sa source.<\/a><\/p>\n","protected":false},"excerpt":{"rendered":"<p>Dans le cadre de la mise en \u0153uvre du contrat programme visant la mise \u00e0 niveau de la fili\u00e8re ol\u00e9icole, conclu entre l\u2019Etat et l\u2019Interprofession marocaine de l\u2019olive (Interprolive) pour la p\u00e9riode 2009-2020, l\u2019int\u00e9r\u00eat a particuli\u00e8rement \u00e9t\u00e9 donn\u00e9 \u00e0 l\u2019am\u00e9lioration de la qualit\u00e9 et promotion de la consommation int\u00e9rieure des produits ol\u00e9icoles et notamment de [&hellip;]<\/p>\n","protected":false},"author":1759,"featured_media":0,"comment_status":"closed","ping_status":"closed","sticky":false,"template":"","format":"standard","meta":{"fifu_image_url":"","fifu_image_alt":"","footnotes":""},"categories":[73,54],"tags":[],"class_list":["post-28716","post","type-post","status-publish","format-standard","hentry","category-actualite","category-maroc"],"_links":{"self":[{"href":"https:\/\/linitiative.ca\/International\/wp-json\/wp\/v2\/posts\/28716","targetHints":{"allow":["GET"]}}],"collection":[{"href":"https:\/\/linitiative.ca\/International\/wp-json\/wp\/v2\/posts"}],"about":[{"href":"https:\/\/linitiative.ca\/International\/wp-json\/wp\/v2\/types\/post"}],"author":[{"embeddable":true,"href":"https:\/\/linitiative.ca\/International\/wp-json\/wp\/v2\/users\/1759"}],"replies":[{"embeddable":true,"href":"https:\/\/linitiative.ca\/International\/wp-json\/wp\/v2\/comments?post=28716"}],"version-history":[{"count":0,"href":"https:\/\/linitiative.ca\/International\/wp-json\/wp\/v2\/posts\/28716\/revisions"}],"wp:attachment":[{"href":"https:\/\/linitiative.ca\/International\/wp-json\/wp\/v2\/media?parent=28716"}],"wp:term":[{"taxonomy":"category","embeddable":true,"href":"https:\/\/linitiative.ca\/International\/wp-json\/wp\/v2\/categories?post=28716"},{"taxonomy":"post_tag","embeddable":true,"href":"https:\/\/linitiative.ca\/International\/wp-json\/wp\/v2\/tags?post=28716"}],"curies":[{"name":"wp","href":"https:\/\/api.w.org\/{rel}","templated":true}]}}