{"id":28717,"date":"2019-04-19T09:30:14","date_gmt":"2019-04-19T13:30:14","guid":{"rendered":"https:\/\/linitiative.ca\/International\/levenement-est-a-sa-23eme-edition-caftan-fait-decouvrir-les-sept-merveilles-du-monde\/"},"modified":"2019-04-19T09:30:14","modified_gmt":"2019-04-19T13:30:14","slug":"levenement-est-a-sa-23eme-edition-caftan-fait-decouvrir-les-sept-merveilles-du-monde","status":"publish","type":"post","link":"https:\/\/linitiative.ca\/International\/levenement-est-a-sa-23eme-edition-caftan-fait-decouvrir-les-sept-merveilles-du-monde\/","title":{"rendered":"L\u2019\u00e9v\u00e9nement est \u00e0 sa 23\u00e8me \u00e9dition : Caftan fait d\u00e9couvrir les sept merveilles du monde"},"content":{"rendered":"<p><img decoding=\"async\" class=\"post_layout_5_img\" src=\"http:\/\/aujourdhui.ma\/wp-content\/uploads\/2019\/04\/Caftan.jpg?x29840\" alt=\"L\u2019\u00e9v\u00e9nement est \u00e0 sa 23\u00e8me \u00e9dition : Caftan fait d\u00e9couvrir les sept merveilles du monde\"\/><\/p>\n<p class=\"p1\"><span class=\"c4\"><strong><span class=\"s1\"><em>Cette manifestation \u00abrenforcera cette ann\u00e9e encore les liens unissant les arts ancestraux marocains aux tendances de mode du moment\u00bb.<\/em><\/span><\/strong><\/span><span id=\"more-309552\"\/><\/p>\n<p class=\"p1\"><span class=\"s1\">Il serait fascinant de voyager de par le monde \u00e0 travers des tenues majestueuses. C\u2019est ce que propose l\u2019\u00e9v\u00e9nement Caftan dont la 23\u00e8me \u00e9dition se tiendra le 20 avril \u00e0 Marrakech, sous le th\u00e8me \u00abLes sept merveilles du monde\u00bb. Ce rendez-vous prestigieux de la haute couture marocaine est initi\u00e9 par le magazine Femmes du Maroc. Selon les organisateurs, cette manifestation <em>\u00abrenforcera cette ann\u00e9e encore les liens unissant les arts ancestraux marocains aux tendances de mode du moment\u00bb.<\/em><\/span><\/p>\n<p class=\"p1\"><span class=\"s1\">Pour expliciter le choix du th\u00e8me de cette \u00e9dition, les initiateurs remontent le temps. Comme ils le rappellent, le monde antique a vu s\u2019\u00e9lever des r\u00e9alisations exceptionnelles par leur beaut\u00e9, fascinantes par leur architecture, impressionnantes par leur gigantisme. Celles-ci \u00e9tant les sept merveilles du monde. <em>\u00abElles ont captiv\u00e9, intrigu\u00e9, ensorcel\u00e9. Elles continuent encore aujourd\u2019hui \u00e0 vivre pour l\u2019\u00e9ternit\u00e9 dans l\u2019imaginaire collectif. Inimitables, uniques, extraordinaires, ces r\u00e9alisations \u00e9taient et seront toujours le reflet du g\u00e9nie de leurs cr\u00e9ateurs et celui de l\u2019humanit\u00e9 tout enti\u00e8re\u00bb,<\/em> exaltent les organisateurs. Dans ce sens que la m\u00eame source \u00e9num\u00e8re, entre autres, la Pyramide de Kh\u00e9ops, les Jardins suspendus de Babylone, la Statue de Zeus, le Mausol\u00e9e d\u2019Halicarnasse, le Temple d\u2019Art\u00e9mis, le Colosse de Rhodes et le Phare d\u2019Alexandrie. Chacune de ces \u0153uvres l\u00e9gendaires de l\u2019antiquit\u00e9 ayant, comme le rappellent les initiateurs, particip\u00e9 au rayonnement de sa cit\u00e9, \u00e0 sa gloire, sa c\u00e9l\u00e9brit\u00e9 et son immortalit\u00e9.<\/span><\/p>\n<p class=\"p1\"><span class=\"s1\">L\u2019ensemble de ces merveilles sera refl\u00e9t\u00e9, le temps d\u2019un show qui promet d\u2019\u00eatre \u00e9poustouflant, dans les cr\u00e9ations des stylistes qui, selon la m\u00eame source, <em>\u00abs\u2019en inspireront pour donner \u00e0 Caftan 2019 cette \u00e9ternit\u00e9 qui est l\u2019essence m\u00eame de la beaut\u00e9 qu\u2019un artiste, architecte, sculpteur\u2026 peut mettre en valeur pour sublimer ses \u0153uvres\u00bb.<\/em><\/span><\/p>\n<p class=\"p1\"><span class=\"s1\">Ce sont les stylistes confirm\u00e9s, Hind Lamtiri, Meriem Belkhayat, Siham El Habti, Nisrine Ezzaki Bakkali, Zineb Lyoubi Idrissi, Samira Mhaid Knouzi, Najia Benjelloune, Imane Tadlaoui Faouz, Houda Larini, Hadia Benjelloun, Safaa Ibrahimi, Kacem Sahl, Amal Belcaid, Halima Chami et Nadia Boutaleb, qui s\u2019exprimeront sur ces sept merveilles \u00e0 travers leurs cr\u00e9ations.<\/span><\/p>\n<p class=\"p1\"><span class=\"s1\">A leur tour, les talents ne sont pas en reste. Les jeunes cr\u00e9ateurs de mode, Salma Debbagh, Ghita Essakalli et Imane Ouchen seront de la partie.<\/span><\/p>\n<p class=\"p1\"><span class=\"s1\">Si le monde compte sept merveilles, Caftan 2019, lui, entend, selon les initiateurs, <em>\u00ab\u00eatre la 8\u00e8me merveille le temps d\u2019un d\u00e9fil\u00e9 !\u00bb.<\/em> Aussi, l\u2019\u00e9v\u00e9nement part, selon la m\u00eame source, \u00e0 la rencontre de ces monuments hors du commun en racontant leurs histoires<em>. \u00abLes cr\u00e9ateurs auront ainsi l\u2019occasion de rendre hommage \u00e0 notre Maroc mill\u00e9naire, \u00e0 sa magie et \u00e0 sa richesse. Ce show exceptionnel rendra hommage cette ann\u00e9e encore au talent de nos cr\u00e9ateurs, \u00e0 la richesse de notre patrimoine culturel et au m\u00e9tissage des cultures\u00bb,<\/em> concluent les initiateurs.<\/span><\/p>\n<p>Auteur: ALM<br \/>\n<a href=\"http:\/\/aujourdhui.ma\/culture\/levenement-est-a-sa-23eme-edition-caftan-fait-decouvrir-les-sept-merveilles-du-monde\">Cliquez ici pour lire l&rsquo;article depuis sa source.<\/a><\/p>\n","protected":false},"excerpt":{"rendered":"<p>Cette manifestation \u00abrenforcera cette ann\u00e9e encore les liens unissant les arts ancestraux marocains aux tendances de mode du moment\u00bb. Il serait fascinant de voyager de par le monde \u00e0 travers des tenues majestueuses. C\u2019est ce que propose l\u2019\u00e9v\u00e9nement Caftan dont la 23\u00e8me \u00e9dition se tiendra le 20 avril \u00e0 Marrakech, sous le th\u00e8me \u00abLes sept [&hellip;]<\/p>\n","protected":false},"author":1759,"featured_media":0,"comment_status":"closed","ping_status":"closed","sticky":false,"template":"","format":"standard","meta":{"fifu_image_url":"","fifu_image_alt":"","footnotes":""},"categories":[73,54],"tags":[],"class_list":["post-28717","post","type-post","status-publish","format-standard","hentry","category-actualite","category-maroc"],"_links":{"self":[{"href":"https:\/\/linitiative.ca\/International\/wp-json\/wp\/v2\/posts\/28717","targetHints":{"allow":["GET"]}}],"collection":[{"href":"https:\/\/linitiative.ca\/International\/wp-json\/wp\/v2\/posts"}],"about":[{"href":"https:\/\/linitiative.ca\/International\/wp-json\/wp\/v2\/types\/post"}],"author":[{"embeddable":true,"href":"https:\/\/linitiative.ca\/International\/wp-json\/wp\/v2\/users\/1759"}],"replies":[{"embeddable":true,"href":"https:\/\/linitiative.ca\/International\/wp-json\/wp\/v2\/comments?post=28717"}],"version-history":[{"count":0,"href":"https:\/\/linitiative.ca\/International\/wp-json\/wp\/v2\/posts\/28717\/revisions"}],"wp:attachment":[{"href":"https:\/\/linitiative.ca\/International\/wp-json\/wp\/v2\/media?parent=28717"}],"wp:term":[{"taxonomy":"category","embeddable":true,"href":"https:\/\/linitiative.ca\/International\/wp-json\/wp\/v2\/categories?post=28717"},{"taxonomy":"post_tag","embeddable":true,"href":"https:\/\/linitiative.ca\/International\/wp-json\/wp\/v2\/tags?post=28717"}],"curies":[{"name":"wp","href":"https:\/\/api.w.org\/{rel}","templated":true}]}}