{"id":28718,"date":"2019-04-19T09:44:15","date_gmt":"2019-04-19T13:44:15","guid":{"rendered":"https:\/\/linitiative.ca\/International\/agadir-la-police-administrative-et-communale-activee\/"},"modified":"2019-04-19T09:44:15","modified_gmt":"2019-04-19T13:44:15","slug":"agadir-la-police-administrative-et-communale-activee","status":"publish","type":"post","link":"https:\/\/linitiative.ca\/International\/agadir-la-police-administrative-et-communale-activee\/","title":{"rendered":"Agadir : La police administrative et communale activ\u00e9e"},"content":{"rendered":"<p><img decoding=\"async\" class=\"post_layout_5_img\" src=\"http:\/\/aujourdhui.ma\/wp-content\/uploads\/2019\/04\/Agadir-police-administrative-et-communale.jpg?x29840\" alt=\"Agadir : La police administrative et communale activ\u00e9e\"\/><\/p>\n<p class=\"p1\"><span class=\"c4\"><strong><span class=\"s1\"><em>Elle est compos\u00e9e de 12 personnes<\/em><\/span><\/strong><\/span><span id=\"more-309525\"\/><\/p>\n<p class=\"p1\"><span class=\"s1\">Les premiers \u00e9l\u00e9ments de la police administrative et communale ont d\u00e9marr\u00e9 leurs activit\u00e9s \u00e0 Agadir et vont sillonner d\u00e9sormais les quatre coins de la ville. Cet organe est constitu\u00e9 de brigades de contr\u00f4le dot\u00e9es de moyens humains et mat\u00e9riels n\u00e9cessaires.<\/span><\/p>\n<p class=\"p1\"><span class=\"s1\">Le si\u00e8ge de la municipalit\u00e9 d\u2019Agadir a abrit\u00e9 mercredi une c\u00e9r\u00e9monie officielle en pr\u00e9sence de Saleh El Malouki, pr\u00e9sident du conseil municipal d\u2019Agadir, pour lancer et activer ce nouvel organe tr\u00e8s attendu, commun\u00e9ment appel\u00e9 police administrative et communale d\u00e9pendant directement du pr\u00e9sident du conseil municipal, et qui a \u00e9t\u00e9 valid\u00e9e par le conseil municipal d\u2019Agadir lors de la session ordinaire du mois d\u2019octobre 2017.<\/span><\/p>\n<p class=\"p1\"><span class=\"s1\">Cette police urbaine et communale compos\u00e9e de 12 \u00e9l\u00e9ments est charg\u00e9e de contr\u00f4ler les infractions et d\u2019intervenir sur d\u00e9cision du pr\u00e9sident du conseil municipal en coordination avec les autorit\u00e9s comp\u00e9tentes dans les domaines de la s\u00e9curit\u00e9 routi\u00e8re, le stationnement, la circulation, la signalisation, les parkings, l\u2019occupation du domaine public, la pr\u00e9vention et l\u2019hygi\u00e8ne sanitaire, la salubrit\u00e9, la pr\u00e9servation de l\u2019environnement, et l\u2019urbanisme.<\/span><\/p>\n<p class=\"p1\"><span class=\"s1\">La nouvelle \u00e9quipe veillera \u00e0 informer les autorit\u00e9s s\u00e9curitaires et le pr\u00e9sident du conseil communal d\u2019Agadir en cas d\u2019atteinte \u00e0 la s\u00e9curit\u00e9 publique sans pour autant empi\u00e9ter sur les pr\u00e9rogatives de la S\u00fbret\u00e9 nationale ou des Forces auxiliaires.<\/span><\/p>\n<p class=\"p1\"><span class=\"s1\">C<\/span>es agents rev\u00eatus d\u2019un uniforme en noir et vert auront pour mission principale d\u2019\u00e9tablir, de constater les infractions et d\u2019\u00e9tablir des PV, v\u00e9rifier la conformit\u00e9 des activit\u00e9s. Les contrevenants auront droit \u00e0 des avertissements, des amendes voire \u00e0 l\u2019arr\u00eat de l\u2019activit\u00e9 pour les plus r\u00e9calcitrants.<\/p>\n<p class=\"p1\">En effet, selon la charte communale de 2009, le pr\u00e9sident du conseil communal exerce, de plein droit, les attributions de police administrative communale et les fonctions sp\u00e9ciales reconnues par la l\u00e9gislation et la r\u00e9glementation en vigueur aux pachas et ca\u00efds, \u00e0 l\u2019exclusion des mati\u00e8res qui sont de la comp\u00e9tence de l\u2019autorit\u00e9 administrative locale.<\/p>\n<p class=\"p1\">Ce dernier exerce les pouvoirs de police administrative, par voie d\u2019arr\u00eat\u00e9s r\u00e9glementaires et de mesures individuelles, portant autorisation, injonction ou interdiction, dans les domaines de l\u2019hygi\u00e8ne, la salubrit\u00e9 et la tranquillit\u00e9 publique et la s\u00fbret\u00e9 des passages.<\/p>\n<p class=\"p1\">En effet, d\u2019\u00e9normes diff\u00e9rences existent entre la police administrative et la police judiciaire, mais certaines confusions demeurent lorsque les m\u00eames autorit\u00e9s exercent les deux activit\u00e9s au m\u00eame moment. La premi\u00e8re a un caract\u00e8re pr\u00e9ventif avec un objet large, tandis que la deuxi\u00e8me a un caract\u00e8re r\u00e9pressif avec objet pr\u00e9cis et fait partie d\u2019une comp\u00e9tence exclusivement \u00e9tatique. La police administrative a un pouvoir g\u00e9n\u00e9ral qui vise la pr\u00e9servation de la s\u00e9curit\u00e9, la tranquillit\u00e9 et la salubrit\u00e9 publiques.<\/p>\n<p>Auteur: Mohamed Laabid<br \/>\n<a href=\"http:\/\/aujourdhui.ma\/societe\/agadir-la-police-administrative-et-communale-activee\">Cliquez ici pour lire l&rsquo;article depuis sa source.<\/a><\/p>\n","protected":false},"excerpt":{"rendered":"<p>Elle est compos\u00e9e de 12 personnes Les premiers \u00e9l\u00e9ments de la police administrative et communale ont d\u00e9marr\u00e9 leurs activit\u00e9s \u00e0 Agadir et vont sillonner d\u00e9sormais les quatre coins de la ville. Cet organe est constitu\u00e9 de brigades de contr\u00f4le dot\u00e9es de moyens humains et mat\u00e9riels n\u00e9cessaires. Le si\u00e8ge de la municipalit\u00e9 d\u2019Agadir a abrit\u00e9 mercredi [&hellip;]<\/p>\n","protected":false},"author":1759,"featured_media":0,"comment_status":"closed","ping_status":"closed","sticky":false,"template":"","format":"standard","meta":{"fifu_image_url":"","fifu_image_alt":"","footnotes":""},"categories":[73,54],"tags":[],"class_list":["post-28718","post","type-post","status-publish","format-standard","hentry","category-actualite","category-maroc"],"_links":{"self":[{"href":"https:\/\/linitiative.ca\/International\/wp-json\/wp\/v2\/posts\/28718","targetHints":{"allow":["GET"]}}],"collection":[{"href":"https:\/\/linitiative.ca\/International\/wp-json\/wp\/v2\/posts"}],"about":[{"href":"https:\/\/linitiative.ca\/International\/wp-json\/wp\/v2\/types\/post"}],"author":[{"embeddable":true,"href":"https:\/\/linitiative.ca\/International\/wp-json\/wp\/v2\/users\/1759"}],"replies":[{"embeddable":true,"href":"https:\/\/linitiative.ca\/International\/wp-json\/wp\/v2\/comments?post=28718"}],"version-history":[{"count":0,"href":"https:\/\/linitiative.ca\/International\/wp-json\/wp\/v2\/posts\/28718\/revisions"}],"wp:attachment":[{"href":"https:\/\/linitiative.ca\/International\/wp-json\/wp\/v2\/media?parent=28718"}],"wp:term":[{"taxonomy":"category","embeddable":true,"href":"https:\/\/linitiative.ca\/International\/wp-json\/wp\/v2\/categories?post=28718"},{"taxonomy":"post_tag","embeddable":true,"href":"https:\/\/linitiative.ca\/International\/wp-json\/wp\/v2\/tags?post=28718"}],"curies":[{"name":"wp","href":"https:\/\/api.w.org\/{rel}","templated":true}]}}