{"id":28720,"date":"2019-04-19T09:54:22","date_gmt":"2019-04-19T13:54:22","guid":{"rendered":"https:\/\/linitiative.ca\/International\/chefchaouen-mise-sur-son-aspect-spirituel-et-religieux\/"},"modified":"2019-04-19T09:54:22","modified_gmt":"2019-04-19T13:54:22","slug":"chefchaouen-mise-sur-son-aspect-spirituel-et-religieux","status":"publish","type":"post","link":"https:\/\/linitiative.ca\/International\/chefchaouen-mise-sur-son-aspect-spirituel-et-religieux\/","title":{"rendered":"Chefchaouen mise sur son aspect  spirituel et religieux"},"content":{"rendered":"<header>\n<\/header>\n<div class=\"entry-content clearfix\" readability=\"65\"><img decoding=\"async\" class=\"post_layout_5_img\" src=\"http:\/\/aujourdhui.ma\/wp-content\/uploads\/2016\/05\/Chefchaouen.jpg?x29840\" alt=\"Chefchaouen mise sur son aspect spirituel et religieux\"\/><\/p>\n<p class=\"p1\"><span class=\"c4\"><strong><em>La ville bleue accueille le premier Forum mondial du soufisme<\/em><\/strong><\/span><span id=\"more-309522\"\/><\/p>\n<p class=\"p1\"><span class=\"s1\">Gr\u00e2ce \u00e0 son important patrimoine mat\u00e9riel religieux, la ville bleue est devenue l\u2019h\u00f4te de moussems et de grands \u00e9v\u00e9nements d\u2019aspect spirituel, dont le premier Forum mondial du soufisme organis\u00e9 du 18 au 21 avril par le Conseil local des oul\u00e9ma. Initi\u00e9 en coordination avec les services de la province, ce premier forum constitue une occasion pour mettre en avant les multiples sites r\u00e9put\u00e9s pour leur saintet\u00e9 et leur mysticisme dans la r\u00e9gion.<\/span><\/p>\n<p class=\"p1\"><span class=\"s1\">Les organisateurs ont programm\u00e9, en plus des d\u00e9bats scientifiques et des veill\u00e9es de chants pan\u00e9gyriques, des visites \u00e0 une partie des monuments religieux dans la ville bleue ou dans les zones avoisinantes. D\u2019autant plus que surnomm\u00e9e Al Madina Saliha (Ville sainte), Chefchaouen se distingue par un nombre important des lieux religieux qui t\u00e9moignent de son pass\u00e9 glorieux. Il s\u2019agit notamment de 20 mosqu\u00e9es et oratoires, 11 zaou\u00efas<span class=\"Apple-converted-space\">\u00a0<\/span> et 17 mausol\u00e9es. La ville se distingue aussi par son arri\u00e8re-pays qui regorge de lieux de culte et de marabouts qui continuent d\u2019attirer des visiteurs venus aussi bien du Maroc que d\u2019autres pays arabes.<\/span><\/p>\n<p class=\"p1\"><span class=\"s1\">Parmi lesquels, figure le mausol\u00e9e de Moulay Abdeslam Ben Mchich qui fait partie de la liste des sites choisis pour \u00eatre visit\u00e9s par les h\u00f4tes de ce premier forum du soufisme. Situ\u00e9 \u00e0 Jbel Alam, ce modeste mausol\u00e9e- qui est construit en pierre et blanchi \u00e0 la chaux- permet aux fid\u00e8les de vivre de moments de paix et de pi\u00e9t\u00e9 et s\u2019approcher du grand ma\u00eetre du soufisme, qui a choisi de se retirer dans la montagne et loin des siens pour se consacrer \u00e0 Dieu. Les p\u00e8lerins peuvent ainsi revivre les itin\u00e9raires emprunt\u00e9s par Moulay Abdeslam Ben Mchich, qualifi\u00e9 de son vivant et apr\u00e8s sa mort de Saint des Saints, tout en b\u00e9n\u00e9ficiant d\u2019un beau paysage montagneux typique \u00e0 cette r\u00e9gion.<br \/>Il est pr\u00e9vu une autre visite \u00e0 la mosqu\u00e9e Tariq Ibn Ziyad dans le petit village Charafat (province de Chefchaouen). Elle est consid\u00e9r\u00e9e comme l\u2019un des plus anciens lieux de culte au Maroc. Car elle fut cr\u00e9\u00e9e au VIII\u00e8me si\u00e8cle par le guerrier berb\u00e8re et conqu\u00e9rant de l\u2019Espagne \u00e0 l\u2019\u00e9poque, Tariq Ibn Ziyad. Les participants de ce premier forum ont droit \u00e9galement \u00e0 des visites \u00e0 certains zaou\u00efas et mausol\u00e9es \u00e0 Chefchaouen. D\u2019autant plus que la ville abrite un nombre important de confr\u00e9ries religieuses marocaines et orientales, notamment Darkawiya, Issawiya, Kadiriya, Moulay Ali Chekkour,\u2026<\/span><\/p>\n<\/div>\n<p>Auteur: Najat Fa\u00efssal<br \/>\n<a href=\"http:\/\/aujourdhui.ma\/societe\/chefchaouen-mise-sur-son-aspect-spirituel-et-religieux\">Cliquez ici pour lire l&rsquo;article depuis sa source.<\/a><\/p>\n","protected":false},"excerpt":{"rendered":"<p>La ville bleue accueille le premier Forum mondial du soufisme Gr\u00e2ce \u00e0 son important patrimoine mat\u00e9riel religieux, la ville bleue est devenue l\u2019h\u00f4te de moussems et de grands \u00e9v\u00e9nements d\u2019aspect spirituel, dont le premier Forum mondial du soufisme organis\u00e9 du 18 au 21 avril par le Conseil local des oul\u00e9ma. Initi\u00e9 en coordination avec les [&hellip;]<\/p>\n","protected":false},"author":1759,"featured_media":0,"comment_status":"closed","ping_status":"closed","sticky":false,"template":"","format":"standard","meta":{"fifu_image_url":"","fifu_image_alt":"","footnotes":""},"categories":[73,54],"tags":[],"class_list":["post-28720","post","type-post","status-publish","format-standard","hentry","category-actualite","category-maroc"],"_links":{"self":[{"href":"https:\/\/linitiative.ca\/International\/wp-json\/wp\/v2\/posts\/28720","targetHints":{"allow":["GET"]}}],"collection":[{"href":"https:\/\/linitiative.ca\/International\/wp-json\/wp\/v2\/posts"}],"about":[{"href":"https:\/\/linitiative.ca\/International\/wp-json\/wp\/v2\/types\/post"}],"author":[{"embeddable":true,"href":"https:\/\/linitiative.ca\/International\/wp-json\/wp\/v2\/users\/1759"}],"replies":[{"embeddable":true,"href":"https:\/\/linitiative.ca\/International\/wp-json\/wp\/v2\/comments?post=28720"}],"version-history":[{"count":0,"href":"https:\/\/linitiative.ca\/International\/wp-json\/wp\/v2\/posts\/28720\/revisions"}],"wp:attachment":[{"href":"https:\/\/linitiative.ca\/International\/wp-json\/wp\/v2\/media?parent=28720"}],"wp:term":[{"taxonomy":"category","embeddable":true,"href":"https:\/\/linitiative.ca\/International\/wp-json\/wp\/v2\/categories?post=28720"},{"taxonomy":"post_tag","embeddable":true,"href":"https:\/\/linitiative.ca\/International\/wp-json\/wp\/v2\/tags?post=28720"}],"curies":[{"name":"wp","href":"https:\/\/api.w.org\/{rel}","templated":true}]}}