{"id":28737,"date":"2019-04-19T09:26:44","date_gmt":"2019-04-19T13:26:44","guid":{"rendered":"https:\/\/linitiative.ca\/International\/avis-de-convocation-a-lassemble-generale-ordinaire-amen-bank\/"},"modified":"2019-04-19T09:26:44","modified_gmt":"2019-04-19T13:26:44","slug":"avis-de-convocation-a-lassemble-generale-ordinaire-amen-bank","status":"publish","type":"post","link":"https:\/\/linitiative.ca\/International\/avis-de-convocation-a-lassemble-generale-ordinaire-amen-bank\/","title":{"rendered":"AVIS DE CONVOCATION A L\u2019ASSEMBLE GENERALE ORDINAIRE AMEN BANK"},"content":{"rendered":"<p>S.A. AU CAPITAL DE 132.405.000 DINARS<\/p>\n<p>SIEGE SOCIAL AVENUE MOHAMED V \u2013 TUNIS \u2013<\/p>\n<p>R.C. : B176041996<\/p>\n<p>M.F. 00221 M\/P\/M\/000.<\/p>\n<p>Messieurs les actionnaires d\u2019AMEN BANK sont invit\u00e9s \u00e0 assister \u00e0 la r\u00e9union de l\u2019Assembl\u00e9e G\u00e9n\u00e9rale Ordinaire qui se tiendra le Vendredi 26 Avril 2019 \u00e0 16 heures au si\u00e8ge social de la Banque sis \u00e0 Tunis, Avenue Mohamed V et ce \u00e0 l\u2019effet de d\u00e9lib\u00e9rer sur l\u2019ordre du jour suivant : 1- Lecture des rapports du Conseil de Surveillance et du Directoire sur l\u2019exercice 2018. 2- Lecture des rapports, G\u00e9n\u00e9ral et Sp\u00e9cial, des Commissaires aux Comptes relatifs \u00e0 l\u2019exercice 2018. 3- Approbation des rapports du Conseil de Surveillance et du Directoire, des conventions r\u00e9gies par les dispositions de l\u2019article 200 et suivants, de l\u2019article 475 du Code des Soci\u00e9t\u00e9s Commerciales et des articles 43 et 62 de la Loi 2016-48 et approbation des \u00e9tats financiers individuels de la banque pour l\u2019exercice 2018. 4- Quitus aux membres du Conseil de Surveillance et du Directoire. 5- Approbation des \u00e9tats financiers consolid\u00e9s pour l\u2019exercice 2018. 6- Affectation du r\u00e9sultat de l\u2019exercice 2018. 7- Emission d\u2019Emprunts Obligataires ou autres. 8- Fixation du montant des jetons de pr\u00e9sence et des r\u00e9mun\u00e9rations des comit\u00e9s pour l\u2019exercice 2019. 9- Ratification de la nomination des membres du Conseil de Surveillance. 10- Ech\u00e9ance du mandat d\u2019un commissaire aux comptes et nomination d\u2019un commissaire aux comptes. 11- Questions diverses. Conform\u00e9ment aux articles 33 et 38 des statuts d\u2019AMEN BANK l\u2019Assembl\u00e9e G\u00e9n\u00e9rale se compose de tous les Actionnaires poss\u00e9dant dix actions ou plus, toutefois les propri\u00e9taires de moins de 10 actions peuvent se r\u00e9unir pour former ce nombre et se faire repr\u00e9senter par l\u2019un d\u2019eux. Les actionnaires peuvent assister \u00e0 l\u2019Assembl\u00e9e ou se faire repr\u00e9senter par un autre actionnaire au moyen d\u2019un pouvoir \u00e0 d\u00e9poser au si\u00e8ge social de la banque ou aupr\u00e8s d\u2019une de ses agences, au moins trois jours avant la r\u00e9union. Les documents destin\u00e9s \u00e0 cette Assembl\u00e9e seront tenus \u00e0 la disposition des actionnaires au si\u00e8ge de la Banque (Direction des titres et Bourses) et ce durant le d\u00e9lai l\u00e9gal.<\/p>\n<p>LE DIRECTOIRE<\/p>\n<p><strong>P R O J E T DE R E S O L U T I ON S<\/strong><\/p>\n<p><strong>Assembl\u00e9e G\u00e9n\u00e9rale Ordinaire du 26 avril 2019<\/strong><\/p>\n<p><strong>Premi\u00e8re R\u00e9solution<\/strong><\/p>\n<p>Apr\u00e8s avoir entendu lecture des rapports du Conseil de Surveillance et du Directoire sur l\u2019exercice 2018 et lecture des rapports G\u00e9n\u00e9ral et Sp\u00e9cial des Commissaires aux Comptes relatifs \u00e0 l\u2019exercice 2018, l\u2019Assembl\u00e9e G\u00e9n\u00e9rale Ordinaire approuve les rapports du Conseil de Surveillance et du Directoire, ainsi que les \u00e9tats financiers arr\u00eat\u00e9s au 31 d\u00e9cembre 2018 tels qu\u2019ils lui ont \u00e9t\u00e9 pr\u00e9sent\u00e9s. L\u2019Assembl\u00e9e G\u00e9n\u00e9rale Ordinaire donne en cons\u00e9quence, quitus entier et d\u00e9finitif au Directoire et au Conseil de Surveillance pour la gestion de l\u2019exercice clos au 31 d\u00e9cembre 2018. Cette r\u00e9solution, mise aux voix, est adopt\u00e9e \u2026.<\/p>\n<p><strong>Deuxi\u00e8me R\u00e9solution<\/strong><\/p>\n<p>L\u2019Assembl\u00e9e G\u00e9n\u00e9rale Ordinaire, apr\u00e8s avoir entendu le rapport sp\u00e9cial des Commissaires aux Comptes, \u00e9tabli conform\u00e9ment aux dispositions de l\u2019article 200 et suivants et l\u2019article 475 du code des soci\u00e9t\u00e9s commerciales et des articles 43 et 62 de la loi 2016-48 approuve les conventions telles qu\u2019elles lui ont \u00e9t\u00e9 pr\u00e9sent\u00e9es. Cette r\u00e9solution, mise aux voix, est adopt\u00e9e \u2026.<\/p>\n<p><strong>Troisi\u00e8me R\u00e9solution<\/strong><\/p>\n<p>L\u2019Assembl\u00e9e G\u00e9n\u00e9rale Ordinaire, apr\u00e8s avoir entendu le rapport des Commissaires aux Comptes approuve les \u00e9tats financiers consolid\u00e9s du groupe Amen Bank arr\u00eat\u00e9s au 31 d\u00e9cembre 2018. Cette r\u00e9solution, mise aux voix, est adopt\u00e9e \u2026.<\/p>\n<p><strong>Quatri\u00e8me R\u00e9solution<\/strong><\/p>\n<p>L\u2019Assembl\u00e9e G\u00e9n\u00e9rale Ordinaire d\u00e9cide d\u2019affecter le b\u00e9n\u00e9fice de l\u2019exercice 2018 comme suit :<\/p>\n<p><img decoding=\"async\" src=\"http:\/\/lexpertjournal.net\/fr\/wp-content\/uploads\/sites\/2\/2019\/04\/Capturejjkj.png\" alt=\"\" class=\"wp-image-6581\" srcset=\"http:\/\/lexpertjournal.net\/fr\/wp-content\/uploads\/sites\/2\/2019\/04\/Capturejjkj.png 531w, http:\/\/lexpertjournal.net\/fr\/wp-content\/uploads\/sites\/2\/2019\/04\/Capturejjkj-300x152.png 300w\" sizes=\"(max-width: 531px) 100vw, 531px\"\/><\/p>\n<p>L\u2019Assembl\u00e9e G\u00e9n\u00e9rale Ordinaire d\u00e9cide de fixer la date du paiement des dividendes pour le \u2026\u2026. Cette r\u00e9solution, mise aux voix, est adopt\u00e9e \u2026.<\/p>\n<p><strong>Cinqui\u00e8me R\u00e9solution<\/strong><\/p>\n<p>L\u2019Assembl\u00e9e G\u00e9n\u00e9rale Ordinaire autorise l\u2019\u00e9mission d\u2019emprunts sous forme obligataire ou autres pour un montant ne d\u00e9passant pas les 300 millions de dinars. Elle d\u00e9l\u00e8gue au Directoire les pouvoirs n\u00e9cessaires pour fixer les montants successifs, les modalit\u00e9s pratiques et les conditions des \u00e9missions pr\u00e9cit\u00e9es. Cette autorisation est valable jusqu\u2019\u00e0 la date de tenue de l\u2019Assembl\u00e9e G\u00e9n\u00e9rale Ordinaire statuant sur l\u2019exercice 2019. Cette r\u00e9solution, mise aux voix, est adopt\u00e9e \u2026.<\/p>\n<p><strong>Sixi\u00e8me R\u00e9solution<\/strong><\/p>\n<p>L\u2019Assembl\u00e9e G\u00e9n\u00e9rale Ordinaire fixe le montant des jetons de pr\u00e9sence au titre de l\u2019ann\u00e9e 2019, \u00e0 deux cent vingt mille dinars (220.000 dinars). Cette r\u00e9solution, mise aux voix, est adopt\u00e9e \u2026.<\/p>\n<p><strong>Septi\u00e8me R\u00e9solution<\/strong><\/p>\n<p>L\u2019Assembl\u00e9e G\u00e9n\u00e9rale Ordinaire fixe la r\u00e9mun\u00e9ration en jetons de pr\u00e9sence des membres des diff\u00e9rents comit\u00e9s au titre de l\u2019ann\u00e9e 2019, \u00e0 un montant global de cent mille dinars (100.000 dinars). Cette r\u00e9solution, mise aux voix, est adopt\u00e9e \u2026.<\/p>\n<p><strong>Huiti\u00e8me R\u00e9solution<\/strong><\/p>\n<p>Conform\u00e9ment aux dispositions de l\u2019article 243 du Code des Soci\u00e9t\u00e9s Commerciales et de l\u2019article 20 des statuts, l\u2019Assembl\u00e9e G\u00e9n\u00e9rale Ordinaire ratifie la nomination de Madame Salma Babbou en tant que membre du Conseil de Surveillance de la banque, et de Monsieur Rachid Tmar en tant que membre ind\u00e9pendant du Conseil de Surveillance de la banque pour un mandat expirant \u00e0 la date de l\u2019Assembl\u00e9e G\u00e9n\u00e9rale Ordinaire qui aura \u00e0 statuer sur l\u2019exercice 2020. Cette r\u00e9solution, mise aux voix, est adopt\u00e9e\u2026<\/p>\n<p><strong>Neuvi\u00e8me R\u00e9solution<\/strong><\/p>\n<p>Le mandat des commissaires aux Comptes, le cabinet FMBZ \u2013 KPMG Tunisie, repr\u00e9sent\u00e9 par Monsieur Moncef Boussannouga-Zammouri venant \u00e0 expiration, l\u2019Assembl\u00e9e G\u00e9n\u00e9rale Ordinaire d\u00e9cide de renouveler son mandat pour une dur\u00e9e de trois ann\u00e9es aux m\u00eames conditions. Ce mandat prendra fin lors de l\u2019Assembl\u00e9e G\u00e9n\u00e9rale statuant sur l\u2019exercice 2021. Cette r\u00e9solution, mise aux voix, est adopt\u00e9e \u2026<\/p>\n<p><strong>Dixi\u00e8me R\u00e9solution<\/strong><\/p>\n<p>L\u2019Assembl\u00e9e G\u00e9n\u00e9rale Ordinaire prend acte des fonctions de responsabilit\u00e9 occup\u00e9es par le Pr\u00e9sident et les membres du Conseil de Surveillance, ainsi que le Pr\u00e9sident et les membres du Directoire, dans d\u2019autres soci\u00e9t\u00e9s en tant que g\u00e9rant, Administrateur, Pr\u00e9sident Directeur G\u00e9n\u00e9ral, Directeur G\u00e9n\u00e9ral, membre de Directoire ou de conseil de Surveillance et ce, en application des dispositions des articles 233 et 241 nouveaux du code des soci\u00e9t\u00e9s commerciales. Cette r\u00e9solution, mise aux voix, est adopt\u00e9e \u2026.<\/p>\n<p><strong>Onzi\u00e8me R\u00e9solution<\/strong><\/p>\n<p>L\u2019Assembl\u00e9e g\u00e9n\u00e9rale Ordinaire conf\u00e8re au Pr\u00e9sident du Directoire ou \u00e0 toute personne que celui-ci d\u00e9signera, tous pouvoirs pour effectuer tous d\u00e9p\u00f4ts et remplir toutes formalit\u00e9s de publications l\u00e9gales ou autres. Cette r\u00e9solution, mise aux voix, est adopt\u00e9e \u2026.<\/p>\n<p class=\"dpsp-share-text\">Partager c&rsquo;est aimer!<\/p>\n<div class=\"wp-post-author-wrap wp-post-author-shortcode left\">\n<h3 class=\"awpa-title\"\/>\n<div class=\"wp-post-author\">\n<div class=\"awpa-img awpa-author-block square\"><a href=\"http:\/\/lexpertjournal.net\/fr\/author\/expert\/\"><img loading=\"lazy\" decoding=\"async\" alt=\"\" src=\"http:\/\/2.gravatar.com\/avatar\/56d99be2a6f97af88ccb49fada637fcd?s=150&#038;d=mm&#038;r=g\" srcset=\"http:\/\/2.gravatar.com\/avatar\/56d99be2a6f97af88ccb49fada637fcd?s=300&#038;d=mm&#038;r=g 2x\" class=\"avatar avatar-150 photo\" height=\"150\" width=\"150\"\/><\/a><\/div>\n<\/div>\n<\/div>\n<p>Auteur: L&rsquo;expert<br \/>\n<a href=\"http:\/\/lexpertjournal.net\/fr\/2019\/04\/19\/avis-de-convocation-a-lassemble-generale-ordinaire-amen-bank\/\">Cliquez ici pour lire l&rsquo;article depuis sa source.<\/a><\/p>\n","protected":false},"excerpt":{"rendered":"<p>S.A. AU CAPITAL DE 132.405.000 DINARS SIEGE SOCIAL AVENUE MOHAMED V \u2013 TUNIS \u2013 R.C. : B176041996 M.F. 00221 M\/P\/M\/000. Messieurs les actionnaires d\u2019AMEN BANK sont invit\u00e9s \u00e0 assister \u00e0 la r\u00e9union de l\u2019Assembl\u00e9e G\u00e9n\u00e9rale Ordinaire qui se tiendra le Vendredi 26 Avril 2019 \u00e0 16 heures au si\u00e8ge social de la Banque sis \u00e0 [&hellip;]<\/p>\n","protected":false},"author":1775,"featured_media":28738,"comment_status":"closed","ping_status":"closed","sticky":false,"template":"","format":"standard","meta":{"fifu_image_url":"","fifu_image_alt":"","footnotes":""},"categories":[78,55],"tags":[],"class_list":["post-28737","post","type-post","status-publish","format-standard","has-post-thumbnail","hentry","category-economie","category-tunisie"],"_links":{"self":[{"href":"https:\/\/linitiative.ca\/International\/wp-json\/wp\/v2\/posts\/28737","targetHints":{"allow":["GET"]}}],"collection":[{"href":"https:\/\/linitiative.ca\/International\/wp-json\/wp\/v2\/posts"}],"about":[{"href":"https:\/\/linitiative.ca\/International\/wp-json\/wp\/v2\/types\/post"}],"author":[{"embeddable":true,"href":"https:\/\/linitiative.ca\/International\/wp-json\/wp\/v2\/users\/1775"}],"replies":[{"embeddable":true,"href":"https:\/\/linitiative.ca\/International\/wp-json\/wp\/v2\/comments?post=28737"}],"version-history":[{"count":0,"href":"https:\/\/linitiative.ca\/International\/wp-json\/wp\/v2\/posts\/28737\/revisions"}],"wp:featuredmedia":[{"embeddable":true,"href":"https:\/\/linitiative.ca\/International\/wp-json\/"}],"wp:attachment":[{"href":"https:\/\/linitiative.ca\/International\/wp-json\/wp\/v2\/media?parent=28737"}],"wp:term":[{"taxonomy":"category","embeddable":true,"href":"https:\/\/linitiative.ca\/International\/wp-json\/wp\/v2\/categories?post=28737"},{"taxonomy":"post_tag","embeddable":true,"href":"https:\/\/linitiative.ca\/International\/wp-json\/wp\/v2\/tags?post=28737"}],"curies":[{"name":"wp","href":"https:\/\/api.w.org\/{rel}","templated":true}]}}