{"id":28749,"date":"2019-04-19T08:31:00","date_gmt":"2019-04-19T12:31:00","guid":{"rendered":"https:\/\/linitiative.ca\/International\/le-debut-des-manifestations-en-photos-et-videos\/"},"modified":"2019-04-19T08:31:00","modified_gmt":"2019-04-19T12:31:00","slug":"le-debut-des-manifestations-en-photos-et-videos","status":"publish","type":"post","link":"https:\/\/linitiative.ca\/International\/le-debut-des-manifestations-en-photos-et-videos\/","title":{"rendered":"Le d\u00e9but des manifestations en photos et vid\u00e9os"},"content":{"rendered":"<div id=\"originalText\" readability=\"54\">\n<p>Les manifestants occupent, depuis ce matin,\u00a0par milliers\u00a0le centre d&rsquo;Alger, notamment\u00a0la place Audin et la Grande Poste, pour r\u00e9clamer le d\u00e9part de tout le\u00a0syst\u00e8me.<\/p>\n<p>Pour ce neuvi\u00e8me vendredi de marche, le d\u00e9ploiement des forces de l&rsquo;ordre est moins important que les vendredis pass\u00e9s. Le cordon s\u00e9curitaire, ordinairement d\u00e9ploy\u00e9 au niveau du Boulevard Mohamed V, a \u00e9t\u00e9 lev\u00e9.\u00a0<\/p>\n<p>Les fourgons et les blind\u00e9s de la police ne sont pas visibles, pour l&rsquo;instant, \u00e0 la Grande Poste, aussi.<\/p>\n<p>Cependant, un dispositif s\u00e9curitaire a \u00e9t\u00e9 plac\u00e9 \u00e0 l&rsquo;entr\u00e9e du\u00a0tunnel des facult\u00e9s pour emp\u00eacher les manifestants d&rsquo;y acc\u00e9der. Reportage photo et vid\u00e9o.<\/p>\n<p><img decoding=\"async\" alt=\"\" src=\"\/data\/upload\/57486281_10219122979493645_7635394203706458112_n.jpg\"\/><\/p>\n<p><img decoding=\"async\" alt=\"\" src=\"\/data\/upload\/57289449_330845477623781_4949986865617829888_n.jpg\" class=\"c10\"\/><img decoding=\"async\" alt=\"\" src=\"\/data\/upload\/58430359_2315410248497742_7552797150766170112_n.jpg\" class=\"c10\"\/><\/p>\n<p><img decoding=\"async\" alt=\"\" src=\"\/data\/upload\/57253447_569600296893896_3095712740765859840_n.jpg\" class=\"c10\"\/><\/p>\n<p><img decoding=\"async\" alt=\"\" src=\"\/data\/upload\/58419185_629050350922169_213850360152850432_n.jpg\" class=\"c11\"\/><img decoding=\"async\" alt=\"\" src=\"\/data\/upload\/57311469_989869284736499_4621490891893243904_n.jpg\" class=\"c11\"\/><\/p>\n<p><img decoding=\"async\" alt=\"\" src=\"\/data\/upload\/57422039_390861605094511_5536883473622499328_n.jpg\" class=\"c11\"\/><\/p>\n<p><img decoding=\"async\" alt=\"\" src=\"\/data\/upload\/57882555_2263526140431863_6399856628044136448_n.jpg\" class=\"c10\"\/><\/p>\n<p><img decoding=\"async\" alt=\"\" src=\"\/data\/upload\/58430260_383749492473664_3964440545773748224_n.jpg\" class=\"c10\"\/><img decoding=\"async\" alt=\"\" src=\"\/data\/upload\/57583171_1181621835349187_1797192081047814144_n.jpg\"\/><\/p>\n<p><img decoding=\"async\" alt=\"\" src=\"\/data\/upload\/57253451_333933707313171_5180603807431655424_n.jpg\"\/><\/p>\n<p><img decoding=\"async\" alt=\"\" src=\"\/data\/upload\/57576992_2013090108995770_7702679590862323712_n.jpg\"\/><\/p>\n<\/div>\n<div id=\"text_core\" readability=\"54\">\n<p>Les manifestants occupent, depuis ce matin,\u00a0par milliers\u00a0le centre d&rsquo;Alger, notamment\u00a0la place Audin et la Grande Poste, pour r\u00e9clamer le d\u00e9part de tout le\u00a0syst\u00e8me.<\/p>\n<p>Pour ce neuvi\u00e8me vendredi de marche, le d\u00e9ploiement des forces de l&rsquo;ordre est moins important que les vendredis pass\u00e9s. Le cordon s\u00e9curitaire, ordinairement d\u00e9ploy\u00e9 au niveau du Boulevard Mohamed V, a \u00e9t\u00e9 lev\u00e9.\u00a0<\/p>\n<p>Les fourgons et les blind\u00e9s de la police ne sont pas visibles, pour l&rsquo;instant, \u00e0 la Grande Poste, aussi.<\/p>\n<p>Cependant, un dispositif s\u00e9curitaire a \u00e9t\u00e9 plac\u00e9 \u00e0 l&rsquo;entr\u00e9e du\u00a0tunnel des facult\u00e9s pour emp\u00eacher les manifestants d&rsquo;y acc\u00e9der. Reportage photo et vid\u00e9o.<\/p>\n<p><img decoding=\"async\" alt=\"\" src=\"\/data\/upload\/57486281_10219122979493645_7635394203706458112_n.jpg\"\/><\/p>\n<p><img decoding=\"async\" alt=\"\" src=\"\/data\/upload\/57289449_330845477623781_4949986865617829888_n.jpg\" class=\"c10\"\/><img decoding=\"async\" alt=\"\" src=\"\/data\/upload\/58430359_2315410248497742_7552797150766170112_n.jpg\" class=\"c10\"\/><\/p>\n<p><img decoding=\"async\" alt=\"\" src=\"\/data\/upload\/57253447_569600296893896_3095712740765859840_n.jpg\" class=\"c10\"\/><\/p>\n<p><img decoding=\"async\" alt=\"\" src=\"\/data\/upload\/58419185_629050350922169_213850360152850432_n.jpg\" class=\"c11\"\/><img decoding=\"async\" alt=\"\" src=\"\/data\/upload\/57311469_989869284736499_4621490891893243904_n.jpg\" class=\"c11\"\/><\/p>\n<p><img decoding=\"async\" alt=\"\" src=\"\/data\/upload\/57422039_390861605094511_5536883473622499328_n.jpg\" class=\"c11\"\/><\/p>\n<p><img decoding=\"async\" alt=\"\" src=\"\/data\/upload\/57882555_2263526140431863_6399856628044136448_n.jpg\" class=\"c10\"\/><\/p>\n<p><img decoding=\"async\" alt=\"\" src=\"\/data\/upload\/58430260_383749492473664_3964440545773748224_n.jpg\" class=\"c10\"\/><img decoding=\"async\" alt=\"\" src=\"\/data\/upload\/57583171_1181621835349187_1797192081047814144_n.jpg\"\/><\/p>\n<p><img decoding=\"async\" alt=\"\" src=\"\/data\/upload\/57253451_333933707313171_5180603807431655424_n.jpg\"\/><\/p>\n<p><img decoding=\"async\" alt=\"\" src=\"\/data\/upload\/57576992_2013090108995770_7702679590862323712_n.jpg\"\/><\/p>\n<\/div>\n<p>Auteur:<br \/>\n<a href=\"https:\/\/www.liberte-algerie.com\/actualite\/le-debut-des-manifestations-en-photos-et-videos-314160\">Cliquez ici pour lire l&rsquo;article depuis sa source.<\/a><\/p>\n","protected":false},"excerpt":{"rendered":"<p>Les manifestants occupent, depuis ce matin,\u00a0par milliers\u00a0le centre d&rsquo;Alger, notamment\u00a0la place Audin et la Grande Poste, pour r\u00e9clamer le d\u00e9part de tout le\u00a0syst\u00e8me. Pour ce neuvi\u00e8me vendredi de marche, le d\u00e9ploiement des forces de l&rsquo;ordre est moins important que les vendredis pass\u00e9s. Le cordon s\u00e9curitaire, ordinairement d\u00e9ploy\u00e9 au niveau du Boulevard Mohamed V, a \u00e9t\u00e9 [&hellip;]<\/p>\n","protected":false},"author":1742,"featured_media":28750,"comment_status":"closed","ping_status":"closed","sticky":false,"template":"","format":"standard","meta":{"fifu_image_url":"","fifu_image_alt":"","footnotes":""},"categories":[73,53],"tags":[],"class_list":["post-28749","post","type-post","status-publish","format-standard","has-post-thumbnail","hentry","category-actualite","category-algerie"],"_links":{"self":[{"href":"https:\/\/linitiative.ca\/International\/wp-json\/wp\/v2\/posts\/28749","targetHints":{"allow":["GET"]}}],"collection":[{"href":"https:\/\/linitiative.ca\/International\/wp-json\/wp\/v2\/posts"}],"about":[{"href":"https:\/\/linitiative.ca\/International\/wp-json\/wp\/v2\/types\/post"}],"author":[{"embeddable":true,"href":"https:\/\/linitiative.ca\/International\/wp-json\/wp\/v2\/users\/1742"}],"replies":[{"embeddable":true,"href":"https:\/\/linitiative.ca\/International\/wp-json\/wp\/v2\/comments?post=28749"}],"version-history":[{"count":0,"href":"https:\/\/linitiative.ca\/International\/wp-json\/wp\/v2\/posts\/28749\/revisions"}],"wp:featuredmedia":[{"embeddable":true,"href":"https:\/\/linitiative.ca\/International\/wp-json\/"}],"wp:attachment":[{"href":"https:\/\/linitiative.ca\/International\/wp-json\/wp\/v2\/media?parent=28749"}],"wp:term":[{"taxonomy":"category","embeddable":true,"href":"https:\/\/linitiative.ca\/International\/wp-json\/wp\/v2\/categories?post=28749"},{"taxonomy":"post_tag","embeddable":true,"href":"https:\/\/linitiative.ca\/International\/wp-json\/wp\/v2\/tags?post=28749"}],"curies":[{"name":"wp","href":"https:\/\/api.w.org\/{rel}","templated":true}]}}