{"id":28754,"date":"2019-04-19T12:35:18","date_gmt":"2019-04-19T16:35:18","guid":{"rendered":"https:\/\/linitiative.ca\/International\/coup-denvoi-a-safi-de-la-2e-edition-du-festival-du-patrimoine\/"},"modified":"2019-04-19T12:35:18","modified_gmt":"2019-04-19T16:35:18","slug":"coup-denvoi-a-safi-de-la-2e-edition-du-festival-du-patrimoine","status":"publish","type":"post","link":"https:\/\/linitiative.ca\/International\/coup-denvoi-a-safi-de-la-2e-edition-du-festival-du-patrimoine\/","title":{"rendered":"Coup d\u2019envoi \u00e0 Safi de la 2\u00e8 \u00e9dition du festival du patrimoine"},"content":{"rendered":"<div readability=\"41\">\n<p>Safi- Le coup d\u2019envoi de la deuxi\u00e8me \u00e9dition du festival du patrimoine a \u00e9t\u00e9 donn\u00e9, jeudi \u00e0 Safi, avec l\u2019inauguration d\u2019une exposition de documents et de manuscrits ayant trait au Saint Coran et \u00e0 la Sunna du proph\u00e8te, et d\u2019autres concernant, entre autres, le fiqh, le soufisme et la po\u00e9sie.<\/p>\n<\/div>\n<div readability=\"78\">\n<p>L\u2019exposition comprend \u00e9galement des pi\u00e8ces m\u00e9talliques qui donnent un aper\u00e7u sur l\u2019histoire mill\u00e9naire du Maroc, l\u2019\u00e9volution de l\u2019usage des monnaies de papier dans le Royaume, ainsi qu\u2019une collection de timbres postaux datant de la p\u00e9riode de pr\u00e9-protectorat et de l\u2019\u00e9poque coloniale et refl\u00e9tant le d\u00e9veloppement de la poste au Maroc \u00e0 l\u2019\u00e8re de l\u2019ind\u00e9pendance.<\/p>\n<p>Un pavillon sp\u00e9cial a \u00e9t\u00e9 r\u00e9serv\u00e9, dans le cadre de cette exposition, \u00e0 l\u2019habit vestimentaire traditionnel, ainsi qu\u2019aux pi\u00e8ces d\u2019armes traditionnelles, aux astrolabes, \u00e0 des tableaux de la calligraphie marocaine et \u00e0 des miniatures orientales.<\/p>\n<p>Dans une d\u00e9claration \u00e0 la MAP, le directeur provincial du minist\u00e8re de la Culture, Khalid Fqihi, a indiqu\u00e9 que cet \u00e9v\u00e9nement, initi\u00e9 sous le th\u00e8me \u00ab\u00a0A la m\u00e9moire du pass\u00e9 et en prospection de l\u2019avenir\u00a0\u00bb, s\u2019inscrit dans le cadre de la c\u00e9l\u00e9bration du mois du patrimoine (du 18 avril qui co\u00efncide avec la Journ\u00e9e internationale des monuments et des sites jusqu\u2019au 18 mai, qui c\u00e9l\u00e8bre la journ\u00e9e internationale des mus\u00e9es).<\/p>\n<p>Cette manifestation se veut un \u00e9v\u00e9nement culturel distingu\u00e9 qui met en valeur la richesse et la diversit\u00e9 du patrimoine culturel, mat\u00e9riel et immat\u00e9riel, du Royaume, qui doit \u00eatre mis en relief, sauvegard\u00e9 et pr\u00e9serv\u00e9, car il constitue la source de l\u2019identit\u00e9 marocaine et de la civilisation mill\u00e9naire du Royaume.<\/p>\n<p>Le programme de cet \u00e9v\u00e9nement culturel, organis\u00e9 par le club marocain de philat\u00e9lique et numismatique de Safi, comprend une panoplie d\u2019activit\u00e9s culturelles, intellectuelles et artistiques, dont des conf\u00e9rences et tables rondes sur le patrimoine de Safi au service du tourisme, ainsi que l\u2019organisation d\u2019une c\u00e9r\u00e9monie en hommage au chercheur et artiste Lakhdar Ghilane, l\u2019une des figures de la recherche sur l\u2019histoire de la poste au Maroc.<\/p>\n<\/div>\n<p>Auteur: Mohammed KOURSI<br \/>\n<a href=\"http:\/\/www.mapmarrakech.ma\/fr\/coup-denvoi-a-safi-de-la-2e-edition-du-festival-du-patrimoine\/\">Cliquez ici pour lire l&rsquo;article depuis sa source.<\/a><\/p>\n","protected":false},"excerpt":{"rendered":"<p>Safi- Le coup d\u2019envoi de la deuxi\u00e8me \u00e9dition du festival du patrimoine a \u00e9t\u00e9 donn\u00e9, jeudi \u00e0 Safi, avec l\u2019inauguration d\u2019une exposition de documents et de manuscrits ayant trait au Saint Coran et \u00e0 la Sunna du proph\u00e8te, et d\u2019autres concernant, entre autres, le fiqh, le soufisme et la po\u00e9sie. L\u2019exposition comprend \u00e9galement des pi\u00e8ces [&hellip;]<\/p>\n","protected":false},"author":1788,"featured_media":0,"comment_status":"closed","ping_status":"closed","sticky":false,"template":"","format":"standard","meta":{"fifu_image_url":"","fifu_image_alt":"","footnotes":""},"categories":[54,76],"tags":[],"class_list":["post-28754","post","type-post","status-publish","format-standard","hentry","category-maroc","category-regions"],"_links":{"self":[{"href":"https:\/\/linitiative.ca\/International\/wp-json\/wp\/v2\/posts\/28754","targetHints":{"allow":["GET"]}}],"collection":[{"href":"https:\/\/linitiative.ca\/International\/wp-json\/wp\/v2\/posts"}],"about":[{"href":"https:\/\/linitiative.ca\/International\/wp-json\/wp\/v2\/types\/post"}],"author":[{"embeddable":true,"href":"https:\/\/linitiative.ca\/International\/wp-json\/wp\/v2\/users\/1788"}],"replies":[{"embeddable":true,"href":"https:\/\/linitiative.ca\/International\/wp-json\/wp\/v2\/comments?post=28754"}],"version-history":[{"count":0,"href":"https:\/\/linitiative.ca\/International\/wp-json\/wp\/v2\/posts\/28754\/revisions"}],"wp:attachment":[{"href":"https:\/\/linitiative.ca\/International\/wp-json\/wp\/v2\/media?parent=28754"}],"wp:term":[{"taxonomy":"category","embeddable":true,"href":"https:\/\/linitiative.ca\/International\/wp-json\/wp\/v2\/categories?post=28754"},{"taxonomy":"post_tag","embeddable":true,"href":"https:\/\/linitiative.ca\/International\/wp-json\/wp\/v2\/tags?post=28754"}],"curies":[{"name":"wp","href":"https:\/\/api.w.org\/{rel}","templated":true}]}}