{"id":28758,"date":"2019-04-19T13:49:48","date_gmt":"2019-04-19T17:49:48","guid":{"rendered":"https:\/\/linitiative.ca\/International\/coup-denvoi-a-safi-de-la-7eme-edition-du-festival-gnaoua-samba\/"},"modified":"2019-04-19T13:49:48","modified_gmt":"2019-04-19T17:49:48","slug":"coup-denvoi-a-safi-de-la-7eme-edition-du-festival-gnaoua-samba","status":"publish","type":"post","link":"https:\/\/linitiative.ca\/International\/coup-denvoi-a-safi-de-la-7eme-edition-du-festival-gnaoua-samba\/","title":{"rendered":"Coup d\u2019envoi \u00e0 Safi de la 7\u00e8me \u00e9dition du festival Gnaoua-Samba"},"content":{"rendered":"<div readability=\"36\">\n<p>Safi- Le coup d\u2019envoi de la 7\u00e8me \u00e9dition du festival Gnaoua-Samba a \u00e9t\u00e9 donn\u00e9, jeudi soir \u00e0 Safi, un \u00e9v\u00e9nement organis\u00e9 \u00e0 l\u2019initiative de l\u2019association Bambra pour le patrimoine gnaoui et l\u2019\u00e9change interculturel.<\/p>\n<\/div>\n<div readability=\"76\">\n<p>La c\u00e9r\u00e9monie d\u2019ouverture de cette manifestation de trois jours a \u00e9t\u00e9 marqu\u00e9e par l\u2019organisation d\u2019un d\u00e9fil\u00e9 des troupes musicales participantes qui ont sillonn\u00e9 les principales art\u00e8res de la ville \u00e0 partir de la place Moulay Youssef en direction de la place Mohammed V.<\/p>\n<p>La soir\u00e9e d\u2019ouverture a \u00e9t\u00e9 ponctu\u00e9e par un vibrant hommage rendu \u00e0 l\u2019une des figures de l\u2019art gnaoui, le m\u00e2alem Abdeslam Allikan, pr\u00e9sident de l\u2019association Yerma Gnaoua et directeur artistique du festival Gnaoua-Musiques du monde d\u2019Essaouira, ainsi que par l\u2019organisation d\u2019un concours r\u00e9serv\u00e9 aux troupes compos\u00e9es de jeunes passionn\u00e9s et int\u00e9ress\u00e9s par cet art traditionnel authentique, \u00e2g\u00e9s de moins de 30 ans, en vue d\u2019encourager les talents dans ce domaine.<\/p>\n<p>Dans une d\u00e9claration \u00e0 la MAP, le directeur du festival Gnaoua-Samba, Bilal Loqmari, a indiqu\u00e9 que cette manifestation vise \u00e0 faire conna\u00eetre ce patrimoine culturel et artistique de la ville qui a vu l\u2019\u00e9mergence d\u2019un grand nombre d\u2019artistes pionniers dans ce domaine, ajoutant qu\u2019un spectacle sera pr\u00e9sent\u00e9 \u00e0 Dar Taqafa Kaouki par le ma\u00e2alem Abdelkebir Niyam et Youssef Lakhdar, en vue de mettre en avant les us et coutumes marquant la soir\u00e9e de \u00ab\u00a0Derdba\u00a0\u00bb dans la ville.<\/p>\n<p>Il a pr\u00e9cis\u00e9 que l\u2019hommage rendu \u00e0 Abdeslam Allikan, l\u2019une des figures de l\u2019art gnaoui, se veut une reconnaissance des services louables rendus et des efforts consentis par cet artiste pour la mise en exergue de cet art authentique, rappelant que Allikan fait partie des ambassadeurs de cet art ancestral \u00e0 travers le monde, de m\u00eame qu\u2019il a particip\u00e9 \u00e0 plusieurs spectacles et soir\u00e9es aux c\u00f4t\u00e9s d\u2019un parterre d\u2019artistes et de musiciens de renom en jazz et d\u2019autres musiques du monde.<\/p>\n<p>Le programme de ce festival, organis\u00e9 en partenariat notamment avec la Direction provinciale du minist\u00e8re de la Culture \u00e0 Safi, la pr\u00e9fecture de la province et le Groupe OCP, comprend la pr\u00e9sentation d\u2019une s\u00e9rie de spectacles de l\u2019art gnaoui \u00e0 la Cit\u00e9 de la culture et des arts, \u00e0 Dar Al-Baroud, \u00e0 Dar Taqafa-Kaouki et \u00e0 l\u2019Alliance fran\u00e7aise de Safi, qui seront anim\u00e9s par la troupe \u00ab\u00a0Rihab Gnaoua\u00a0\u00bb sous la direction du m\u00e2alem Noureddine Meddoula, le m\u00e2alem Benthami de Casablanca et par la troupe du m\u00e2alem Hajoub Gnaoui, dirig\u00e9e par Khalid Gnaoui.<\/p>\n<\/div>\n<p>Auteur: Mohammed KOURSI<br \/>\n<a href=\"http:\/\/www.mapmarrakech.ma\/fr\/coup-denvoi-a-safi-de-la-7eme-edition-du-festival-gnaoua-samba\/\">Cliquez ici pour lire l&rsquo;article depuis sa source.<\/a><\/p>\n","protected":false},"excerpt":{"rendered":"<p>Safi- Le coup d\u2019envoi de la 7\u00e8me \u00e9dition du festival Gnaoua-Samba a \u00e9t\u00e9 donn\u00e9, jeudi soir \u00e0 Safi, un \u00e9v\u00e9nement organis\u00e9 \u00e0 l\u2019initiative de l\u2019association Bambra pour le patrimoine gnaoui et l\u2019\u00e9change interculturel. La c\u00e9r\u00e9monie d\u2019ouverture de cette manifestation de trois jours a \u00e9t\u00e9 marqu\u00e9e par l\u2019organisation d\u2019un d\u00e9fil\u00e9 des troupes musicales participantes qui ont [&hellip;]<\/p>\n","protected":false},"author":1788,"featured_media":0,"comment_status":"closed","ping_status":"closed","sticky":false,"template":"","format":"standard","meta":{"fifu_image_url":"","fifu_image_alt":"","footnotes":""},"categories":[54,76],"tags":[],"class_list":["post-28758","post","type-post","status-publish","format-standard","hentry","category-maroc","category-regions"],"_links":{"self":[{"href":"https:\/\/linitiative.ca\/International\/wp-json\/wp\/v2\/posts\/28758","targetHints":{"allow":["GET"]}}],"collection":[{"href":"https:\/\/linitiative.ca\/International\/wp-json\/wp\/v2\/posts"}],"about":[{"href":"https:\/\/linitiative.ca\/International\/wp-json\/wp\/v2\/types\/post"}],"author":[{"embeddable":true,"href":"https:\/\/linitiative.ca\/International\/wp-json\/wp\/v2\/users\/1788"}],"replies":[{"embeddable":true,"href":"https:\/\/linitiative.ca\/International\/wp-json\/wp\/v2\/comments?post=28758"}],"version-history":[{"count":0,"href":"https:\/\/linitiative.ca\/International\/wp-json\/wp\/v2\/posts\/28758\/revisions"}],"wp:attachment":[{"href":"https:\/\/linitiative.ca\/International\/wp-json\/wp\/v2\/media?parent=28758"}],"wp:term":[{"taxonomy":"category","embeddable":true,"href":"https:\/\/linitiative.ca\/International\/wp-json\/wp\/v2\/categories?post=28758"},{"taxonomy":"post_tag","embeddable":true,"href":"https:\/\/linitiative.ca\/International\/wp-json\/wp\/v2\/tags?post=28758"}],"curies":[{"name":"wp","href":"https:\/\/api.w.org\/{rel}","templated":true}]}}