{"id":28769,"date":"2019-04-19T07:15:00","date_gmt":"2019-04-19T11:15:00","guid":{"rendered":"https:\/\/linitiative.ca\/International\/cuba-nouvelles-mesures-de-washington\/"},"modified":"2019-04-19T07:15:00","modified_gmt":"2019-04-19T11:15:00","slug":"cuba-nouvelles-mesures-de-washington","status":"publish","type":"post","link":"https:\/\/linitiative.ca\/International\/cuba-nouvelles-mesures-de-washington\/","title":{"rendered":"Cuba: Nouvelles mesures de Washington"},"content":{"rendered":"<div readability=\"34\">\n<p>Elles entreront en vigueur le 2 mai prochain<\/p>\n<p>L\u2019UE menace de repr\u00e9sailles<\/p>\n<\/div>\n<div readability=\"82\">\n<p class=\"rtejustify\">Le secr\u00e9taire d\u2019Etat am\u00e9ricain Mike Pompeo a annonc\u00e9 que Washington ouvrirait \u00e0 partir du 2 mai la voie \u00e0 des milliers d\u2019actions en justice contre des entreprises \u00e9trang\u00e8res pr\u00e9sentes \u00e0 Cuba.<\/p>\n<p class=\"rtejustify\">Les Etats-Unis cherchent \u00e0 maintenir la pression sur Cuba, dont ils accusent les autorit\u00e9s de soutenir le r\u00e9gime socialiste de Nicolas Maduro au Venezuela. Des milliers de proc\u00e8s aux Etats-Unis, des investisseurs qui fuient Cuba, une riposte devant l\u2019OMC\u2026 ce sont des effets possibles de la d\u00e9cision du gouvernement am\u00e9ricain.<\/p>\n<p class=\"rtejustify\">\u00abWashington n\u2019offrira aucune d\u00e9rogation aux entreprises \u00e9trang\u00e8res\u00bb, a pr\u00e9cis\u00e9 pour sa part la secr\u00e9taire d\u2019Etat am\u00e9ricaine adjointe charg\u00e9e des Am\u00e9riques, Kimberly Breier. Elle a toutefois pris soin de souligner que \u00abla majorit\u00e9 des entreprises europ\u00e9ennes ne ser(aie)nt pas inqui\u00e9t\u00e9es\u00bb.<\/p>\n<p class=\"rtejustify\">Car elles \u00abne traitent pas avec des b\u00e2timents ou biens nationalis\u00e9s apr\u00e8s la r\u00e9volution de 1959 dans l\u2019\u00eele des Cara\u00efbes\u00bb. C\u2019est en effet tout l\u2019objet du chapitre III de la loi Helms-Burton, qui date de 1996. Elle permet th\u00e9oriquement, notamment aux exil\u00e9s cubains, de poursuivre devant les tribunaux f\u00e9d\u00e9raux am\u00e9ricains les entreprises qui ont r\u00e9alis\u00e9 des gains gr\u00e2ce \u00e0 des soci\u00e9t\u00e9s nationalis\u00e9es apr\u00e8s 1959. Cette disposition avait \u00e9t\u00e9 syst\u00e9matiquement suspendue depuis son adoption par les pr\u00e9sidents am\u00e9ricains, depuis Bill Clinton, pour justement ne pas froisser les alli\u00e9s internationaux des Etats-Unis.<\/p>\n<p class=\"rtejustify\">Kimberly Breier a affirm\u00e9 avoir \u00e9t\u00e9 en contact avec les alli\u00e9s en Europe avant cette annonce. Bruxelles a pourtant menac\u00e9 Washington de repr\u00e9sailles. \u00abL\u2019Union europ\u00e9enne sera contrainte d\u2019utiliser tous les moyens \u00e0 sa disposition pour prot\u00e9ger ses int\u00e9r\u00eats\u00bb, ont averti la chef de la diplomatie europ\u00e9enne Federica Mogherini et la commissaire au commerce Cecilia Malmstr\u00f6m. L\u2019UE envisage de saisir l\u2019Organisation mondiale du commerce (OMC) avec d\u2019autres pays partenaires, car \u00abla l\u00e9gislation am\u00e9ricaine est contraire \u00e0 la loi internationale\u00bb.<\/p>\n<p class=\"rtejustify\">Selon le Conseil \u00e9conomique et commercial des Etats-Unis et de Cuba, les plaintes dans le cadre du chapitre III pourraient possiblement viser \u00ables compagnies a\u00e9riennes am\u00e9ricaines Delta, American Airlines et United, des cha\u00eenes h\u00f4teli\u00e8res comme Marriott et Accor et d\u2019autres firmes comme Pernod Ricard et Huawei\u2026\u00bb.<\/p>\n<p class=\"rtejustify\">Comme l\u2019a expliqu\u00e9 l\u2019ambassadeur de l\u2019UE \u00e0 Cuba Alberto Navarro, \u00abl\u2019UE a cr\u00e9\u00e9 une l\u00e9gislation antidote, comme l\u2019ont fait le Canada, le Japon et le Mexique, donc les citoyens et entrepreneurs ont la protection de l\u2019Union en cas de proc\u00e8s des Etats-Unis\u00bb.<\/p>\n<p class=\"rtejustify\">F. Z. T. avec AFP<\/p>\n<\/div>\n<p>Auteur: hlafriqi<br \/>\n<a href=\"https:\/\/www.leconomiste.com\/article\/1043927-cuba-nouvelles-mesures-de-washington\">Cliquez ici pour lire l&rsquo;article depuis sa source.<\/a><\/p>\n","protected":false},"excerpt":{"rendered":"<p>Elles entreront en vigueur le 2 mai prochain L\u2019UE menace de repr\u00e9sailles Le secr\u00e9taire d\u2019Etat am\u00e9ricain Mike Pompeo a annonc\u00e9 que Washington ouvrirait \u00e0 partir du 2 mai la voie \u00e0 des milliers d\u2019actions en justice contre des entreprises \u00e9trang\u00e8res pr\u00e9sentes \u00e0 Cuba. Les Etats-Unis cherchent \u00e0 maintenir la pression sur Cuba, dont ils accusent [&hellip;]<\/p>\n","protected":false},"author":1763,"featured_media":0,"comment_status":"closed","ping_status":"closed","sticky":false,"template":"","format":"standard","meta":{"fifu_image_url":"","fifu_image_alt":"","footnotes":""},"categories":[78,54],"tags":[],"class_list":["post-28769","post","type-post","status-publish","format-standard","hentry","category-economie","category-maroc"],"_links":{"self":[{"href":"https:\/\/linitiative.ca\/International\/wp-json\/wp\/v2\/posts\/28769","targetHints":{"allow":["GET"]}}],"collection":[{"href":"https:\/\/linitiative.ca\/International\/wp-json\/wp\/v2\/posts"}],"about":[{"href":"https:\/\/linitiative.ca\/International\/wp-json\/wp\/v2\/types\/post"}],"author":[{"embeddable":true,"href":"https:\/\/linitiative.ca\/International\/wp-json\/wp\/v2\/users\/1763"}],"replies":[{"embeddable":true,"href":"https:\/\/linitiative.ca\/International\/wp-json\/wp\/v2\/comments?post=28769"}],"version-history":[{"count":0,"href":"https:\/\/linitiative.ca\/International\/wp-json\/wp\/v2\/posts\/28769\/revisions"}],"wp:attachment":[{"href":"https:\/\/linitiative.ca\/International\/wp-json\/wp\/v2\/media?parent=28769"}],"wp:term":[{"taxonomy":"category","embeddable":true,"href":"https:\/\/linitiative.ca\/International\/wp-json\/wp\/v2\/categories?post=28769"},{"taxonomy":"post_tag","embeddable":true,"href":"https:\/\/linitiative.ca\/International\/wp-json\/wp\/v2\/tags?post=28769"}],"curies":[{"name":"wp","href":"https:\/\/api.w.org\/{rel}","templated":true}]}}