{"id":28770,"date":"2019-04-19T07:30:00","date_gmt":"2019-04-19T11:30:00","guid":{"rendered":"https:\/\/linitiative.ca\/International\/les-pauvres-sous-les-projecteurs\/"},"modified":"2019-04-19T07:30:00","modified_gmt":"2019-04-19T11:30:00","slug":"les-pauvres-sous-les-projecteurs","status":"publish","type":"post","link":"https:\/\/linitiative.ca\/International\/les-pauvres-sous-les-projecteurs\/","title":{"rendered":"Les pauvres sous les projecteurs"},"content":{"rendered":"<div readability=\"38\">\n<p>Ind\u00e9pendants, agriculteurs, jeunes\u2026 touch\u00e9s par la pauvret\u00e9 mon\u00e9taire<\/p>\n<p>De nouveaux indicateurs pr\u00e9sent\u00e9s par l\u2019Insee<\/p>\n<p>Deux approches diff\u00e9rentes<\/p>\n<\/div>\n<div readability=\"146.159895909\">\n<div class=\"dnd-atom-wrapper type-image context-sdl_editor_representation\" contenteditable=\"false\" readability=\"37.5\">\n<div class=\"dnd-drop-wrapper image\"><img loading=\"lazy\" decoding=\"async\" typeof=\"foaf:Image\" class=\"img-responsive\" src=\"https:\/\/www.leconomiste.com\/sites\/default\/files\/eco7\/public\/thumbnails\/image\/ecart_pauvres_098.jpg\" width=\"800\" height=\"608\" alt=\"ecart_pauvres_098.jpg\" title=\"ecart_pauvres_098.jpg\"\/><\/div>\n<div class=\"dnd-legend-wrapper\" contenteditable=\"true\" readability=\"20\">\n<p class=\"rtejustify\">Les indicateurs de pauvret\u00e9 montrent de grands \u00e9carts entre les Etats. Si la Roumanie, la Bulgarie, la Gr\u00e8ce et la Hongrie sont en t\u00eate de peloton. La Su\u00e8de, le Luxembourg ou la Finlande arrivent \u00e0 l\u2019autre extr\u00e9mit\u00e9 de l\u2019\u00e9chelle<\/p>\n<p class=\"rtejustify\">Note: Les pays sont class\u00e9s par taux de privation mat\u00e9rielle et sociale d\u00e9croissant. Pour les individus dont la situation n\u2019est pas connue, le taux du pays en question leur a \u00e9t\u00e9 appliqu\u00e9. Cette m\u00e9thode a tendance \u00e0 sous-estimer la part de la pauvret\u00e9 cumulative, en particulier l\u00e0 o\u00f9 le taux de non-r\u00e9ponse de la population pauvre est relativement important, comme en Su\u00e8de ou aux Pays-Bas.<\/p>\n<\/div>\n<\/div>\n<p class=\"rtejustify\">Vous ne pouvez pas faire face \u00e0 des d\u00e9penses inattendues, vous offrir une semaine de vacances hors de votre domicile, remplacer des meubles hors d\u2019usage et d\u00e9penser une petite somme d\u2019argent pour soi sans avoir \u00e0 consulter quiconque\u2026 Eh bien vous figurez dans la liste (voir tableau) de personnes en situation de privation mat\u00e9rielle et sociale.<\/p>\n<p class=\"rtejustify\">Apr\u00e8s l\u2019analyse de l\u2019OCDE sur les classes moyennes <a href=\"https:\/\/leconomiste.com\/archive\/edition\/5494\" target=\"_blank\" rel=\"noopener noreferrer\"><span class=\"c3\"><strong><em>(cf. notre \u00e9dition N\u00b0 5494 du 12\/04\/2019)<\/em><\/strong><\/span><\/a>, c\u2019est au tour de l\u2019Institut national de la statistique et des \u00e9tudes \u00e9conomiques (l\u2019Insee) de s\u2019int\u00e9resser dans son ouvrage \u00abLa France dans l\u2019Union europ\u00e9enne\u00bb \u00e0 une autre cat\u00e9gorie: celle des pauvres (1). La crise des \u00abgilets jaunes\u00bb a remis en avant les questions des in\u00e9galit\u00e9s et de la pauvret\u00e9. Le ph\u00e9nom\u00e8ne touche aussi le Maroc o\u00f9 la moiti\u00e9 des Marocains se consid\u00e8rent comme pauvres <a href=\"https:\/\/leconomiste.com\/archive\/edition\/5424\" target=\"_blank\" rel=\"noopener noreferrer\"><span class=\"c4\"><strong><em>(cf. notre \u00e9dition N\u00b0 5424 du 03\/01\/2019)<\/em><\/strong><\/span><\/a>.<\/p>\n<p class=\"rtejustify\">En 2016, 12,7% de la population fran\u00e7aise et 15,7% de la population de l\u2019UE sont en situation de privation mat\u00e9rielle et sociale (soit plus de 78 millions de personnes), selon l\u2019Insee. La pauvret\u00e9 mon\u00e9taire, elle, touche 13,6% des Fran\u00e7ais et 17,3% des Europ\u00e9ens.<\/p>\n<p class=\"rtejustify\">La France a un des plus faibles taux de pauvret\u00e9 mon\u00e9taire de l\u2019UE et un taux de privation mat\u00e9rielle et sociale m\u00e9dian. Les deux taux sont corr\u00e9l\u00e9s, mais certains pays pr\u00e9sentent des taux de pauvret\u00e9 proches selon une d\u00e9finition et tr\u00e8s \u00e9loign\u00e9s selon l\u2019autre. Le taux de privation mat\u00e9rielle et sociale varie de mani\u00e8re tr\u00e8s importante selon les pays, allant de moins de 3% en Su\u00e8de \u00e0 quasiment 50% en Roumanie.<\/p>\n<p class=\"rtejustify\">A cet \u00e9gard, les deux r\u00e9gions de l\u2019UE pr\u00e9sentent de grandes disparit\u00e9s. Le taux de privation mat\u00e9rielle et sociale de l\u2019Europe du Nord et de l\u2019Ouest est inf\u00e9rieur de moiti\u00e9 \u00e0 celui de l\u2019Europe du Sud et de l\u2019Est (respectivement 10,7% et 21,3%). L\u2019Europe du Sud et de l\u2019Est rassemble ainsi pr\u00e8s des deux tiers des Europ\u00e9ens en situation de privation mat\u00e9rielle et sociale, alors qu\u2019elle concentre moins de la moiti\u00e9 de la population de l\u2019UE.<\/p>\n<p class=\"rtejustify\">En moyenne dans l\u2019Union et pour les deux types de pauvret\u00e9, les actifs occup\u00e9s sont un peu moins touch\u00e9s que les retrait\u00e9s, et environ quatre fois moins que les ch\u00f4meurs. Du point de vue de la profession, les taux de pauvret\u00e9 des cadres et des professions interm\u00e9diaires sont proches, et bien plus faibles que ceux des ouvriers.<\/p>\n<p class=\"rtejustify\">Les types de famille les plus touch\u00e9es sont les familles monoparentales, dont les taux de pauvret\u00e9 sont trois fois sup\u00e9rieurs \u00e0 ceux des couples sans enfants (respectivement 34% et 11,7% pour la pauvret\u00e9 mon\u00e9taire, et 32% et 10,5% pour la privation mat\u00e9rielle et sociale). En ce qui concerne les profils socio-d\u00e9mographiques, la premi\u00e8re diff\u00e9rence notable concerne l\u2019\u00e2ge des populations touch\u00e9es.<\/p>\n<p class=\"rtejustify\">Dans la plupart des pays de l\u2019UE, les taux de pauvret\u00e9 mon\u00e9taire des jeunes de 16 \u00e0 24 ans sont bien sup\u00e9rieurs \u00e0 ceux des autres tranches d\u2019\u00e2ge. Ce qui n\u2019est pas le cas en mati\u00e8re de privation mat\u00e9rielle et sociale. Les aides intrafamiliales au b\u00e9n\u00e9fice des jeunes, qui ne sont pas capt\u00e9es dans la mesure du revenu, et le fait qu\u2019ils vivraient moins n\u00e9gativement des conditions mat\u00e9rielles consid\u00e9r\u00e9es comme transitoires pourraient l\u2019expliquer.<\/p>\n<div class=\"dnd-atom-wrapper type-image context-sdl_editor_representation\" contenteditable=\"false\" readability=\"34\">\n<div class=\"dnd-drop-wrapper image\"><img loading=\"lazy\" decoding=\"async\" typeof=\"foaf:Image\" class=\"img-responsive\" src=\"https:\/\/www.leconomiste.com\/sites\/default\/files\/eco7\/public\/thumbnails\/image\/situation_privation_098.jpg\" width=\"800\" height=\"785\" alt=\"situation_privation_098.jpg\" title=\"situation_privation_098.jpg\"\/><\/div>\n<div class=\"dnd-legend-wrapper\" contenteditable=\"true\" readability=\"13\">\n<p class=\"rtejustify\">La difficult\u00e9 la plus fr\u00e9quemment rencontr\u00e9e par les Europ\u00e9ens est de ne pas pouvoir faire face \u00e0 une d\u00e9pense inattendue d\u2019un montant de l\u2019ordre du seuil de pauvret\u00e9 mensuel (environ 1.000 euros en France). C\u2019est le cas, en 2015, d\u2019un tiers des Fran\u00e7ais et des personnes vivant dans l\u2019UE. A l\u2019inverse, le fait de ne pas pouvoir se payer un acc\u00e8s \u00e0 Internet est une privation rencontr\u00e9e par seulement 5% des Europ\u00e9ens et 2% des Fran\u00e7ais<\/p>\n<\/div>\n<\/div>\n<p class=\"rtejustify\">Quant au statut d\u2019activit\u00e9, des diff\u00e9rences notables existent au sein de la cat\u00e9gorie des actifs occup\u00e9s. Ainsi, dans la majorit\u00e9 des pays de l\u2019UE, les ind\u00e9pendants ont un taux de pauvret\u00e9 mon\u00e9taire bien sup\u00e9rieur \u00e0 leur taux de privation mat\u00e9rielle et sociale, ce dernier \u00e9tant souvent du m\u00eame ordre que celui des salari\u00e9s.<\/p>\n<p class=\"rtejustify\">Du point de vue de la profession, un d\u00e9calage similaire a \u00e9t\u00e9 observ\u00e9 chez les agriculteurs, dont le taux de privation mat\u00e9rielle et sociale (bien que relativement \u00e9lev\u00e9 par rapport aux autres professions) est syst\u00e9matiquement plus faible que leur taux de pauvret\u00e9 mon\u00e9taire.<\/p>\n<p class=\"rtejustify\">Que ce soit pour les ind\u00e9pendants ou pour les agriculteurs, il se peut que la mesure des revenus soit incompl\u00e8te, surestimant ainsi l\u2019indicateur de pauvret\u00e9 mon\u00e9taire. De m\u00eame, un patrimoine plus important ou le recours \u00e0 l\u2019autoconsommation pourraient \u00e9galement mieux prot\u00e9ger ces cat\u00e9gories de la privation mat\u00e9rielle.<\/p>\n<p class=\"rtejustify\">En France, les \u00e9carts entre cat\u00e9gories d\u2019individus sont du m\u00eame ordre que dans la moyenne de l\u2019UE. En revanche, la situation des retrait\u00e9s y est particuli\u00e8re : alors que leur taux de pauvret\u00e9 mon\u00e9taire est le plus bas des pays d\u2019Europe du Nord et de l\u2019Ouest (7%), celui de privation mat\u00e9rielle et sociale est le plus \u00e9lev\u00e9 de ce groupe de pays (9,9%). Ce dernier indicateur conduit \u00e0 relativiser le constat d\u2019une situation a priori plus favorable de cette cat\u00e9gorie de la population.<\/p>\n<p class=\"rtejustify\">Pour lutter contre la pauvret\u00e9, il faut comprendre donc ses dimensions cach\u00e9es. Une \u00e9quipe internationale compos\u00e9e de chercheurs et de professionnels de terrain s\u2019est attel\u00e9e \u00e0 d\u00e9finir et \u00e9valuer les diff\u00e9rentes exp\u00e9riences de la pauvret\u00e9. Leur rapport, intitul\u00e9 \u00abThe Hidden Dimensions of Poverty\u00bb, sera pr\u00e9sent\u00e9 et examin\u00e9 lors d\u2019une conf\u00e9rence organis\u00e9e par l\u2019OCDE \u00e0 Paris le 10 mai 2019.<\/p>\n<p class=\"rtejustify\"><em>Fatim-Zahra TOHRY<\/em><\/p>\n<p class=\"rtejustify\"><em>&#8212;&#8212;&#8212;&#8212;&#8212;&#8212;&#8212;&#8212;&#8212;&#8212;&#8212;&#8212;&#8212;&#8212;&#8212;&#8212;&#8212;&#8212;&#8212;&#8212;&#8212;&#8212;&#8212;<\/em><\/p>\n<p class=\"rtejustify\"><em>(1) La pauvret\u00e9 mon\u00e9taire et la privation mat\u00e9rielle et sociale sont deux approches diff\u00e9rentes de la pauvret\u00e9. La premi\u00e8re, fond\u00e9e sur le revenu du m\u00e9nage, est d\u00e9finie de mani\u00e8re relative: le seuil de pauvret\u00e9 d\u00e9pend du niveau de richesse du pays. La seconde repose sur les conditions de vie et \u00e9tablit un m\u00eame seuil pour tous les pays. Les personnes identifi\u00e9es par ces deux approches de la pauvret\u00e9 ne sont pas les m\u00eames, et cela a un impact sur les comparaisons entre pays de l\u2019UE.<\/em><\/p>\n<p class=\"rtejustify\">\u00a0<\/p>\n<\/div>\n<p>Auteur: hlafriqi<br \/>\n<a href=\"https:\/\/www.leconomiste.com\/article\/1043922-les-pauvres-sous-les-projecteurs\">Cliquez ici pour lire l&rsquo;article depuis sa source.<\/a><\/p>\n","protected":false},"excerpt":{"rendered":"<p>Ind\u00e9pendants, agriculteurs, jeunes\u2026 touch\u00e9s par la pauvret\u00e9 mon\u00e9taire De nouveaux indicateurs pr\u00e9sent\u00e9s par l\u2019Insee Deux approches diff\u00e9rentes Les indicateurs de pauvret\u00e9 montrent de grands \u00e9carts entre les Etats. Si la Roumanie, la Bulgarie, la Gr\u00e8ce et la Hongrie sont en t\u00eate de peloton. La Su\u00e8de, le Luxembourg ou la Finlande arrivent \u00e0 l\u2019autre extr\u00e9mit\u00e9 de [&hellip;]<\/p>\n","protected":false},"author":1763,"featured_media":28771,"comment_status":"closed","ping_status":"closed","sticky":false,"template":"","format":"standard","meta":{"fifu_image_url":"","fifu_image_alt":"","footnotes":""},"categories":[78,54],"tags":[],"class_list":["post-28770","post","type-post","status-publish","format-standard","has-post-thumbnail","hentry","category-economie","category-maroc"],"_links":{"self":[{"href":"https:\/\/linitiative.ca\/International\/wp-json\/wp\/v2\/posts\/28770","targetHints":{"allow":["GET"]}}],"collection":[{"href":"https:\/\/linitiative.ca\/International\/wp-json\/wp\/v2\/posts"}],"about":[{"href":"https:\/\/linitiative.ca\/International\/wp-json\/wp\/v2\/types\/post"}],"author":[{"embeddable":true,"href":"https:\/\/linitiative.ca\/International\/wp-json\/wp\/v2\/users\/1763"}],"replies":[{"embeddable":true,"href":"https:\/\/linitiative.ca\/International\/wp-json\/wp\/v2\/comments?post=28770"}],"version-history":[{"count":0,"href":"https:\/\/linitiative.ca\/International\/wp-json\/wp\/v2\/posts\/28770\/revisions"}],"wp:featuredmedia":[{"embeddable":true,"href":"https:\/\/linitiative.ca\/International\/wp-json\/"}],"wp:attachment":[{"href":"https:\/\/linitiative.ca\/International\/wp-json\/wp\/v2\/media?parent=28770"}],"wp:term":[{"taxonomy":"category","embeddable":true,"href":"https:\/\/linitiative.ca\/International\/wp-json\/wp\/v2\/categories?post=28770"},{"taxonomy":"post_tag","embeddable":true,"href":"https:\/\/linitiative.ca\/International\/wp-json\/wp\/v2\/tags?post=28770"}],"curies":[{"name":"wp","href":"https:\/\/api.w.org\/{rel}","templated":true}]}}