{"id":28780,"date":"2019-04-19T15:15:09","date_gmt":"2019-04-19T19:15:09","guid":{"rendered":"https:\/\/linitiative.ca\/International\/ligue-1-2-ess-neghiz-motive-ses-troupes\/"},"modified":"2019-04-19T15:15:09","modified_gmt":"2019-04-19T19:15:09","slug":"ligue-1-2-ess-neghiz-motive-ses-troupes","status":"publish","type":"post","link":"https:\/\/linitiative.ca\/International\/ligue-1-2-ess-neghiz-motive-ses-troupes\/","title":{"rendered":"Ligue 1 &amp; 2 : ESS: Neghiz motive ses troupes"},"content":{"rendered":"<div readability=\"32\">\n<p>Auteur : <span>Khalil L.<\/span> <span class=\"time\">vendredi 19 avril 2019 11:17<\/span><\/p>\n<\/div>\n<div id=\"post_core\" readability=\"53\">\n<p>La reprise des entrainements de mercredi dernier fut tr\u00e8s difficile pour le groupe et elle s\u2019est d\u00e9roul\u00e9e dans une ambiance morose. C\u2019est un climat de grande d\u00e9ception qui y a r\u00e9gn\u00e9 et les s\u00e9quelles de la d\u00e9convenue de mardi pass\u00e9 contre la JSMB \u00e9taient encore apparentes. Etant donn\u00e9 que l\u2019Entente doit reprendre le travail en pr\u00e9vision d\u2019un autre important rendez-vous, en championnat cette fois-ci, \u00e0 l\u2019occasion de la r\u00e9ception de l\u2019USMA pour le compte de la 26e journ\u00e9e de Ligue 1, Nabil Neghiz s\u2019est vu oblig\u00e9 d\u2019intervenir pour au moins d\u00e9tendre l\u2019atmosph\u00e8re et d\u2019essayer de remonter le moral des troupes. Il a donc r\u00e9uni ses joueurs avant le d\u00e9but de la s\u00e9ance pour discuter un peu de ce match contre la JSMB, car il fallait y revenir avant de tourner d\u00e9finitivement la page.<br \/><strong>Il ne leur a rien reproch\u00e9 et leur a demand\u00e9 de tourner la page<\/strong><br \/>D\u2019habitude, quand le staff technique fait un d\u00e9biffe d\u2019un match, il revient sur les erreurs commises et n\u2019h\u00e9site pas \u00e0 mettre en exergue les lacunes constat\u00e9es tout en mettant certains joueurs face \u00e0 leurs responsabilit\u00e9s. Mais l\u00e0, Nabil Neghiz a \u00e9vit\u00e9 de r\u00e9primander ses joueurs ou de parler de ce qui n\u2019a pas march\u00e9. Car il savait qu\u2019ils sont d\u00e9j\u00e0 abattus et qu\u2019il ne fallait pas en rajouter. Le but \u00e9tait de leur remonter le moral et non de les enfoncer encore plus. C\u2019est ce qu\u2019il a essay\u00e9 de faire en parlant surtout des aspects positifs en faisant savoir \u00e0 ses joueurs qu\u2019ils avaient fait le match qu\u2019il fallait et qu\u2019ils n\u2019avaient pas grand-chose \u00e0 se reprocher. Le coach s\u00e9tifien a estim\u00e9 en effet que son \u00e9quipe a domin\u00e9 tout le match en se cr\u00e9ant un nombre incalculable d\u2019occasions, mais elle a juste manqu\u00e9 de r\u00e9ussite dans la derni\u00e8re touche. Dans son intervention, il a rappel\u00e9 \u00e0 ses joueurs qu\u2019ils ne sont pas encore \u00e9limin\u00e9s et qu\u2019il reste encore une deuxi\u00e8me manche o\u00f9 ils auront l\u2019occasion de se racheter et de renverser la vapeur.<br \/><strong>Il rappelle l\u2019importance<\/strong> <strong>du match face \u00e0 l\u2019USMA<\/strong><br \/>Avant de terminer, Nabil Neghiz a tenu aussi \u00e0 rappeler \u00e0 ses joueurs qu\u2019il y a un match important ce dimanche qu\u2019il va falloir bien pr\u00e9parer. Et pour y parvenir, il leur a fait savoir qu\u2019il est n\u00e9cessaire d\u2019oublier la coupe et de se concentrer enti\u00e8rement sur ce match du championnat qui n\u2019est pas moins important que celui de la coupe. \u00ab Nous ne sommes pas encore \u00e9limin\u00e9s en coupe, nous gardons toujours nos chances de qualification et il ne faut pas oublier que nous avons un autre objectif en championnat. Rien n\u2019est perdu et il faut se remettre au travail \u00bb, leur aurait-il dit entre autres.<br \/><strong>Une s\u00e9ance vid\u00e9o hier pour revenir sur le match de mardi pass\u00e9<\/strong><br \/>Mais Neghiz n\u2019allait pas laisser passer le match de mardi pass\u00e9 sans revenir sur les erreurs commises. S\u2019il a \u00e9vit\u00e9 d\u2019en parler mercredi \u00e0 l\u2019occasion de la reprise, il a programm\u00e9 hier une s\u00e9ance vid\u00e9o avant le d\u00e9but de la s\u00e9ance. Il a parl\u00e9 bri\u00e8vement de quelques points avant de laisser le soin aux joueurs de faire eux-m\u00eames l\u2019analyse du match. Cette s\u00e9ance vid\u00e9o a permis d\u2019abord aux joueurs de se rendre compte de leur domination et de croire en m\u00eame temps en leurs moyens pour inverser la tendance au match retour. Ils ont aussi discut\u00e9 entre eux des erreurs commises, tout cela dans une ambiance tr\u00e8s d\u00e9tendue. Psychologiquement, cette s\u00e9ance vid\u00e9o leur a fait du bien, c\u2019est comme s\u2019ils avaient d\u00e9compress\u00e9, en t\u00e9moigne l\u2019ambiance qui a caract\u00e9ris\u00e9 la s\u00e9ance d\u2019entrainement qui a suivi et qui \u00e9tait tr\u00e8s d\u00e9tendue.<br \/>\u00a0<\/p>\n<\/div>\n<p>Auteur:<br \/>\n<a href=\"http:\/\/www.lebuteur.com\/article\/detail?titre=ess-neghiz-motive-ses-troupes&#038;id=88106&#038;utm_source=feedburner&#038;utm_medium=feed&#038;utm_campaign=Feed%3A+GalerieFArtciles+%28Les+derniers+articles++-+lebuteur.com%29\">Cliquez ici pour lire l&rsquo;article depuis sa source.<\/a><\/p>\n","protected":false},"excerpt":{"rendered":"<p>Auteur : Khalil L. vendredi 19 avril 2019 11:17 La reprise des entrainements de mercredi dernier fut tr\u00e8s difficile pour le groupe et elle s\u2019est d\u00e9roul\u00e9e dans une ambiance morose. C\u2019est un climat de grande d\u00e9ception qui y a r\u00e9gn\u00e9 et les s\u00e9quelles de la d\u00e9convenue de mardi pass\u00e9 contre la JSMB \u00e9taient encore apparentes. [&hellip;]<\/p>\n","protected":false},"author":1738,"featured_media":28781,"comment_status":"closed","ping_status":"closed","sticky":false,"template":"","format":"standard","meta":{"fifu_image_url":"","fifu_image_alt":"","footnotes":""},"categories":[53,75],"tags":[],"class_list":["post-28780","post","type-post","status-publish","format-standard","has-post-thumbnail","hentry","category-algerie","category-sport"],"_links":{"self":[{"href":"https:\/\/linitiative.ca\/International\/wp-json\/wp\/v2\/posts\/28780","targetHints":{"allow":["GET"]}}],"collection":[{"href":"https:\/\/linitiative.ca\/International\/wp-json\/wp\/v2\/posts"}],"about":[{"href":"https:\/\/linitiative.ca\/International\/wp-json\/wp\/v2\/types\/post"}],"author":[{"embeddable":true,"href":"https:\/\/linitiative.ca\/International\/wp-json\/wp\/v2\/users\/1738"}],"replies":[{"embeddable":true,"href":"https:\/\/linitiative.ca\/International\/wp-json\/wp\/v2\/comments?post=28780"}],"version-history":[{"count":0,"href":"https:\/\/linitiative.ca\/International\/wp-json\/wp\/v2\/posts\/28780\/revisions"}],"wp:featuredmedia":[{"embeddable":true,"href":"https:\/\/linitiative.ca\/International\/wp-json\/"}],"wp:attachment":[{"href":"https:\/\/linitiative.ca\/International\/wp-json\/wp\/v2\/media?parent=28780"}],"wp:term":[{"taxonomy":"category","embeddable":true,"href":"https:\/\/linitiative.ca\/International\/wp-json\/wp\/v2\/categories?post=28780"},{"taxonomy":"post_tag","embeddable":true,"href":"https:\/\/linitiative.ca\/International\/wp-json\/wp\/v2\/tags?post=28780"}],"curies":[{"name":"wp","href":"https:\/\/api.w.org\/{rel}","templated":true}]}}