{"id":28786,"date":"2019-04-19T15:15:13","date_gmt":"2019-04-19T19:15:13","guid":{"rendered":"https:\/\/linitiative.ca\/International\/ligue-1-2-usma-serrar-lusma-nest-pas-a-vendre\/"},"modified":"2019-04-19T15:15:13","modified_gmt":"2019-04-19T19:15:13","slug":"ligue-1-2-usma-serrar-lusma-nest-pas-a-vendre","status":"publish","type":"post","link":"https:\/\/linitiative.ca\/International\/ligue-1-2-usma-serrar-lusma-nest-pas-a-vendre\/","title":{"rendered":"Ligue 1 &amp; 2 : USMA : Serrar : \u00abL\u2019USMA n\u2019est pas \u00e0 vendre\u00bb"},"content":{"rendered":"<div readability=\"32\">\n<p>Auteur : <span>Adel Cheraki<\/span> <span class=\"time\">vendredi 19 avril 2019 11:17<\/span><\/p>\n<\/div>\n<div id=\"post_core\" readability=\"101\">\n<p>Lors d\u2019une interview accord\u00e9e \u00e0 une cha\u00eene de t\u00e9l\u00e9vision priv\u00e9e, Abdelhakim Serrar a \u00e9voqu\u00e9 plusieurs sujets qui ont cr\u00e9\u00e9 l\u2019actualit\u00e9 ces derniers temps. Pour commencer, le directeur g\u00e9n\u00e9ral a parl\u00e9 de l\u2019avenir des Haddad \u00e0 la t\u00eate du club en d\u00e9clarant : \u00abIl faut faire la diff\u00e9rence, l\u2019USMA ne sera jamais \u00e0 vendre, par contre la SSPA si, dans le cas o\u00f9 le pr\u00e9sident le d\u00e9ciderait. Pour l\u2019instant, rien n\u2019a \u00e9t\u00e9 d\u00e9cid\u00e9 et c\u2019est \u00e0 lui que le dernier mot revient. Le propri\u00e9taire est absent et les membres du conseil d\u2019administration ne se sont pas r\u00e9unis donc rien n\u2019a \u00e9t\u00e9 fait. Ce qui est certain par contre, c\u2019est que dans tous les cas ce club restera un grand club, un club avec du v\u00e9cu et un grand palmar\u00e8s.\u00bb<\/p>\n<p><strong>\u00abVoil\u00e0 ce qui s\u2019est pass\u00e9 avec Djezzy\u00bb<\/strong><br \/>Le dirigeant usmiste a saisi cette occasion pour revenir sur l\u2019affaire Djezzy. Pour rappel, cet op\u00e9rateur t\u00e9l\u00e9phonique s\u2019est retir\u00e9 et ne sponsorisera plus l\u2019USMA. \u00c0 propos de ce qui s\u2019est pass\u00e9, Serrar a dit : \u00abDjezzy a soutenu l\u2019USMA pendant quatorze ans. Le contrat qui le liait au club a expir\u00e9 lors du mois de novembre ou janvier pass\u00e9, en guise de remerciement nous n\u2019avons pas enlev\u00e9 leur logo du maillot et nous ne sommes pas les premiers \u00e0 le faire. Maintenant que ce partenariat ne se poursuivra pas, nous allons tourner la page.\u00bb Voil\u00e0, ce qui est d\u00e9sormais clair, net et pr\u00e9cis.<\/p>\n<p><strong>\u00abLes joueurs ont \u00e9t\u00e9 pay\u00e9s, la balle est dans leur camp\u00bb<\/strong><br \/>Il y a quelques jours, les joueurs ainsi que les autres employ\u00e9s du club ont re\u00e7u un mois de salaire. Une mani\u00e8re de les encourager \u00e0 repartir vers l\u2019avant et doubler leurs efforts afin de d\u00e9crocher le titre de champion. \u00abLes joueurs ont per\u00e7u une mensualit\u00e9. D\u00e9sormais, la balle est dans leur camp. Ce sera \u00e0 eux de faire le n\u00e9cessaire pour mettre fin \u00e0 la s\u00e9rie des mauvais r\u00e9sultats. Nous leur ferons confiance, \u00e0 eux d\u2019\u00eatre \u00e0 la hauteur.\u00bb Sur une s\u00e9rie de trois d\u00e9faites de suite conc\u00e9d\u00e9es \u00e0 Alger contre le PAC, le MCA et le CRB, les Rouge et Noir d\u00e9fieront lors de la prochaine journ\u00e9e l\u2019ESS chez elle et devant ses supporters.<\/p>\n<p><strong>\u00abOn demande \u00e0 la FAF et \u00e0 la LFP de traiter l\u2019USMA comme un club de foot et rien d\u2019autre\u00bb<\/strong><br \/>Abdelhakim Serrar a \u00e9galement adress\u00e9 un message aux responsables de la FAF et ceux de la Ligue de football professionnel. \u00abDepuis quelque temps, on sent que notre club est vis\u00e9. On veut nous casser et c\u2019est pour cette raison que je demande aux dirigeants de la F\u00e9d\u00e9ration alg\u00e9rienne de football ainsi qu\u2019\u00e0 ceux de la LFP de traiter l\u2019USMA comme un club de football et rien d\u2019autre. Nous sommes premiers au classement depuis le d\u00e9but de la saison, nous m\u00e9ritons notre statut de leader et nous nous battrons \u00e0 fond pour le garder jusqu\u2019\u00e0 la derni\u00e8re journ\u00e9e.\u00bb<\/p>\n<p><strong>\u00abJ\u2019ai propos\u00e9 \u00e0 Chafa\u00ef de r\u00e9silier son contrat\u00bb<\/strong><br \/>Le cas Chafa\u00ef a fait couler beaucoup d\u2019encre et de salive. \u00c0 propos de la d\u00e9cision prise il y a quelques jours, Serrar a affirm\u00e9 que les deux parties sont en train d\u2019\u00e9tudier la possibilit\u00e9 d\u2019une s\u00e9paration \u00e0 l\u2019amiable. \u00abChafa\u00ef a \u00e9t\u00e9 exclu et c\u2019est irr\u00e9vocable. Apr\u00e8s toutes les ann\u00e9es qu\u2019il a pass\u00e9es au club, nous souhaitons que la s\u00e9paration se passe bien, c\u2019est pour cette raison que je lui ai propos\u00e9 de r\u00e9silier son contrat. Jusque-l\u00e0 aucun accord n\u2019a \u00e9t\u00e9 trouv\u00e9 mais tout sera plus clair lors des jours \u00e0 venir.\u00bb<\/p>\n<p><strong>\u00abNotre objectif principal n\u2019a pas chang\u00e9, on vise toujours le titre\u00bb<\/strong><br \/>Leader de la Ligue 1 Mobilis avec cinq points d\u2019avance sur leur plus proche poursuivant \u00e0 savoir la JSK, l\u2019USMA vise le titre de champion. \u00abNotre objectif principal n\u2019a pas chang\u00e9, on veut terminer sur la plus haute marche du podium et nous allons nous donner \u00e0 fond pour atteindre ce but m\u00eame si \u00e7a s\u2019annonce compliqu\u00e9 apr\u00e8s tout ce que nous avons endur\u00e9 ces derniers temps. Il reste cinq rencontres donc quinze points en jeu, tout demeure possible. \u00c0 nous de croire en nos chances et les d\u00e9fendre \u00e0 fond jusqu\u2019\u00e0 la derni\u00e8re minute.\u00bb<\/p>\n<p><strong>\u00abJ\u2019attends une r\u00e9action positive des joueurs\u00bb<\/strong><br \/>Abdelhakim Serrar sait que son \u00e9quipe abordera un virage important lors des prochaines semaines et c\u2019est pour cette raison qu\u2019il a tenu \u00e0 les motiver \u00e0 sa mani\u00e8re. \u00abJ\u2019attends une r\u00e9action positive des joueurs. Je leur fais confiance et j\u2019esp\u00e8re qu\u2019ils finiront par relever la t\u00eate. Nous avons travers\u00e9 un passage \u00e0 vide mais ce n\u2019est pas trop tard pour relancer la machine et remonter la pente.\u00bb La prochaine sortie des champions d\u2019automne est pr\u00e9vue pour ce dimanche lorsqu\u2019ils iront d\u00e9fier l\u2019Entente au stade 8-Mai-1954 \u00e0 l\u2019occasion de la 26e journ\u00e9e.<\/p>\n<p><strong>\u00abJe m\u2019excuse aupr\u00e8s des supporters\u00bb<\/strong><br \/>Pour terminer, l\u2019ex-international a adress\u00e9 un message aux supporters alg\u00e9rois. \u00abJe m\u2019excuse aupr\u00e8s d\u2019eux si je me suis tromp\u00e9 sur certains d\u00e9cisions ou certains propos. Qu\u2019ils restent \u00e0 fond derri\u00e8re nous et inch\u2019Allah nous f\u00eaterons tous ensemble un nouveau troph\u00e9e lors des prochaines semaines.\u00bb En d\u00e9but de saison, Serrar avait d\u00e9clar\u00e9 que son \u00e9quipe pouvait gagner la Coupe de la CAF et le fait d\u2019avoir quitt\u00e9 cette comp\u00e9tition en quart de finale a beaucoup d\u00e9\u00e7u les amoureux du club qui exigent un huiti\u00e8me titre de champion pour oublier ce triste \u00e9pisode.<br \/>\u00a0<\/p>\n<\/div>\n<p>Auteur:<br \/>\n<a href=\"http:\/\/www.lebuteur.com\/article\/detail?titre=usma-serrar-lusma-nest-pas-a-vendre&#038;id=88103&#038;utm_source=feedburner&#038;utm_medium=feed&#038;utm_campaign=Feed%3A+GalerieFArtciles+%28Les+derniers+articles++-+lebuteur.com%29\">Cliquez ici pour lire l&rsquo;article depuis sa source.<\/a><\/p>\n","protected":false},"excerpt":{"rendered":"<p>Auteur : Adel Cheraki vendredi 19 avril 2019 11:17 Lors d\u2019une interview accord\u00e9e \u00e0 une cha\u00eene de t\u00e9l\u00e9vision priv\u00e9e, Abdelhakim Serrar a \u00e9voqu\u00e9 plusieurs sujets qui ont cr\u00e9\u00e9 l\u2019actualit\u00e9 ces derniers temps. Pour commencer, le directeur g\u00e9n\u00e9ral a parl\u00e9 de l\u2019avenir des Haddad \u00e0 la t\u00eate du club en d\u00e9clarant : \u00abIl faut faire la [&hellip;]<\/p>\n","protected":false},"author":1738,"featured_media":28787,"comment_status":"closed","ping_status":"closed","sticky":false,"template":"","format":"standard","meta":{"fifu_image_url":"","fifu_image_alt":"","footnotes":""},"categories":[53,75],"tags":[],"class_list":["post-28786","post","type-post","status-publish","format-standard","has-post-thumbnail","hentry","category-algerie","category-sport"],"_links":{"self":[{"href":"https:\/\/linitiative.ca\/International\/wp-json\/wp\/v2\/posts\/28786","targetHints":{"allow":["GET"]}}],"collection":[{"href":"https:\/\/linitiative.ca\/International\/wp-json\/wp\/v2\/posts"}],"about":[{"href":"https:\/\/linitiative.ca\/International\/wp-json\/wp\/v2\/types\/post"}],"author":[{"embeddable":true,"href":"https:\/\/linitiative.ca\/International\/wp-json\/wp\/v2\/users\/1738"}],"replies":[{"embeddable":true,"href":"https:\/\/linitiative.ca\/International\/wp-json\/wp\/v2\/comments?post=28786"}],"version-history":[{"count":0,"href":"https:\/\/linitiative.ca\/International\/wp-json\/wp\/v2\/posts\/28786\/revisions"}],"wp:featuredmedia":[{"embeddable":true,"href":"https:\/\/linitiative.ca\/International\/wp-json\/"}],"wp:attachment":[{"href":"https:\/\/linitiative.ca\/International\/wp-json\/wp\/v2\/media?parent=28786"}],"wp:term":[{"taxonomy":"category","embeddable":true,"href":"https:\/\/linitiative.ca\/International\/wp-json\/wp\/v2\/categories?post=28786"},{"taxonomy":"post_tag","embeddable":true,"href":"https:\/\/linitiative.ca\/International\/wp-json\/wp\/v2\/tags?post=28786"}],"curies":[{"name":"wp","href":"https:\/\/api.w.org\/{rel}","templated":true}]}}