{"id":28788,"date":"2019-04-19T15:15:14","date_gmt":"2019-04-19T19:15:14","guid":{"rendered":"https:\/\/linitiative.ca\/International\/ligue-des-champions-ajax-frenkie-de-jong-ne-fera-pas-de-cadeau-au-barca\/"},"modified":"2019-04-19T15:15:14","modified_gmt":"2019-04-19T19:15:14","slug":"ligue-des-champions-ajax-frenkie-de-jong-ne-fera-pas-de-cadeau-au-barca","status":"publish","type":"post","link":"https:\/\/linitiative.ca\/International\/ligue-des-champions-ajax-frenkie-de-jong-ne-fera-pas-de-cadeau-au-barca\/","title":{"rendered":"Ligue des Champions : Ajax : Frenkie de Jong ne fera pas de cadeau au Bar\u00e7a"},"content":{"rendered":"<div readability=\"32\">\n<p>Auteur : <span class=\"time\">vendredi 19 avril 2019 18:30<\/span><\/p>\n<\/div>\n<div id=\"post_core\" readability=\"47\">\n<p>La future recrue du Bar\u00e7a \u00e0 partir du 1er juillet prochain, a livr\u00e9 son sentiment si il devait affronter les Blaugranas au Wanda Metropolitano le 1er juin prochain. Et apparemment, le milieu n\u00e9erlandais serait pr\u00eat \u00e0 tout pour terrasser son futur club.<\/p>\n<p>\u00ab\u00a0Une finale contre le Bar\u00e7a serait sp\u00e9ciale, mais en m\u00eame temps, je me fiche de savoir contre qui nous allons jouer&#8230; Tant que je suis un joueur de l\u2019Ajax, je veux que l\u2019Ajax gagne. Je n\u2019aurais aucun scrupule \u00e0 essayer d\u2019assommer le Bar\u00e7a comme nous l\u2019avons fait contre le Real Madrid,\u00a0\u00bb a ainsi confi\u00e9 De Jong rapporte Footmercato.<\/p>\n<p><strong>Publi\u00e9 dans :<\/strong> <span>bar\u00e7a<\/span> <span>ldc<\/span> <span>Ajax<\/span> <span>Frenkie de Jong<\/span><\/p>\n<\/div>\n<p>Auteur:<br \/>\n<a href=\"http:\/\/www.lebuteur.com\/article\/detail?titre=ajax-frenkie-de-jong-ne-fera-pas-de-cadeau-au-barca&#038;id=88122&#038;utm_source=feedburner&#038;utm_medium=feed&#038;utm_campaign=Feed%3A+GalerieFArtciles+%28Les+derniers+articles++-+lebuteur.com%29\">Cliquez ici pour lire l&rsquo;article depuis sa source.<\/a><\/p>\n","protected":false},"excerpt":{"rendered":"<p>Auteur : vendredi 19 avril 2019 18:30 La future recrue du Bar\u00e7a \u00e0 partir du 1er juillet prochain, a livr\u00e9 son sentiment si il devait affronter les Blaugranas au Wanda Metropolitano le 1er juin prochain. Et apparemment, le milieu n\u00e9erlandais serait pr\u00eat \u00e0 tout pour terrasser son futur club. \u00ab\u00a0Une finale contre le Bar\u00e7a serait [&hellip;]<\/p>\n","protected":false},"author":1738,"featured_media":28789,"comment_status":"closed","ping_status":"closed","sticky":false,"template":"","format":"standard","meta":{"fifu_image_url":"","fifu_image_alt":"","footnotes":""},"categories":[53,75],"tags":[],"class_list":["post-28788","post","type-post","status-publish","format-standard","has-post-thumbnail","hentry","category-algerie","category-sport"],"_links":{"self":[{"href":"https:\/\/linitiative.ca\/International\/wp-json\/wp\/v2\/posts\/28788","targetHints":{"allow":["GET"]}}],"collection":[{"href":"https:\/\/linitiative.ca\/International\/wp-json\/wp\/v2\/posts"}],"about":[{"href":"https:\/\/linitiative.ca\/International\/wp-json\/wp\/v2\/types\/post"}],"author":[{"embeddable":true,"href":"https:\/\/linitiative.ca\/International\/wp-json\/wp\/v2\/users\/1738"}],"replies":[{"embeddable":true,"href":"https:\/\/linitiative.ca\/International\/wp-json\/wp\/v2\/comments?post=28788"}],"version-history":[{"count":0,"href":"https:\/\/linitiative.ca\/International\/wp-json\/wp\/v2\/posts\/28788\/revisions"}],"wp:featuredmedia":[{"embeddable":true,"href":"https:\/\/linitiative.ca\/International\/wp-json\/"}],"wp:attachment":[{"href":"https:\/\/linitiative.ca\/International\/wp-json\/wp\/v2\/media?parent=28788"}],"wp:term":[{"taxonomy":"category","embeddable":true,"href":"https:\/\/linitiative.ca\/International\/wp-json\/wp\/v2\/categories?post=28788"},{"taxonomy":"post_tag","embeddable":true,"href":"https:\/\/linitiative.ca\/International\/wp-json\/wp\/v2\/tags?post=28788"}],"curies":[{"name":"wp","href":"https:\/\/api.w.org\/{rel}","templated":true}]}}