{"id":28811,"date":"2019-04-19T13:17:00","date_gmt":"2019-04-19T17:17:00","guid":{"rendered":"https:\/\/linitiative.ca\/International\/moul-firma-les-harkas-en-tenue-de-hirak\/"},"modified":"2019-04-19T13:17:00","modified_gmt":"2019-04-19T17:17:00","slug":"moul-firma-les-harkas-en-tenue-de-hirak","status":"publish","type":"post","link":"https:\/\/linitiative.ca\/International\/moul-firma-les-harkas-en-tenue-de-hirak\/","title":{"rendered":"MOUL FIRMA : Les \u2018\u2019harkas  en tenue de \u2018\u2019Hirak\u2019\u2019"},"content":{"rendered":"<p><br id=\"sep_para_1\" class=\"sep_para access\"\/><\/p>\n<div id=\"para_1\" class=\"para_30503562 resize\">\n<div class=\"texte access firstletter\">Moul firma, charm\u00e9 par l\u2019ampleur du mouvement populaire, -qui a lib\u00e9r\u00e9 les alg\u00e9riens de 20 ans de dictature sous le r\u00e8gne du fr\u00e8re du pr\u00e9sident d\u00e9chu, Sa\u00efd Bouteflika \u00e0 l\u2019image de Saida Bourguiba de Tunis qui commandait la Tunisie durant la maladie de son fr\u00e8re jusqu\u2019au coup de force de Benali-, il d\u00e9cide d\u2019interrompre sa convalescence, et soutenir le Hirak ,\u00a0 avec ses m\u00e9thodes, bien s\u00fbr, mettre \u00e0 nu les oligarques et les responsables de Mostaganem qui ont bouff\u00e9 le peuple et l\u2019argent du peuple. Moul firma , qui fait sa premi\u00e8re rentr\u00e9e hier \u00e0 l\u2019esplanade de la mairie , s\u2019est percut\u00e9\u00a0 \u00e0 des visages qui faisaient \u00e9loge \u00e0 l\u2019ancien syst\u00e8me ,\u00a0 enroul\u00e9s avec le drapeau national , comme de vrais r\u00e9volutionnaires\u2026 les uns \u2018\u2019harkas en tenue de \u2018\u2019hirak\u2019\u2019, et les autres portant des scies dans leurs bouches , critiquant \u00e0 longueur de journ\u00e9es des honn\u00eates responsables et des commis d\u2019Etat, les accusant \u00e0 tort et \u00e0 travers\u2026Moul firma\u00a0 fut attir\u00e9 par un mot, \u2018\u2019ils ont vendu Mostaganem\u2019\u2019 , ils ont cit\u00e9 tous les noms, mais personne n\u2019a os\u00e9 prononcer le nom de Bouteflika , m\u00eame d\u00e9missionnaire ils ont peur de lui\u2026 Et oui, dira Moul firma, les fils de Sa\u00efd reviennent sous d\u2019autres noms, les S, les L et les F, en attendant la fin du Hirak pour prendre leurs fiches communales ! Ainsi, Moul firma, d\u00e9cida de d\u00e9noncer en public tous les scandales de la mafia \u2018\u2019politico- affairiste\u2019\u2019, et des walis qui se sont succ\u00e9d\u00e9s \u00e0 Mostaganem, Zoukh, Zerhouni, Ouadah et les autres ! Mais avant cela, en commen\u00e7ant par le beau-fr\u00e8re de Bouteflika, le sieur Belmansour, \u2026. Restez ZEN\u2026et pr\u00e9parez-moi un bon avocat !\u00a0\u00a0\u00a0<\/div>\n<\/div>\n<p>Auteur: R\u00e9flexion<br \/>\n<a href=\"https:\/\/www.reflexiondz.net\/MOUL-FIRMA-Les-harkas-en-tenue-de-Hirak_a55459.html\">Cliquez ici pour lire l&rsquo;article depuis sa source.<\/a><\/p>\n","protected":false},"excerpt":{"rendered":"<p>Moul firma, charm\u00e9 par l\u2019ampleur du mouvement populaire, -qui a lib\u00e9r\u00e9 les alg\u00e9riens de 20 ans de dictature sous le r\u00e8gne du fr\u00e8re du pr\u00e9sident d\u00e9chu, Sa\u00efd Bouteflika \u00e0 l\u2019image de Saida Bourguiba de Tunis qui commandait la Tunisie durant la maladie de son fr\u00e8re jusqu\u2019au coup de force de Benali-, il d\u00e9cide d\u2019interrompre sa [&hellip;]<\/p>\n","protected":false},"author":1740,"featured_media":0,"comment_status":"closed","ping_status":"closed","sticky":false,"template":"","format":"standard","meta":{"fifu_image_url":"","fifu_image_alt":"","footnotes":""},"categories":[53,76],"tags":[],"class_list":["post-28811","post","type-post","status-publish","format-standard","hentry","category-algerie","category-regions"],"_links":{"self":[{"href":"https:\/\/linitiative.ca\/International\/wp-json\/wp\/v2\/posts\/28811","targetHints":{"allow":["GET"]}}],"collection":[{"href":"https:\/\/linitiative.ca\/International\/wp-json\/wp\/v2\/posts"}],"about":[{"href":"https:\/\/linitiative.ca\/International\/wp-json\/wp\/v2\/types\/post"}],"author":[{"embeddable":true,"href":"https:\/\/linitiative.ca\/International\/wp-json\/wp\/v2\/users\/1740"}],"replies":[{"embeddable":true,"href":"https:\/\/linitiative.ca\/International\/wp-json\/wp\/v2\/comments?post=28811"}],"version-history":[{"count":0,"href":"https:\/\/linitiative.ca\/International\/wp-json\/wp\/v2\/posts\/28811\/revisions"}],"wp:attachment":[{"href":"https:\/\/linitiative.ca\/International\/wp-json\/wp\/v2\/media?parent=28811"}],"wp:term":[{"taxonomy":"category","embeddable":true,"href":"https:\/\/linitiative.ca\/International\/wp-json\/wp\/v2\/categories?post=28811"},{"taxonomy":"post_tag","embeddable":true,"href":"https:\/\/linitiative.ca\/International\/wp-json\/wp\/v2\/tags?post=28811"}],"curies":[{"name":"wp","href":"https:\/\/api.w.org\/{rel}","templated":true}]}}