{"id":28821,"date":"2019-04-19T05:15:50","date_gmt":"2019-04-19T09:15:50","guid":{"rendered":"https:\/\/linitiative.ca\/International\/said-sadi-a-tizi-ouzou-les-insurrections-davril-80-et-de-2019-netaient-pas-imprevisibles\/"},"modified":"2019-04-19T05:15:50","modified_gmt":"2019-04-19T09:15:50","slug":"said-sadi-a-tizi-ouzou-les-insurrections-davril-80-et-de-2019-netaient-pas-imprevisibles","status":"publish","type":"post","link":"https:\/\/linitiative.ca\/International\/said-sadi-a-tizi-ouzou-les-insurrections-davril-80-et-de-2019-netaient-pas-imprevisibles\/","title":{"rendered":"Sa\u00efd Sadi \u00e0 Tizi Ouzou : \u00abLes insurrections d\u2019avril 80 et de 2019 n\u2019\u00e9taient pas impr\u00e9visibles\u00bb"},"content":{"rendered":"<h4 class=\"title-14\"\/>\n<p>Lors d\u2019une conf\u00e9rence anim\u00e9e, hier, \u00e0 l\u2019auditorium du campus de Hasnaoua et dans le cadre des rencontres \u00abLes d\u00e9bats de l\u2019UMMTO\u00bb qu\u2019organisent les enseignants, \u00e9tudiants et personnel ATS de l\u2019universit\u00e9 Mouloud Mammeri de Tizi Ouzou, l\u2019ancien pr\u00e9sident du RCD et d\u00e9tenu du MCB, Sa\u00efd Sadi, a estim\u00e9 que la graine d\u2019avril 80 a fait \u00e9clore les nouvelles formes de luttes qui animent les revendications historiques d\u2019aujourd\u2019hui.<\/p>\n<p>\u00abOn peut, je crois, assimiler l\u2019exasp\u00e9ration soulev\u00e9e par l\u2019interdiction de la conf\u00e9rence de Mouloud Mammeri \u00e0 l\u2019humiliation provoqu\u00e9e par l\u2019annonce d\u2019un 5e mandat destin\u00e9 \u00e0 introniser un cadre\u00bb, a expliqu\u00e9 le conf\u00e9rencier, qui ajoute que \u00abce sont deux outrages qui \u00e9taient \u00e0 la fois des signes de l\u2019arrogance d\u2019un syst\u00e8me qui se croit tout permis et des catalyseurs d\u2019une col\u00e8re accumul\u00e9e pendant des ann\u00e9es.<\/p>\n<p>Mais, au-del\u00e0 des \u00e9v\u00e9nements d\u00e9clenchants, les origines profondes de ces deux s\u00e9quences, celle d\u2019avril 80 comme celle de f\u00e9vrier 2019, sym\u00e9triques \u00e0 maints \u00e9gards, soul\u00e8vent des interrogations bien plus importantes\u00bb, a analys\u00e9 l\u2019orateur qui voit que le probl\u00e8me qui handicape le pays depuis toujours est l\u2019inad\u00e9quation entre l\u2019Etat et la soci\u00e9t\u00e9. Pour le Dr Sadi, \u00abon peut affirmer que si les insurrections d\u2019avril 80 et celle de 2019 \u00e9taient inattendues, elle n\u2019\u00e9taient pas impr\u00e9visibles.<\/p>\n<p>Dans les deux situations, le soul\u00e8vement est d\u00fb \u00e0 l\u2019incapacit\u00e9 des pouvoirs publics d\u2019entendre et de prendre en charge la question de la citoyennet\u00e9\u00bb, a-t-il soulign\u00e9 pr\u00e9cisant qu\u2019en 1980, \u00abon nous disait que la mort du parti unique signifiait la fin de la stabilit\u00e9 et de la coh\u00e9sion nationale.<\/p>\n<p>Les m\u00eames sources expliquent maintenant que rien ne peut se faire sans l\u2019arm\u00e9e\u00bb, a-t-il insist\u00e9 tout en affirmant, en outre, que \u00abla d\u00e9sorganisation interne du r\u00e9gime est d\u00e9voil\u00e9e. L\u2019arm\u00e9e est incomp\u00e9tente pour g\u00e9rer une transition d\u00e9mocratique.<\/p>\n<p>Ga\u00efd Salah n\u2019a pas de vision ni d\u2019analyse s\u00e9rieuse sur la situation\u00bb, a-t-il clam\u00e9 dans une salle archicomble et devant une assistance compos\u00e9e essentiellement d\u2019\u00e9tudiants et d\u2019enseignants universitaires. Selon l\u2019ancien leader du RCD, la phase de transition doit \u00eatre prise comme s\u00e9quence historiques o\u00f9 tout sera abord\u00e9 dans les d\u00e9bats car, a-t-il soutenu, le d\u00e9fi que pose l\u2019insurrection de 2019 est la fondation d\u2019un nouvel Etat et de poser les fondements d\u2019une 2e R\u00e9publique. \u00abOn ne doit pas faire de concessions pour \u00e9viter de revenir \u00e0 1991, ann\u00e9e o\u00f9 l\u2019Alg\u00e9rie a failli sortir de l\u2019histoire\u00bb, a-t-il pr\u00e9venu.<\/p>\n<p>Le conf\u00e9rencier estime aussi qu\u2019il est n\u00e9cessaire que les normes universelles de la d\u00e9mocratie soient s\u00e9rieusement pos\u00e9es pour lib\u00e9rer l\u2019Alg\u00e9rie de la militarisation politique. \u00abLe mouvement doit rester mobilis\u00e9 jusqu\u2019\u00e0 la fin de la transition\u00bb, a-t-il insist\u00e9 tout en pr\u00e9conisant la cr\u00e9ation d\u2019une pr\u00e9sidence coll\u00e9giale et la mise en place d\u2019une commission ind\u00e9pendante d\u2019organisation des \u00e9lections.<\/p>\n<p>D\u2019autre part, tout en d\u00e9non\u00e7ant la r\u00e9pression dont on fait l\u2019objet des manifestants, vendredi et samedi, \u00e0 Alger, l\u2019invit\u00e9 des d\u00e9bats de l\u2019UMMTO a d\u00e9clar\u00e9 : \u00abIl ne faut pas r\u00e9pondre \u00e0 la violence, il faut la d\u00e9noncer.\u00bb \u00abLes futures autorit\u00e9s alg\u00e9riennes devront pouvoir exercer leur mandat sur des bases solides et clairement \u00e9dict\u00e9es en amont des processus \u00e9lectoraux\u00bb, a-t-il soulign\u00e9.<\/p>\n<p>Par ailleurs, notons que les initiateurs des rencontres \u00abLe d\u00e9bats de l\u2019UMMTO\u00bb accueilleront, dimanche, dans le m\u00eame cadre, Mohand Oumar Oussalem, Ramdane Achab et Salah Outahar, pour parler de \u00abL\u2019avenir de tamazight en Alg\u00e9rie\u00bb.<\/p>\n<div class=\"yuzo_related_post style-1\" data-version=\"5.12.88\">\n<p><h3>Related Post<\/h3>\n<\/p>\n<div class=\"yuzo_wraps\">\n<div class=\"relatedthumb relatedpost-153366 c11\"><a href=\"https:\/\/www.elwatan.com\/edition\/actualite\/multiplication-des-haut-parleurs-et-non-respect-de-la-reglementation-des-mosquees-hors-la-loi-03-10-2018\"\/><\/p>\n<p><span class=\"yuzo__text--title c10\">Multiplication des haut-parleurs et non-respect de&#8230;<\/span><\/div>\n<div class=\"relatedthumb relatedpost-568786 c11\"><a href=\"https:\/\/www.elwatan.com\/edition\/sports\/jo-2020-dames-lalgerie-qualifiee-au-prochain-tour-10-04-2019\"\/><\/p>\n<p><span class=\"yuzo__text--title c10\">JO-2020 (Dames) :\u00a0L\u2019Alg\u00e9rie qualifi\u00e9e au prochain &#8230;<\/span><\/div>\n<div class=\"relatedthumb relatedpost-461852 c11\"><a href=\"https:\/\/www.elwatan.com\/edition\/sports\/mc-oran-un-mouloudia-dans-la-confusion-02-01-2019\"\/><\/p>\n<p><span class=\"yuzo__text--title c10\">MC Oran : Un Mouloudia dans la confusion<\/span><\/div>\n<div class=\"relatedthumb relatedpost-238792 c11\"><a href=\"https:\/\/www.elwatan.com\/regions\/est\/jijel\/5e-edition-du-salon-de-la-photographie-04-12-2018\"\/><\/p>\n<p><span class=\"yuzo__text--title c10\">5e \u00e9dition du salon de la photographie<\/span><\/div>\n<\/div>\n<\/div>\n<p><span class=\"post-views-label\">Post Views:<\/span> <span class=\"post-views-count\">1\u00a0329<\/span><\/p>\n<p>Auteur: Hicham Chouadria<br \/>\n<a href=\"https:\/\/www.elwatan.com\/edition\/actualite\/said-sadi-a-tizi-ouzou-les-insurrections-davril-80-et-de-2019-netaient-pas-imprevisibles-19-04-2019\">Cliquez ici pour lire l&rsquo;article depuis sa source.<\/a><\/p>\n","protected":false},"excerpt":{"rendered":"<p>Lors d\u2019une conf\u00e9rence anim\u00e9e, hier, \u00e0 l\u2019auditorium du campus de Hasnaoua et dans le cadre des rencontres \u00abLes d\u00e9bats de l\u2019UMMTO\u00bb qu\u2019organisent les enseignants, \u00e9tudiants et personnel ATS de l\u2019universit\u00e9 Mouloud Mammeri de Tizi Ouzou, l\u2019ancien pr\u00e9sident du RCD et d\u00e9tenu du MCB, Sa\u00efd Sadi, a estim\u00e9 que la graine d\u2019avril 80 a fait \u00e9clore [&hellip;]<\/p>\n","protected":false},"author":1743,"featured_media":0,"comment_status":"closed","ping_status":"closed","sticky":false,"template":"","format":"standard","meta":{"fifu_image_url":"","fifu_image_alt":"","footnotes":""},"categories":[73,53],"tags":[],"class_list":["post-28821","post","type-post","status-publish","format-standard","hentry","category-actualite","category-algerie"],"_links":{"self":[{"href":"https:\/\/linitiative.ca\/International\/wp-json\/wp\/v2\/posts\/28821","targetHints":{"allow":["GET"]}}],"collection":[{"href":"https:\/\/linitiative.ca\/International\/wp-json\/wp\/v2\/posts"}],"about":[{"href":"https:\/\/linitiative.ca\/International\/wp-json\/wp\/v2\/types\/post"}],"author":[{"embeddable":true,"href":"https:\/\/linitiative.ca\/International\/wp-json\/wp\/v2\/users\/1743"}],"replies":[{"embeddable":true,"href":"https:\/\/linitiative.ca\/International\/wp-json\/wp\/v2\/comments?post=28821"}],"version-history":[{"count":0,"href":"https:\/\/linitiative.ca\/International\/wp-json\/wp\/v2\/posts\/28821\/revisions"}],"wp:attachment":[{"href":"https:\/\/linitiative.ca\/International\/wp-json\/wp\/v2\/media?parent=28821"}],"wp:term":[{"taxonomy":"category","embeddable":true,"href":"https:\/\/linitiative.ca\/International\/wp-json\/wp\/v2\/categories?post=28821"},{"taxonomy":"post_tag","embeddable":true,"href":"https:\/\/linitiative.ca\/International\/wp-json\/wp\/v2\/tags?post=28821"}],"curies":[{"name":"wp","href":"https:\/\/api.w.org\/{rel}","templated":true}]}}