{"id":28823,"date":"2019-04-19T05:20:35","date_gmt":"2019-04-19T09:20:35","guid":{"rendered":"https:\/\/linitiative.ca\/International\/constantine-lautre-visage-du-mouvement-populaire\/"},"modified":"2019-04-19T05:20:35","modified_gmt":"2019-04-19T09:20:35","slug":"constantine-lautre-visage-du-mouvement-populaire","status":"publish","type":"post","link":"https:\/\/linitiative.ca\/International\/constantine-lautre-visage-du-mouvement-populaire\/","title":{"rendered":"Constantine : L\u2019autre visage du mouvement populaire"},"content":{"rendered":"<h4 class=\"title-14\"\/>\n<p>Apr\u00e8s un rendez-vous rat\u00e9, dimanche dernier, en raison d\u2019un mouvement de gr\u00e8ve, les \u00e9tudiants \u00e0 Constantine se sont donn\u00e9 le mot pour une campagne de nettoiement. \u00abNous sommes en gr\u00e8ve et la meilleure action apr\u00e8s les marches et les rassemblements demeure celle d\u2019utilit\u00e9 publique dont le nettoyage des sites universitaires\u00bb, nous a d\u00e9clar\u00e9 Hamza, l\u2019un des initiateurs de cette campagne.<\/p>\n<p>L\u2019id\u00e9e d\u2019assainir l\u2019environnement imm\u00e9diat des enceintes universitaires n\u2019est pas nouvelle. P\u00e9riodiquement, la sous-direction charg\u00e9e des activit\u00e9s scientifiques, culturelles et sportives organise ce genre d\u2019op\u00e9ration.<\/p>\n<p>Dans la conjoncture actuelle, l\u2019action prend un tout autre sens. \u00abC\u2019est un acte militant, c\u2019est un prolongement du hirak\u00a0; si, d\u2019une part, nous appelons au d\u00e9part des r\u00e9sidus du pouvoir, et nous le faisons savoir par le biais de manifestations dans la rue, de l\u2019autre, faire preuve de civisme n\u2019est pas contradictoire \u00e0 l\u2019esprit de la dynamique populaire\u00bb, explique Walid, \u00e9tudiant en biologie \u00e0 l\u2019universit\u00e9 Fr\u00e8res Mentouri (UFMC).<\/p>\n<p>L\u2019appel \u00e0 cette op\u00e9ration de nettoyage est surtout relay\u00e9 par les r\u00e9seaux sociaux qui ont largement contribu\u00e9 \u00e0 la mobilisation des \u00e9tudiants.<\/p>\n<p>Et comment peut-il en \u00eatre autrement alors que 98% d\u2019entre eux ne communiquent que via Facebook ? C\u2019est d\u2019ailleurs le r\u00e9sultat d\u2019une enqu\u00eate men\u00e9e r\u00e9cemment par Nora Mansouri, responsable du Bureau de liaison entreprise-universit\u00e9 (BLEU) de l\u2019UFMC \u00e0 l\u2019effet de mesurer les effets des Technologies de l\u2019information et communication (TIC) au sein de la communaut\u00e9 universitaire.<\/p>\n<p>L\u2019\u00e9tat des lieux a \u00e9t\u00e9 ainsi dress\u00e9 gr\u00e2ce \u00e0 ce sondage \u00e9lectronique, compos\u00e9e de 21 questions formul\u00e9es dans les deux langues, arabe et fran\u00e7ais, et ayant cumul\u00e9 les r\u00e9actions de 200 r\u00e9pondants. \u00abL\u2019analyse des r\u00e9sultats de ce sondage montre que les \u00e9tudiants sont relativement habitu\u00e9s \u00e0 l\u2019utilisation d\u2019internet. 35% y passent plus de 20h par semaine et se connectent aux r\u00e9seaux sociaux sur lesquels 98 % d\u2019entre eux sont pr\u00e9sents\u00bb, est-il indiqu\u00e9.<\/p>\n<p>Et partant, d\u2019aucuns ne peuvent invoquer un d\u00e9faut de communication pour justifier leur d\u00e9fection concernant les actions men\u00e9es en dehors des marches hebdomadaires de mardi et vendredi. C\u2019est du moins le message qui est v\u00e9hicul\u00e9 sur les forums estudiantins.<\/p>\n<p>Et certains l\u2019on bien saisi. Crois\u00e9e lors de la marche de mardi dernier, Zeineb, \u00e9tudiante en m\u00e9decine, nous a affirm\u00e9 qu\u2019au niveau de sa facult\u00e9 au Chalet des pins, plusieurs groupes d\u2019\u00e9tudiants ont entrepris une campagne d\u2019embellissement. Joignant le geste \u00e0 la parole, elle nous d\u00e9voile plusieurs photos prises avec son t\u00e9l\u00e9phone confirmant ses propos.<\/p>\n<p>Outre le nettoyage des espaces et des alentours des b\u00e2timents, certains ont laiss\u00e9 libre cours \u00e0 leur sens artistique. \u00abC\u2019est un vent de libert\u00e9 qui souffle depuis l\u2019av\u00e8nement du mouvement du 22 f\u00e9vrier\u2026<\/p>\n<p>Il a aussi r\u00e9v\u00e9l\u00e9 des vocations et un sens de la cr\u00e9ativit\u00e9. Partout, \u00e0 Jijel, S\u00e9tif, Bordj Bou Arr\u00e9ridj, Alger\u2026 des jeunes s\u2019attellent \u00e0 redonner un nouveau visage \u00e0 leurs quartiers ou aux espaces publics. Nous sommes aussi dans cette mouvance\u00bb, dira notre interlocutrice.<\/p>\n<p>Ces futurs m\u00e9decins ont r\u00e9alis\u00e9 plusieurs fresques, o\u00f9 l\u2019art s\u2019allie \u00e0 la science. Sur des toiles grandeur nature, des dessins \u00e0 connotation m\u00e9dicale c\u00f4toient des paysages champ\u00eatres et des slogans \u00abr\u00e9volutionnaires\u00bb. Une synergie entre le savoir, l\u2019art et l\u2019engagement est n\u00e9e.<\/p>\n<div class=\"yuzo_related_post style-1\" data-version=\"5.12.88\">\n<p><h3>Related Post<\/h3>\n<\/p>\n<div class=\"yuzo_wraps\">\n<div class=\"relatedthumb relatedpost-567250 c11\"><a href=\"https:\/\/www.elwatan.com\/edition\/actualite\/bejaia-des-syndicalistes-appellent-a-lauto-organisation-02-04-2019\"\/><\/p>\n<p><span class=\"yuzo__text--title c10\">B\u00e9ja\u00efa : Des syndicalistes appellent \u00e0 l\u2019auto-orga&#8230;<\/span><\/div>\n<div class=\"relatedthumb relatedpost-382514 c11\"><a href=\"https:\/\/www.elwatan.com\/pages-hebdo\/magazine\/des-algeriens-interesses-par-lachat-de-biens-immobiliers-la-tendance-turque-touche-limmobilier-27-12-2018\"\/><\/p>\n<p><span class=\"yuzo__text--title c10\">Des Alg\u00e9riens int\u00e9ress\u00e9s par l\u2019achat de biens immo&#8230;<\/span><\/div>\n<div class=\"relatedthumb relatedpost-238586 c11\"><a href=\"https:\/\/www.elwatan.com\/regions\/ouest\/chlef\/chlef-les-defis-du-secteur-industriel-04-12-2018\"\/><\/p>\n<p><span class=\"yuzo__text--title c10\">Chlef :\u00a0Les d\u00e9fis du secteur industriel<\/span><\/div>\n<div class=\"relatedthumb relatedpost-564911 c11\"><a href=\"https:\/\/www.elwatan.com\/pages-hebdo\/etudiant\/les-enseignants-de-lusthb-sorganisent-20-03-2019\"\/><\/p>\n<p><span class=\"yuzo__text--title c10\">Les enseignants de l\u2019USTHB s\u2019organisent<\/span><\/div>\n<\/div>\n<\/div>\n<p><span class=\"post-views-label\">Post Views:<\/span> <span class=\"post-views-count\">1\u00a0507<\/span><\/p>\n<p>Auteur: Hicham Chouadria<br \/>\n<a href=\"https:\/\/www.elwatan.com\/edition\/actualite\/constantine-lautre-visage-du-mouvement-populaire-19-04-2019\">Cliquez ici pour lire l&rsquo;article depuis sa source.<\/a><\/p>\n","protected":false},"excerpt":{"rendered":"<p>Apr\u00e8s un rendez-vous rat\u00e9, dimanche dernier, en raison d\u2019un mouvement de gr\u00e8ve, les \u00e9tudiants \u00e0 Constantine se sont donn\u00e9 le mot pour une campagne de nettoiement. \u00abNous sommes en gr\u00e8ve et la meilleure action apr\u00e8s les marches et les rassemblements demeure celle d\u2019utilit\u00e9 publique dont le nettoyage des sites universitaires\u00bb, nous a d\u00e9clar\u00e9 Hamza, l\u2019un [&hellip;]<\/p>\n","protected":false},"author":1743,"featured_media":0,"comment_status":"closed","ping_status":"closed","sticky":false,"template":"","format":"standard","meta":{"fifu_image_url":"","fifu_image_alt":"","footnotes":""},"categories":[73,53],"tags":[],"class_list":["post-28823","post","type-post","status-publish","format-standard","hentry","category-actualite","category-algerie"],"_links":{"self":[{"href":"https:\/\/linitiative.ca\/International\/wp-json\/wp\/v2\/posts\/28823","targetHints":{"allow":["GET"]}}],"collection":[{"href":"https:\/\/linitiative.ca\/International\/wp-json\/wp\/v2\/posts"}],"about":[{"href":"https:\/\/linitiative.ca\/International\/wp-json\/wp\/v2\/types\/post"}],"author":[{"embeddable":true,"href":"https:\/\/linitiative.ca\/International\/wp-json\/wp\/v2\/users\/1743"}],"replies":[{"embeddable":true,"href":"https:\/\/linitiative.ca\/International\/wp-json\/wp\/v2\/comments?post=28823"}],"version-history":[{"count":0,"href":"https:\/\/linitiative.ca\/International\/wp-json\/wp\/v2\/posts\/28823\/revisions"}],"wp:attachment":[{"href":"https:\/\/linitiative.ca\/International\/wp-json\/wp\/v2\/media?parent=28823"}],"wp:term":[{"taxonomy":"category","embeddable":true,"href":"https:\/\/linitiative.ca\/International\/wp-json\/wp\/v2\/categories?post=28823"},{"taxonomy":"post_tag","embeddable":true,"href":"https:\/\/linitiative.ca\/International\/wp-json\/wp\/v2\/tags?post=28823"}],"curies":[{"name":"wp","href":"https:\/\/api.w.org\/{rel}","templated":true}]}}