{"id":28824,"date":"2019-04-19T05:23:37","date_gmt":"2019-04-19T09:23:37","guid":{"rendered":"https:\/\/linitiative.ca\/International\/que-faire-si-vous-etes-interpelle\/"},"modified":"2019-04-19T05:23:37","modified_gmt":"2019-04-19T09:23:37","slug":"que-faire-si-vous-etes-interpelle","status":"publish","type":"post","link":"https:\/\/linitiative.ca\/International\/que-faire-si-vous-etes-interpelle\/","title":{"rendered":"Que faire si vous \u00eates interpell\u00e9 ?"},"content":{"rendered":"<h4 class=\"title-14\"\/>\n<p>Aujourd\u2019hui aura lieu la 9e marche pacifique pour exiger le d\u00e9part du syst\u00e8me. Comme chaque vendredi, un seul mot d\u2019ordre : \u00abSilmiya\u00bb. Malheureusement, le caract\u00e8re pacifique ne semble pas enchanter tout le monde.<\/p>\n<p>En effet, depuis vendredi dernier, les manifestations sont violemment r\u00e9prim\u00e9es par les forces de l\u2019ordre.<\/p>\n<p>Pire encore, la r\u00e9pression est mont\u00e9e d\u2019un cran le samedi suivant. Des militantes du MDS et de RAJ au nombre de quatre ont \u00e9t\u00e9 d\u00e9shabill\u00e9es dans un commissariat de Baraki, \u00e0 Alger. Un scandale qui a provoqu\u00e9 l\u2019indignation de la population.<\/p>\n<p>D\u2019ailleurs, suite \u00e0 ce scandaleux d\u00e9bordement, les militantes ont d\u00e9cid\u00e9 de porter plainte aupr\u00e8s du tribunal d\u2019El Harrach. \u00abCe qui est arriv\u00e9 \u00e0 ces militantes courageuses est clairement, du point de vue politique, une tentative d\u2019intimidation\u00bb, explique Mouloud Boumghar, professeur de droit public.<\/p>\n<p>Pour lui, ce comportement vise \u00e0 dissuader la participation des femmes et des familles aux manifestations ; or cette participation est l\u2019un des \u00e9l\u00e9ments \u2013 ce n\u2019est pas le seul \u2013 qui permet de pr\u00e9server le caract\u00e8re pacifique et tr\u00e8s largement repr\u00e9sentatif.<\/p>\n<p>D\u2019un point de vue juridique, le sp\u00e9cialiste explique qu\u2019il s\u2019agit d\u2019une violation du code de proc\u00e9dure p\u00e9nale car \u00abrien ne justifie qu\u2019elles aient \u00e9t\u00e9 d\u00e9shabill\u00e9es et c\u2019est tr\u00e8s probablement un traitement d\u00e9gradant au sens de la Convention des Nations unies contre la torture et autres peines ou traitements cruels, inhumains ou d\u00e9gradants, convention que l\u2019Alg\u00e9rie a ratifi\u00e9e\u00bb, ajoute-il.<\/p>\n<p>Mais alors, quel comportement doit adopter un manifestant lorsqu\u2019il est interpell\u00e9 ? Selon Mouloud Boumghar, un manifestant interpell\u00e9 doit en toutes circonstances rester pacifique. Il ne doit en aucun cas recourir \u00e0 la violence et doit r\u00e9sister aux \u00e9ventuelles provocations qui le pousseraient \u00e0 la violence.<\/p>\n<p>Par ailleurs, un manifestant interpell\u00e9 a des droits. \u00abDe mani\u00e8re g\u00e9n\u00e9rale, en aucun cas les agents de police n\u2019ont le droit d\u2019user de violence durant la d\u00e9position ou la garde \u00e0 vue contre une personne qui n\u2019a pas recours \u00e0 la violence. Et m\u00eame lorsqu\u2019elle a recours \u00e0 la violence en r\u00e9action au comportement violent d\u2019un individu, ce recours doit \u00eatre proportionn\u00e9\u00bb, explique le professeur.<\/p>\n<p>De plus, selon le juriste, les personnes \u00e0 l\u2019encontre desquelles n\u2019existe aucun indice pr\u00e9sumant qu\u2019elles ont commis ou tent\u00e9 de commettre une infraction ne peuvent \u00eatre retenues que le temps n\u00e9cessaire \u00e0 leur d\u00e9position.<\/p>\n<p>Qu\u2019en est-il du droit de joindre les proches et la famille ? Selon Mouloud Boumghar, lorsqu\u2019une personne est plac\u00e9e en garde \u00e0 vue, l\u2019officier de police judiciaire est tenu par la loi \u2013 qui ne pr\u00e9cise pas dans quel d\u00e9lai \u2013 de mettre \u00e0 la disposition de la personne interpell\u00e9e un moyen lui permettant de communiquer imm\u00e9diatement avec sa famille et de recevoir des visites.<\/p>\n<p>De plus, toujours selon le professeur de droit, le gard\u00e9 \u00e0 vue peut demander un examen m\u00e9dical \u00e0 l\u2019issue de la garde \u00e0 vue et, th\u00e9oriquement, cela ne peut lui \u00eatre refus\u00e9. Sauf que tout cela n\u2019est que th\u00e9orique et seule la vigilance peut rendre effectifs ces quelques droits.<\/p>\n<p>En effet, pour le sp\u00e9cialiste, les citoyens doivent \u00eatre conscients de leurs droits. \u00abIl est \u00e9galement important que la mobilisation populaire produise des formes de d\u00e9fense des droits de l\u2019homme par la diffusion de la connaissance des droits de mani\u00e8re tr\u00e8s p\u00e9dagogique, simple et concr\u00e8te, d\u2019une documentation des violations constat\u00e9es par les manifestants et d\u2019une pression constante et, toujours pacifique, sur l\u2019appareil s\u00e9curitaire et l\u2019administration pour que les libert\u00e9s fondamentales soient effectivement respect\u00e9es\u00bb, conclut-il.<\/p>\n<div class=\"yuzo_related_post style-1\" data-version=\"5.12.88\">\n<p><h3>Related Post<\/h3>\n<\/p>\n<div class=\"yuzo_wraps\">\n<div class=\"relatedthumb relatedpost-562601 c11\"><a href=\"https:\/\/www.elwatan.com\/edition\/actualite\/hocine-benhadid-general-a-la-retraite-les-algeriens-ne-doivent-pas-croire-aux-affabulations-de-gaid-salah-08-03-2019\"\/><\/p>\n<p><span class=\"yuzo__text--title c10\">Hocine Benhadid Gen\u00e9ral \u00e0 la retraite : Les Alg\u00e9ri&#8230;<\/span><\/div>\n<div class=\"relatedthumb relatedpost-562406 c11\"><a href=\"https:\/\/www.elwatan.com\/edition\/actualite\/declaration-mme-zohra-drif-bitat-07-03-2019\"\/><\/p>\n<p><span class=\"yuzo__text--title c10\">D\u00e9claration Mme Zohra Drif Bitat<\/span><\/div>\n<div class=\"relatedthumb relatedpost-239697 c11\"><a href=\"https:\/\/www.elwatan.com\/edition\/culture\/solange-cesarovna-enchante-le-public-04-12-2018\"\/><\/p>\n<p><span class=\"yuzo__text--title c10\">Solange Cesarovna enchante le public<\/span><\/div>\n<div class=\"relatedthumb relatedpost-373751 c11\"><a href=\"https:\/\/www.elwatan.com\/edition\/sports\/mo-bejaia-demission-collective-des-actionnaires-22-12-2018\"\/><\/p>\n<p><span class=\"yuzo__text--title c10\">MO B\u00e9ja\u00efa :\u00a0D\u00e9mission collective des actionnaires&#8230;<\/span><\/div>\n<\/div>\n<\/div>\n<p><span class=\"post-views-label\">Post Views:<\/span> <span class=\"post-views-count\">3\u00a0847<\/span><\/p>\n<p>Auteur: Hicham Chouadria<br \/>\n<a href=\"https:\/\/www.elwatan.com\/edition\/actualite\/que-faire-si-vous-etes-interpelle-19-04-2019\">Cliquez ici pour lire l&rsquo;article depuis sa source.<\/a><\/p>\n","protected":false},"excerpt":{"rendered":"<p>Aujourd\u2019hui aura lieu la 9e marche pacifique pour exiger le d\u00e9part du syst\u00e8me. Comme chaque vendredi, un seul mot d\u2019ordre : \u00abSilmiya\u00bb. Malheureusement, le caract\u00e8re pacifique ne semble pas enchanter tout le monde. En effet, depuis vendredi dernier, les manifestations sont violemment r\u00e9prim\u00e9es par les forces de l\u2019ordre. Pire encore, la r\u00e9pression est mont\u00e9e d\u2019un [&hellip;]<\/p>\n","protected":false},"author":1743,"featured_media":0,"comment_status":"closed","ping_status":"closed","sticky":false,"template":"","format":"standard","meta":{"fifu_image_url":"","fifu_image_alt":"","footnotes":""},"categories":[73,53],"tags":[],"class_list":["post-28824","post","type-post","status-publish","format-standard","hentry","category-actualite","category-algerie"],"_links":{"self":[{"href":"https:\/\/linitiative.ca\/International\/wp-json\/wp\/v2\/posts\/28824","targetHints":{"allow":["GET"]}}],"collection":[{"href":"https:\/\/linitiative.ca\/International\/wp-json\/wp\/v2\/posts"}],"about":[{"href":"https:\/\/linitiative.ca\/International\/wp-json\/wp\/v2\/types\/post"}],"author":[{"embeddable":true,"href":"https:\/\/linitiative.ca\/International\/wp-json\/wp\/v2\/users\/1743"}],"replies":[{"embeddable":true,"href":"https:\/\/linitiative.ca\/International\/wp-json\/wp\/v2\/comments?post=28824"}],"version-history":[{"count":0,"href":"https:\/\/linitiative.ca\/International\/wp-json\/wp\/v2\/posts\/28824\/revisions"}],"wp:attachment":[{"href":"https:\/\/linitiative.ca\/International\/wp-json\/wp\/v2\/media?parent=28824"}],"wp:term":[{"taxonomy":"category","embeddable":true,"href":"https:\/\/linitiative.ca\/International\/wp-json\/wp\/v2\/categories?post=28824"},{"taxonomy":"post_tag","embeddable":true,"href":"https:\/\/linitiative.ca\/International\/wp-json\/wp\/v2\/tags?post=28824"}],"curies":[{"name":"wp","href":"https:\/\/api.w.org\/{rel}","templated":true}]}}