{"id":28827,"date":"2019-04-19T16:09:48","date_gmt":"2019-04-19T20:09:48","guid":{"rendered":"https:\/\/linitiative.ca\/International\/tlemcen-le-dur-requisitoire-contre-les-responsables-mafieux-de-la-region\/"},"modified":"2019-04-19T16:09:48","modified_gmt":"2019-04-19T20:09:48","slug":"tlemcen-le-dur-requisitoire-contre-les-responsables-mafieux-de-la-region","status":"publish","type":"post","link":"https:\/\/linitiative.ca\/International\/tlemcen-le-dur-requisitoire-contre-les-responsables-mafieux-de-la-region\/","title":{"rendered":"Tlemcen : Le dur r\u00e9quisitoire contre les responsables mafieux de la r\u00e9gion"},"content":{"rendered":"<h4 class=\"title-14\"\/>\n<div class=\"featured_image\"><img width=\"640\" height=\"302\" data-cfsrc=\"https:\/\/www.elwatan.com\/wp-content\/uploads\/2019\/04\/Tlemcen2.jpg\" class=\"attachment-post-thumbnail size-post-thumbnail wp-post-image c1\" alt=\"\" srcset=\"https:\/\/www.elwatan.com\/wp-content\/uploads\/2019\/04\/Tlemcen2.jpg 640w, https:\/\/www.elwatan.com\/wp-content\/uploads\/2019\/04\/Tlemcen2-300x142.jpg 300w\" sizes=\"(max-width: 640px) 100vw, 640px\"\/><noscript><\/p>\n<p><img loading=\"lazy\" decoding=\"async\" width=\"640\" height=\"302\" src=\"https:\/\/www.elwatan.com\/wp-content\/uploads\/2019\/04\/Tlemcen2.jpg\" class=\"attachment-post-thumbnail size-post-thumbnail wp-post-image\" alt=\"\" srcset=\"https:\/\/www.elwatan.com\/wp-content\/uploads\/2019\/04\/Tlemcen2.jpg 640w, https:\/\/www.elwatan.com\/wp-content\/uploads\/2019\/04\/Tlemcen2-300x142.jpg 300w\" sizes=\"auto, (max-width: 640px) 100vw, 640px\"\/><\/p>\n<p><\/noscript> <span class=\"featured-image-caption\">Tlemcen, 9e vendredi. Photo: Chahreddine B<\/span><\/div>\n<p>Jamais autant Tlemcen n\u2019a \u00e9t\u00e9 aussi directe et incisive avec les responsables, originaires de la r\u00e9gion,\u00a0 au sommet de l\u2019Etat, depuis des d\u00e9cennies.<\/p>\n<p>La population, longtemps brim\u00e9e, m\u00e9pris\u00e9e et viol\u00e9e dans sa dignit\u00e9 par le clan du pr\u00e9sident d\u00e9missionnaire, \u00a0continue, depuis le 22 f\u00e9vrier, \u00a0farouchement mais pacifiquement, sa r\u00e9sistance contre les forces du mal de ce pays et lutte chaque vendredi pour les d\u00e9loger, les mettre au pied du pilori pour les juger.<\/p>\n<p>\u00ab\u00a0Le combat de la conscience\u00a0\u00bb, \u00ab\u00a0Non \u00e0 la mafia, non au pouvoir, \u00ab\u00a0C\u2019est notre Alg\u00e9rie\u00a0!\u00a0\u00bb \u00ab\u00a0 D\u00e9gagez tous, bande de mafieux\u00a0!\u00a0\u00bb \u00ab\u00a0Bensalah oust\u00a0! Des slogans qui \u00ab\u00a0giclaient\u00a0\u00bb hier comme d\u2019inexorables\u00a0 obus \u00e0 la face d\u2019un r\u00e9gime qui se maintient par ses stratag\u00e8mes, ses satellites, ses tentacules essaim\u00e9s dans les tripes de la soci\u00e9t\u00e9 et encore dans les hautes sph\u00e8res de l\u2019Etat.<\/p>\n<p>\u00ab\u00a0Vous voulez nous avoir \u00e0 l\u2019usure, nous n\u2019avons rien \u00e0 perdre, nous sommes patients\u00a0!\u00a0\u00bb Une r\u00e9ponse cinglante \u00e0 ces gouvernants insensibles aux revendications directes d\u2019une population rejetant tout compromis avec ses fossoyeurs.<\/p>\n<p>\u00ab\u00a0Non \u00e0 la mafia du foncier\u00a0!\u00a0\u00bb \u00ab\u00a0On exige des comptes \u00e0 ceux qui ont pill\u00e9 notre wilaya, ses c\u00f4tes, ses terres\u00a0!\u00a0\u00bb un r\u00e9quisitoire qui retentissait \u00e0 Maghnia, Ghazaouet, Hennaya, Chetouane, villes victimes \u00e0 l\u2019instar d\u2019autres localit\u00e9s de la pr\u00e9dation de la p\u00e8gre mafieuse, b\u00e9nie et prot\u00e9g\u00e9e par les commis de l\u2019Etat locaux et les hautes autorit\u00e9s de l\u2019Etat, originaire de cette r\u00e9gion frontali\u00e8re. Ni Louh, ni Belaiz n\u2019ont \u00e9t\u00e9 \u00e9pargn\u00e9s par les manifestants \u00ab\u00a0 Nous voulons que la justice fasse son travail\u2026\u00a0\u00bb exigent les autochtones, \u2026<\/p>\n<p><strong>\u00a0\u00a0\u00a0\u00a0\u00a0\u00a0\u00a0\u00a0\u00a0\u00a0\u00a0\u00a0\u00a0\u00a0\u00a0\u00a0\u00a0\u00a0\u00a0\u00a0\u00a0\u00a0\u00a0\u00a0\u00a0\u00a0\u00a0\u00a0\u00a0\u00a0\u00a0\u00a0\u00a0\u00a0\u00a0\u00a0\u00a0\u00a0\u00a0\u00a0\u00a0\u00a0\u00a0\u00a0\u00a0\u00a0\u00a0\u00a0\u00a0\u00a0\u00a0\u00a0\u00a0\u00a0\u00a0\u00a0\u00a0\u00a0\u00a0\u00a0\u00a0\u00a0\u00a0\u00a0\u00a0\u00a0\u00a0\u00a0\u00a0 \u00a0\u00a0\u00a0\u00a0\u00a0\u00a0\u00a0\u00a0\u00a0\u00a0\u00a0\u00a0\u00a0\u00a0\u00a0\u00a0\u00a0\u00a0\u00a0\u00a0\u00a0\u00a0\u00a0\u00a0\u00a0\u00a0\u00a0\u00a0\u00a0\u00a0\u00a0\u00a0\u00a0\u00a0\u00a0\u00a0\u00a0\u00a0<\/strong><\/p>\n<div class=\"yuzo_related_post style-1\" data-version=\"5.12.88\">\n<p><h3>Related Post<\/h3>\n<\/p>\n<div class=\"yuzo_wraps\">\n<div class=\"relatedthumb relatedpost-143454 c12\"><a href=\"https:\/\/www.elwatan.com\/edition\/sports\/repartir-sur-de-bonnes-bases-12-08-2018\"\/><\/p>\n<p><span class=\"yuzo__text--title c11\">\u00abRepartir sur de bonnes bases\u00bb<\/span><\/div>\n<div class=\"relatedthumb relatedpost-568942 c12\"><a href=\"https:\/\/www.elwatan.com\/edition\/actualite\/mobilisation-a-tlemcen-2-10-04-2019\"\/><\/p>\n<p><span class=\"yuzo__text--title c11\">Mobilisation \u00e0 Tlemcen<\/span><\/div>\n<div class=\"relatedthumb relatedpost-149606 c12\"><a href=\"https:\/\/www.elwatan.com\/edition\/economie\/gazoduc-del-aricha-tlemcen-a-beni-saf-ain-temouchent-il-sera-receptionne-en-2020-15-09-2018\"\/><\/p>\n<p><span class=\"yuzo__text--title c11\">Gazoduc d\u2019El Aricha (Tlemcen) \u00e0 Beni Saf\u00a0(A\u00efn T\u00e9mo&#8230;<\/span><\/div>\n<div class=\"relatedthumb relatedpost-570481 c12\"><a href=\"https:\/\/www.elwatan.com\/edition\/actualite\/le-journaliste-del-watan-a-tlemcen-recoit-des-menaces-de-la-part-de-la-mafia-du-foncier-17-04-2019\"\/><\/p>\n<p><span class=\"yuzo__text--title c11\">Le journaliste d\u2019El Watan \u00e0 Tlemcen re\u00e7oit des men&#8230;<\/span><\/div>\n<\/div>\n<\/div>\n<p><span class=\"post-views-label\">Post Views:<\/span> <span class=\"post-views-count\">414<\/span><\/p>\n<p>Auteur: Farouk Djouadi<br \/>\n<a href=\"https:\/\/www.elwatan.com\/edition\/actualite\/tlemcen-le-dur-requisitoire-contre-les-responsables-mafieux-de-la-region-19-04-2019\">Cliquez ici pour lire l&rsquo;article depuis sa source.<\/a><\/p>\n","protected":false},"excerpt":{"rendered":"<p>Tlemcen, 9e vendredi. Photo: Chahreddine B Jamais autant Tlemcen n\u2019a \u00e9t\u00e9 aussi directe et incisive avec les responsables, originaires de la r\u00e9gion,\u00a0 au sommet de l\u2019Etat, depuis des d\u00e9cennies. La population, longtemps brim\u00e9e, m\u00e9pris\u00e9e et viol\u00e9e dans sa dignit\u00e9 par le clan du pr\u00e9sident d\u00e9missionnaire, \u00a0continue, depuis le 22 f\u00e9vrier, \u00a0farouchement mais pacifiquement, sa r\u00e9sistance [&hellip;]<\/p>\n","protected":false},"author":1743,"featured_media":28828,"comment_status":"closed","ping_status":"closed","sticky":false,"template":"","format":"standard","meta":{"fifu_image_url":"","fifu_image_alt":"","footnotes":""},"categories":[73,53],"tags":[],"class_list":["post-28827","post","type-post","status-publish","format-standard","has-post-thumbnail","hentry","category-actualite","category-algerie"],"_links":{"self":[{"href":"https:\/\/linitiative.ca\/International\/wp-json\/wp\/v2\/posts\/28827","targetHints":{"allow":["GET"]}}],"collection":[{"href":"https:\/\/linitiative.ca\/International\/wp-json\/wp\/v2\/posts"}],"about":[{"href":"https:\/\/linitiative.ca\/International\/wp-json\/wp\/v2\/types\/post"}],"author":[{"embeddable":true,"href":"https:\/\/linitiative.ca\/International\/wp-json\/wp\/v2\/users\/1743"}],"replies":[{"embeddable":true,"href":"https:\/\/linitiative.ca\/International\/wp-json\/wp\/v2\/comments?post=28827"}],"version-history":[{"count":0,"href":"https:\/\/linitiative.ca\/International\/wp-json\/wp\/v2\/posts\/28827\/revisions"}],"wp:featuredmedia":[{"embeddable":true,"href":"https:\/\/linitiative.ca\/International\/wp-json\/"}],"wp:attachment":[{"href":"https:\/\/linitiative.ca\/International\/wp-json\/wp\/v2\/media?parent=28827"}],"wp:term":[{"taxonomy":"category","embeddable":true,"href":"https:\/\/linitiative.ca\/International\/wp-json\/wp\/v2\/categories?post=28827"},{"taxonomy":"post_tag","embeddable":true,"href":"https:\/\/linitiative.ca\/International\/wp-json\/wp\/v2\/tags?post=28827"}],"curies":[{"name":"wp","href":"https:\/\/api.w.org\/{rel}","templated":true}]}}