{"id":28829,"date":"2019-04-19T16:37:54","date_gmt":"2019-04-19T20:37:54","guid":{"rendered":"https:\/\/linitiative.ca\/International\/chlef-le-depart-de-belaiz-ne-suffit-pas\/"},"modified":"2019-04-19T16:37:54","modified_gmt":"2019-04-19T20:37:54","slug":"chlef-le-depart-de-belaiz-ne-suffit-pas","status":"publish","type":"post","link":"https:\/\/linitiative.ca\/International\/chlef-le-depart-de-belaiz-ne-suffit-pas\/","title":{"rendered":"Chlef : Le d\u00e9part de Belaiz ne suffit pas"},"content":{"rendered":"<h4 class=\"title-14\"\/>\n<p>La d\u00e9mission de Taieb Belaiz, pr\u00e9sident du conseil constitutionnel, n\u2019a pas satisfait les attentes des nombreux manifestants qui sont sortis ce vendredi \u00a0dans les rues de Chlef pour r\u00e9clamer encore le d\u00e9part des autres membres \u00a0du syst\u00e8me d\u00e9cri\u00e9, \u00e0 savoir Abdelkader Bensalah et Nourdine Bedoui.<\/p>\n<p>C\u2019est une exigence inconditionnelle qui a \u00e9t\u00e9 r\u00e9it\u00e9r\u00e9e avec force par les protestataires au lendemain des consultations entam\u00e9es par le chef de l\u2019Etat avec des personnalit\u00e9s nationales et politiques.<\/p>\n<p>\u00ab\u00a0 Non seulement Bensalah et Bedoui doivent partir mais il n\u2019est pas question aussi que la p\u00e9riode de transition politique \u00e0 laquelle nous appelons, soit conduite par le pouvoir en place ou ce qu\u2019il en reste\u00a0\u00bb ont cri\u00e9 les manifestants tout au long de leur\u00a0 trajet.<\/p>\n<p>Ils d\u00e9noncent en outre les \u00ab\u00a0man\u0153uvres du r\u00e9gime visant \u00e0 organiser un simulacre d\u2019\u00e9lections le 4 juillet malgr\u00e9 le rejet massif du peuple alg\u00e9rien\u00a0\u00bb.\u00a0\u00ab\u00a0En tout cas, nous allons continuer \u00e0 marcher pacifiquement, main dans la main, y compris durant le mois sacr\u00e9 du Ramadhan, jusqu\u2019\u00e0 la satisfaction\u00a0 de nos revendications l\u00e9gitimes\u00a0\u00bb ont-ils encore scand\u00e9.<\/p>\n<p>Comme d\u2019habitude, le mouvement de protestation qui s\u2019est \u00e9branl\u00e9 de la place de la \u00ab\u00a0Solidarit\u00e9\u00a0\u00bb, au c\u0153ur de la ville de Chlef, juste apr\u00e8s la pri\u00e8re du vendredi, a sillonn\u00e9 les rues jusqu\u2019en fin d\u2019apr\u00e8s-midi .C\u2019est dire que les Ch\u00e9lifiens sont davantage d\u00e9termin\u00e9s \u00e0 poursuivre le mouvement populaire de protestation \u00a0pacifique.<\/p>\n<div class=\"yuzo_related_post style-1\" data-version=\"5.12.88\">\n<p><h3>Related Post<\/h3>\n<\/p>\n<div class=\"yuzo_wraps\">\n<div class=\"relatedthumb relatedpost-566658 c11\"><a href=\"https:\/\/www.elwatan.com\/edition\/actualite\/chlef-rejet-massif-du-pouvoir-29-03-2019\"\/><\/p>\n<p><span class=\"yuzo__text--title c10\">Chlef : rejet massif du pouvoir<\/span><\/div>\n<div class=\"relatedthumb relatedpost-569337 c11\"><a href=\"https:\/\/www.elwatan.com\/edition\/actualite\/chlef-maree-humaine-impressionnante-12-04-2019\"\/><\/p>\n<p><span class=\"yuzo__text--title c10\">Chlef : Mar\u00e9e humaine impressionnante<\/span><\/div>\n<div class=\"relatedthumb relatedpost-147712 c11\"><a href=\"https:\/\/www.elwatan.com\/regions\/ouest\/chlef\/rentree-scolaire-a-chlef-de-nouveaux-etablissements-ouvrent-leurs-portes-05-09-2018\"\/><\/p>\n<p><span class=\"yuzo__text--title c10\">Rentr\u00e9e scolaire \u00e0 Chlef : De nouveaux \u00e9tablisseme&#8230;<\/span><\/div>\n<div class=\"relatedthumb relatedpost-566827 c11\"><a href=\"https:\/\/www.elwatan.com\/edition\/actualite\/rejet-massif-du-pouvoir-a-chlef-30-03-2019\"\/><\/p>\n<p><span class=\"yuzo__text--title c10\">Rejet massif du pouvoir \u00e0 Chlef<\/span><\/div>\n<\/div>\n<\/div>\n<p><span class=\"post-views-label\">Post Views:<\/span> <span class=\"post-views-count\">0<\/span><\/p>\n<p>Auteur: Farouk Djouadi<br \/>\n<a href=\"https:\/\/www.elwatan.com\/edition\/actualite\/chlef-le-depart-de-belaiz-ne-suffit-pas-19-04-2019\">Cliquez ici pour lire l&rsquo;article depuis sa source.<\/a><\/p>\n","protected":false},"excerpt":{"rendered":"<p>La d\u00e9mission de Taieb Belaiz, pr\u00e9sident du conseil constitutionnel, n\u2019a pas satisfait les attentes des nombreux manifestants qui sont sortis ce vendredi \u00a0dans les rues de Chlef pour r\u00e9clamer encore le d\u00e9part des autres membres \u00a0du syst\u00e8me d\u00e9cri\u00e9, \u00e0 savoir Abdelkader Bensalah et Nourdine Bedoui. C\u2019est une exigence inconditionnelle qui a \u00e9t\u00e9 r\u00e9it\u00e9r\u00e9e avec force [&hellip;]<\/p>\n","protected":false},"author":1743,"featured_media":0,"comment_status":"closed","ping_status":"closed","sticky":false,"template":"","format":"standard","meta":{"fifu_image_url":"","fifu_image_alt":"","footnotes":""},"categories":[73,53],"tags":[],"class_list":["post-28829","post","type-post","status-publish","format-standard","hentry","category-actualite","category-algerie"],"_links":{"self":[{"href":"https:\/\/linitiative.ca\/International\/wp-json\/wp\/v2\/posts\/28829","targetHints":{"allow":["GET"]}}],"collection":[{"href":"https:\/\/linitiative.ca\/International\/wp-json\/wp\/v2\/posts"}],"about":[{"href":"https:\/\/linitiative.ca\/International\/wp-json\/wp\/v2\/types\/post"}],"author":[{"embeddable":true,"href":"https:\/\/linitiative.ca\/International\/wp-json\/wp\/v2\/users\/1743"}],"replies":[{"embeddable":true,"href":"https:\/\/linitiative.ca\/International\/wp-json\/wp\/v2\/comments?post=28829"}],"version-history":[{"count":0,"href":"https:\/\/linitiative.ca\/International\/wp-json\/wp\/v2\/posts\/28829\/revisions"}],"wp:attachment":[{"href":"https:\/\/linitiative.ca\/International\/wp-json\/wp\/v2\/media?parent=28829"}],"wp:term":[{"taxonomy":"category","embeddable":true,"href":"https:\/\/linitiative.ca\/International\/wp-json\/wp\/v2\/categories?post=28829"},{"taxonomy":"post_tag","embeddable":true,"href":"https:\/\/linitiative.ca\/International\/wp-json\/wp\/v2\/tags?post=28829"}],"curies":[{"name":"wp","href":"https:\/\/api.w.org\/{rel}","templated":true}]}}