{"id":28831,"date":"2019-04-19T08:31:00","date_gmt":"2019-04-19T12:31:00","guid":{"rendered":"https:\/\/linitiative.ca\/International\/sfax-la-ville-blanche-un-nouveau-livre-de-ridha-kallel\/"},"modified":"2019-04-19T08:31:00","modified_gmt":"2019-04-19T12:31:00","slug":"sfax-la-ville-blanche-un-nouveau-livre-de-ridha-kallel","status":"publish","type":"post","link":"https:\/\/linitiative.ca\/International\/sfax-la-ville-blanche-un-nouveau-livre-de-ridha-kallel\/","title":{"rendered":"Sfax, la ville blanche : un nouveau livre de Ridha Kallel"},"content":{"rendered":"<p><img loading=\"lazy\" decoding=\"async\" src=\"\/uploads\/FCK_files\/Sfax%20la%20ville%20blanche(1).jpg\" width=\"200\" vspace=\"5\" hspace=\"5\" height=\"313\" align=\"right\" alt=\"\"\/>En survol abandonnement illustr\u00e9 de douze si\u00e8cles d\u2019histoire, d\u2019urbanisme et de vivre ensemble, Ridha Kallel chante l\u2019amour de sa ville. Dans son nouveau livre \u00ab Sfax, la ville blanche \u00bb, il s\u2019emploie \u00e0 raconter cette \u00abterre d\u2019accueil et de tol\u00e9rance \u00bb. En cinq chapitres successifs, il traite de l\u2019espace urbain, des \u00e9crits des voyageurs, de la ville cosmopolite, des bases de l\u2019\u00e9conomie de l\u2019\u00e9conomie. Historien (doctorat), doubl\u00e9 de sp\u00e9cialiste en patrimoine et sciences mus\u00e9ographiques, Kallel est \u00e9galement journaliste et communicateur. Ce mix conf\u00e8re \u00e0 son regard sur Sfax \u00e0 la fois l\u2019approche du chercheur et le talent du conteur qui se confirment en ce neuvi\u00e8me ouvrage dont il est l\u2019auteur, tous consacr\u00e9s \u00e0 Sfax et \u00e0 ses illustres figures.<\/p>\n<p><strong>Sfax, la ville blanche\u00a0<\/strong><\/p>\n<p><em>De Ridha Kallel<\/em><\/p>\n<p><em>Imp. Nova Print, 2019, 186 p, 40 DT.<\/em><\/p>\n<p>Auteur:<br \/>\n<a href=\"https:\/\/www.leaders.com.tn\/article\/26930-sfax-la-ville-blanche-un-nouveau-livre-de-ridha-kallel\">Cliquez ici pour lire l&rsquo;article depuis sa source.<\/a><\/p>\n","protected":false},"excerpt":{"rendered":"<p>En survol abandonnement illustr\u00e9 de douze si\u00e8cles d\u2019histoire, d\u2019urbanisme et de vivre ensemble, Ridha Kallel chante l\u2019amour de sa ville. Dans son nouveau livre \u00ab Sfax, la ville blanche \u00bb, il s\u2019emploie \u00e0 raconter cette \u00abterre d\u2019accueil et de tol\u00e9rance \u00bb. En cinq chapitres successifs, il traite de l\u2019espace urbain, des \u00e9crits des voyageurs, de [&hellip;]<\/p>\n","protected":false},"author":1772,"featured_media":28832,"comment_status":"closed","ping_status":"closed","sticky":false,"template":"","format":"standard","meta":{"fifu_image_url":"","fifu_image_alt":"","footnotes":""},"categories":[73,55],"tags":[],"class_list":["post-28831","post","type-post","status-publish","format-standard","has-post-thumbnail","hentry","category-actualite","category-tunisie"],"_links":{"self":[{"href":"https:\/\/linitiative.ca\/International\/wp-json\/wp\/v2\/posts\/28831","targetHints":{"allow":["GET"]}}],"collection":[{"href":"https:\/\/linitiative.ca\/International\/wp-json\/wp\/v2\/posts"}],"about":[{"href":"https:\/\/linitiative.ca\/International\/wp-json\/wp\/v2\/types\/post"}],"author":[{"embeddable":true,"href":"https:\/\/linitiative.ca\/International\/wp-json\/wp\/v2\/users\/1772"}],"replies":[{"embeddable":true,"href":"https:\/\/linitiative.ca\/International\/wp-json\/wp\/v2\/comments?post=28831"}],"version-history":[{"count":0,"href":"https:\/\/linitiative.ca\/International\/wp-json\/wp\/v2\/posts\/28831\/revisions"}],"wp:featuredmedia":[{"embeddable":true,"href":"https:\/\/linitiative.ca\/International\/wp-json\/"}],"wp:attachment":[{"href":"https:\/\/linitiative.ca\/International\/wp-json\/wp\/v2\/media?parent=28831"}],"wp:term":[{"taxonomy":"category","embeddable":true,"href":"https:\/\/linitiative.ca\/International\/wp-json\/wp\/v2\/categories?post=28831"},{"taxonomy":"post_tag","embeddable":true,"href":"https:\/\/linitiative.ca\/International\/wp-json\/wp\/v2\/tags?post=28831"}],"curies":[{"name":"wp","href":"https:\/\/api.w.org\/{rel}","templated":true}]}}