{"id":28837,"date":"2019-04-19T11:34:00","date_gmt":"2019-04-19T15:34:00","guid":{"rendered":"https:\/\/linitiative.ca\/International\/pourquoi-fait-on-la-fine-bouche-face-au-bon-classement-de-reporters-sans-frontieres\/"},"modified":"2019-04-19T11:34:00","modified_gmt":"2019-04-19T15:34:00","slug":"pourquoi-fait-on-la-fine-bouche-face-au-bon-classement-de-reporters-sans-frontieres","status":"publish","type":"post","link":"https:\/\/linitiative.ca\/International\/pourquoi-fait-on-la-fine-bouche-face-au-bon-classement-de-reporters-sans-frontieres\/","title":{"rendered":"Pourquoi fait-on  la fine bouche  face au bon classement  de Reporters sans fronti\u00e8res ?"},"content":{"rendered":"<p>Consid\u00e9r\u00e9e d\u00e9j\u00e0 comme le seul pays d\u00e9mocratique de la r\u00e9gion Mena, la Tunisie vient de confirmer son nouveau statut en faisant un bond en avant dans le classement mondial de la libert\u00e9 de la presse 2019 \u00e9tabli annuellement par \u00abReporters sans fronti\u00e8res\u00bb, en se hissant de la\u00a0 97e place \u00e0 la 42e, gagnant ainsi 25 places. Dans son analyse des r\u00e9sultats, l\u2019organisation rel\u00e8ve que la Tunisie est \u00able seul pays d\u2019Afrique du Nord \u00e0 poursuivre sa transition vers la d\u00e9mocratisation\u00bb. Dans une r\u00e9gion o\u00f9 le journalisme est mis \u00e0 rude \u00e9preuve, la Tunisie fait figure d\u2019exception \u00bb. Apparemment, ce n\u2019est pas l\u2019avis\u00a0 du syndicat des journalistes. Il y a quelques jours, son\u00a0 pr\u00e9sident\u00a0 nous mettait en garde\u00bb contre le retour de dictature\u00bb. Abondant dans le m\u00eame sens, un de ses adjoints d\u00e9non\u00e7ait le jour m\u00eame de l\u2019annonce de ce classement, \u00abla politique d\u2019atermoiement du gouvernement qui risque de nous faire perdre\u00a0 les 25 points qu\u2019on vient de gagner\u00bb. Un de ses coll\u00e8gues est all\u00e9 jusqu\u2019 \u00e0 contester ce classement.opuss<br \/>A force de la pratiquer depuis la r\u00e9volution, l\u2019autoflagellation est devenue pour les Tunisiens une seconde nature.<br \/>\u00a0<\/p>\n<p>Auteur:<br \/>\n<a href=\"https:\/\/www.leaders.com.tn\/article\/26933-pourquoi-fait-on-la-fine-bouche-face-au-bon-classement-de-reporters-sans-frontieres\">Cliquez ici pour lire l&rsquo;article depuis sa source.<\/a><\/p>\n","protected":false},"excerpt":{"rendered":"<p>Consid\u00e9r\u00e9e d\u00e9j\u00e0 comme le seul pays d\u00e9mocratique de la r\u00e9gion Mena, la Tunisie vient de confirmer son nouveau statut en faisant un bond en avant dans le classement mondial de la libert\u00e9 de la presse 2019 \u00e9tabli annuellement par \u00abReporters sans fronti\u00e8res\u00bb, en se hissant de la\u00a0 97e place \u00e0 la 42e, gagnant ainsi 25 [&hellip;]<\/p>\n","protected":false},"author":1772,"featured_media":0,"comment_status":"closed","ping_status":"closed","sticky":false,"template":"","format":"standard","meta":{"fifu_image_url":"","fifu_image_alt":"","footnotes":""},"categories":[73,55],"tags":[],"class_list":["post-28837","post","type-post","status-publish","format-standard","hentry","category-actualite","category-tunisie"],"_links":{"self":[{"href":"https:\/\/linitiative.ca\/International\/wp-json\/wp\/v2\/posts\/28837","targetHints":{"allow":["GET"]}}],"collection":[{"href":"https:\/\/linitiative.ca\/International\/wp-json\/wp\/v2\/posts"}],"about":[{"href":"https:\/\/linitiative.ca\/International\/wp-json\/wp\/v2\/types\/post"}],"author":[{"embeddable":true,"href":"https:\/\/linitiative.ca\/International\/wp-json\/wp\/v2\/users\/1772"}],"replies":[{"embeddable":true,"href":"https:\/\/linitiative.ca\/International\/wp-json\/wp\/v2\/comments?post=28837"}],"version-history":[{"count":0,"href":"https:\/\/linitiative.ca\/International\/wp-json\/wp\/v2\/posts\/28837\/revisions"}],"wp:attachment":[{"href":"https:\/\/linitiative.ca\/International\/wp-json\/wp\/v2\/media?parent=28837"}],"wp:term":[{"taxonomy":"category","embeddable":true,"href":"https:\/\/linitiative.ca\/International\/wp-json\/wp\/v2\/categories?post=28837"},{"taxonomy":"post_tag","embeddable":true,"href":"https:\/\/linitiative.ca\/International\/wp-json\/wp\/v2\/tags?post=28837"}],"curies":[{"name":"wp","href":"https:\/\/api.w.org\/{rel}","templated":true}]}}