{"id":28841,"date":"2019-04-19T15:10:00","date_gmt":"2019-04-19T19:10:00","guid":{"rendered":"https:\/\/linitiative.ca\/International\/sept-mois-apres-la-fin-du-tawafek-caid-essebsi-et-ghannouchi-se-retrouvent\/"},"modified":"2019-04-19T15:10:00","modified_gmt":"2019-04-19T19:10:00","slug":"sept-mois-apres-la-fin-du-tawafek-caid-essebsi-et-ghannouchi-se-retrouvent","status":"publish","type":"post","link":"https:\/\/linitiative.ca\/International\/sept-mois-apres-la-fin-du-tawafek-caid-essebsi-et-ghannouchi-se-retrouvent\/","title":{"rendered":"Sept mois apr\u00e8s la fin du \u00abtawafek \u00bb, Ca\u00efd Essebsi et Ghannouchi se retrouvent"},"content":{"rendered":"<p class=\"MsoNormal\">Est-ce le signe d\u2019un r\u00e9chauffement des relations entre B\u00e9ji<span class=\"c2\">\u00a0<\/span> Ca\u00efd Essebsi et Rached <span class=\"c2\">\u00a0<\/span>Ghannouchi\u00a0? Sept mois apr\u00e8s la fin du \u00abTawafek\u00bb d\u00e9cr\u00e9t\u00e9 unilat\u00e9ralement par le chef de l\u2019Etat, sept mois au cours desquels, il n&rsquo;avait pas m\u00e9nag\u00e9 ses critiques \u00e0 Rached Ghannouchi \u00e0 la fois pour son appui \u00e0 Youssef Chahed et son refus de soutenir l&rsquo;initiative pr\u00e9sidentielle \u00e0 propos de l&rsquo;\u00e9galit\u00e9 successorale qui lui aurait permis d&rsquo;entrer dans l&rsquo;histoire comme l&rsquo;homme qui a r\u00e9ussi l\u00e0 o\u00f9 Bourguiiba avait \u00e9chou\u00e9. Comme en politique il n\u2019y a pas de ruptures \u00e9ternelles et d&rsquo;ententes \u00e9ternelles. Les deux hommes se retrouvent comme au bon vieux temps pour \u00e9changer leurs vues sur\u00a0 les probl\u00e8mes de l\u2019heure en Tunisie comme la situation sociale ou \u00e0 l\u2019\u00e9tranger, notamment le dossier libyen. <span class=\"c2\"><br \/><\/span><\/p>\n<p>Auteur:<br \/>\n<a href=\"https:\/\/www.leaders.com.tn\/article\/26940-sept-mois-apres-la-fin-du-tawafek-caid-essebsi-et-ghannouchi-se-retrouvent\">Cliquez ici pour lire l&rsquo;article depuis sa source.<\/a><\/p>\n","protected":false},"excerpt":{"rendered":"<p>Est-ce le signe d\u2019un r\u00e9chauffement des relations entre B\u00e9ji\u00a0 Ca\u00efd Essebsi et Rached \u00a0Ghannouchi\u00a0? Sept mois apr\u00e8s la fin du \u00abTawafek\u00bb d\u00e9cr\u00e9t\u00e9 unilat\u00e9ralement par le chef de l\u2019Etat, sept mois au cours desquels, il n&rsquo;avait pas m\u00e9nag\u00e9 ses critiques \u00e0 Rached Ghannouchi \u00e0 la fois pour son appui \u00e0 Youssef Chahed et son refus de [&hellip;]<\/p>\n","protected":false},"author":1772,"featured_media":0,"comment_status":"closed","ping_status":"closed","sticky":false,"template":"","format":"standard","meta":{"fifu_image_url":"","fifu_image_alt":"","footnotes":""},"categories":[73,55],"tags":[],"class_list":["post-28841","post","type-post","status-publish","format-standard","hentry","category-actualite","category-tunisie"],"_links":{"self":[{"href":"https:\/\/linitiative.ca\/International\/wp-json\/wp\/v2\/posts\/28841","targetHints":{"allow":["GET"]}}],"collection":[{"href":"https:\/\/linitiative.ca\/International\/wp-json\/wp\/v2\/posts"}],"about":[{"href":"https:\/\/linitiative.ca\/International\/wp-json\/wp\/v2\/types\/post"}],"author":[{"embeddable":true,"href":"https:\/\/linitiative.ca\/International\/wp-json\/wp\/v2\/users\/1772"}],"replies":[{"embeddable":true,"href":"https:\/\/linitiative.ca\/International\/wp-json\/wp\/v2\/comments?post=28841"}],"version-history":[{"count":0,"href":"https:\/\/linitiative.ca\/International\/wp-json\/wp\/v2\/posts\/28841\/revisions"}],"wp:attachment":[{"href":"https:\/\/linitiative.ca\/International\/wp-json\/wp\/v2\/media?parent=28841"}],"wp:term":[{"taxonomy":"category","embeddable":true,"href":"https:\/\/linitiative.ca\/International\/wp-json\/wp\/v2\/categories?post=28841"},{"taxonomy":"post_tag","embeddable":true,"href":"https:\/\/linitiative.ca\/International\/wp-json\/wp\/v2\/tags?post=28841"}],"curies":[{"name":"wp","href":"https:\/\/api.w.org\/{rel}","templated":true}]}}