{"id":28848,"date":"2019-04-19T10:01:18","date_gmt":"2019-04-19T14:01:18","guid":{"rendered":"https:\/\/linitiative.ca\/International\/ctm-celebre-un-siecle-dexistence\/"},"modified":"2019-04-19T10:01:18","modified_gmt":"2019-04-19T14:01:18","slug":"ctm-celebre-un-siecle-dexistence","status":"publish","type":"post","link":"https:\/\/linitiative.ca\/International\/ctm-celebre-un-siecle-dexistence\/","title":{"rendered":"CTM c\u00e9l\u00e8bre un si\u00e8cle d\u2019existence"},"content":{"rendered":"<p><strong>CTM<\/strong> c\u00e9l\u00e8bre son <strong>centenaire.<\/strong> L\u2019acteur majeur du transport routier et pionnier de la mobilit\u00e9 interurbaine au Maroc pr\u00e9voit un dispositif de c\u00e9l\u00e9bration pour remercier ses clients.<\/p>\n<div class=\"c10\"\/>\n<p>Cr\u00e9\u00e9e en 1919, CTM depuis ce temps n\u2019a eu de cesse de ce d\u00e9velopper afin d\u2019accompagner la modernisation du royaume, elle introduit les deux filiales CTM Messagerie et CTM Tourisme en 2000 et cr\u00e9e une nouvelle activit\u00e9 de transport du personnel \u00e0 travers la troisi\u00e8me filiale ISSAL en 2007.<\/p>\n<p>Dans le cadre de cette c\u00e9l\u00e9bration, CTM envisage de d\u00e9ployer un important dispositif destin\u00e9 \u00e0 ses passagers et aussi au grand public. Ainsi\u00a0, la compagnie r\u00e9f\u00e9rence du <strong>transport de passagers et de marchandises<\/strong> au Maroc a lanc\u00e9 une offre sp\u00e9ciale pour les familles, qui peuvent depuis le 1<sup>er<\/sup> janvier b\u00e9n\u00e9ficier de tarifs pr\u00e9f\u00e9rentiels, avec des r\u00e9ductions de 20% sur le co\u00fbt total des billets.<\/p>\n<p>Lire aussi : <a href=\"https:\/\/www.challenge.ma\/ctm-lance-de-nouveaux-services-96984\/\" target=\"_blank\" rel=\"noopener noreferrer\">CTM lance de nouveaux services<\/a><\/p>\n<p>\u00ab Au fil de ses 100 ans, CTM a jou\u00e9 un r\u00f4le essentiel dans le d\u00e9veloppement social et \u00e9conomique du Maroc, en transportant non seulement des passagers ou des marchandises, mais aussi des \u00e9motions et des souvenirs, avec l\u2019engagement moral de participer au d\u00e9senclavement des r\u00e9gions, de rapprocher les Marocains, et de d\u00e9mocratiser le voyage dans les meilleures conditions de confort et de s\u00e9curit\u00e9 \u00bb, a soulign\u00e9 Ezzoubeir Errhaimini, pr\u00e9sident directeur g\u00e9n\u00e9ral de CTM.<\/p>\n<p><img loading=\"lazy\" decoding=\"async\" class=\"size-medium wp-image-107973\" src=\"https:\/\/www.challenge.ma\/wp-content\/uploads\/2019\/04\/IMG-20190419-WA00351-300x199.jpg\" alt=\"\" width=\"300\" height=\"199\" srcset=\"https:\/\/www.challenge.ma\/wp-content\/uploads\/2019\/04\/IMG-20190419-WA00351-300x199.jpg 300w, https:\/\/www.challenge.ma\/wp-content\/uploads\/2019\/04\/IMG-20190419-WA00351-768x511.jpg 768w, https:\/\/www.challenge.ma\/wp-content\/uploads\/2019\/04\/IMG-20190419-WA00351-1024x681.jpg 1024w, https:\/\/www.challenge.ma\/wp-content\/uploads\/2019\/04\/IMG-20190419-WA00351-360x239.jpg 360w, https:\/\/www.challenge.ma\/wp-content\/uploads\/2019\/04\/IMG-20190419-WA00351-750x499.jpg 750w, https:\/\/www.challenge.ma\/wp-content\/uploads\/2019\/04\/IMG-20190419-WA00351.jpg 1280w\" sizes=\"auto, (max-width: 300px) 100vw, 300px\"\/>M. Ezzoubeir Errhaimini, Pr\u00e9sident Directeur G\u00e9n\u00e9ral de CTM<\/p>\n<p>Rappelons qu\u2019en 1993,\u00a0la CTM est devenue la premi\u00e8re entreprise c\u00e9d\u00e9e par l\u2019Etat marocain dans le cadre de la politique de privatisation lanc\u00e9e par feu Sa Majest\u00e9 Hassan II, et l\u2019une des premi\u00e8res valeurs cot\u00e9es \u00e0 la bourse des valeurs de Casablanca.<\/p>\n<div class=\"c17\">\n<fieldset class=\"c16\">\n<legend><strong><span class=\"c11\">Challenge<\/span><span class=\"c12\">news<\/span><\/strong><\/legend>\n<div class=\"c15\">Le meilleur de la r\u00e9daction s\u00e9lectionn\u00e9 par Challenge :<\/p>\n<\/div>\n<\/fieldset>\n<\/div>\n<p>Auteur: Hajar DARI<br \/>\n<a href=\"https:\/\/www.challenge.ma\/ctm-celebre-un-siecle-dexistence-107942\/\">Cliquez ici pour lire l&rsquo;article depuis sa source.<\/a><\/p>\n","protected":false},"excerpt":{"rendered":"<p>CTM c\u00e9l\u00e8bre son centenaire. L\u2019acteur majeur du transport routier et pionnier de la mobilit\u00e9 interurbaine au Maroc pr\u00e9voit un dispositif de c\u00e9l\u00e9bration pour remercier ses clients. Cr\u00e9\u00e9e en 1919, CTM depuis ce temps n\u2019a eu de cesse de ce d\u00e9velopper afin d\u2019accompagner la modernisation du royaume, elle introduit les deux filiales CTM Messagerie et CTM [&hellip;]<\/p>\n","protected":false},"author":1787,"featured_media":28849,"comment_status":"closed","ping_status":"closed","sticky":false,"template":"","format":"standard","meta":{"fifu_image_url":"","fifu_image_alt":"","footnotes":""},"categories":[78,54],"tags":[],"class_list":["post-28848","post","type-post","status-publish","format-standard","has-post-thumbnail","hentry","category-economie","category-maroc"],"_links":{"self":[{"href":"https:\/\/linitiative.ca\/International\/wp-json\/wp\/v2\/posts\/28848","targetHints":{"allow":["GET"]}}],"collection":[{"href":"https:\/\/linitiative.ca\/International\/wp-json\/wp\/v2\/posts"}],"about":[{"href":"https:\/\/linitiative.ca\/International\/wp-json\/wp\/v2\/types\/post"}],"author":[{"embeddable":true,"href":"https:\/\/linitiative.ca\/International\/wp-json\/wp\/v2\/users\/1787"}],"replies":[{"embeddable":true,"href":"https:\/\/linitiative.ca\/International\/wp-json\/wp\/v2\/comments?post=28848"}],"version-history":[{"count":0,"href":"https:\/\/linitiative.ca\/International\/wp-json\/wp\/v2\/posts\/28848\/revisions"}],"wp:featuredmedia":[{"embeddable":true,"href":"https:\/\/linitiative.ca\/International\/wp-json\/"}],"wp:attachment":[{"href":"https:\/\/linitiative.ca\/International\/wp-json\/wp\/v2\/media?parent=28848"}],"wp:term":[{"taxonomy":"category","embeddable":true,"href":"https:\/\/linitiative.ca\/International\/wp-json\/wp\/v2\/categories?post=28848"},{"taxonomy":"post_tag","embeddable":true,"href":"https:\/\/linitiative.ca\/International\/wp-json\/wp\/v2\/tags?post=28848"}],"curies":[{"name":"wp","href":"https:\/\/api.w.org\/{rel}","templated":true}]}}