{"id":28859,"date":"2019-04-19T16:08:51","date_gmt":"2019-04-19T20:08:51","guid":{"rendered":"https:\/\/linitiative.ca\/International\/tunisie-le-collectif-de-defense-de-slim-riahi-slim-a-faute-en-revelant-son-intention-de-rentrer-et-la-date-prevue-de-son-retour\/"},"modified":"2019-04-19T16:08:51","modified_gmt":"2019-04-19T20:08:51","slug":"tunisie-le-collectif-de-defense-de-slim-riahi-slim-a-faute-en-revelant-son-intention-de-rentrer-et-la-date-prevue-de-son-retour","status":"publish","type":"post","link":"https:\/\/linitiative.ca\/International\/tunisie-le-collectif-de-defense-de-slim-riahi-slim-a-faute-en-revelant-son-intention-de-rentrer-et-la-date-prevue-de-son-retour\/","title":{"rendered":"Tunisie \u2013 Le collectif de d\u00e9fense de Slim Riahi\u00a0: Slim a faut\u00e9 en r\u00e9v\u00e9lant son intention de rentrer et la date pr\u00e9vue de son retour"},"content":{"rendered":"<div class=\"post-cont-in left relative\">\n<div class=\"nc_socialPanel swp_flatFresh swp_d_fullColor swp_i_fullColor swp_o_fullColor scale-100 scale-fullWidth\" data-position=\"none\" data-float=\"floatNone\" data-count=\"5\" data-floatcolor=\"#ffffff\" data-emphasize=\"0\">\n<div class=\"nc_tweetContainer totes totesalt\" data-id=\"6\"><span class=\"swp_count\"><span class=\"swp_label\">Partages<\/span> 0<\/span><\/div>\n<\/div>\n<p>Le pr\u00e9sident du collectif de d\u00e9fense de Slim Riahi, Ta\u00efeb Bessadok, a annonc\u00e9, ce vendredi, avoir rencontr\u00e9 son client, en d\u00e9but de semaine, \u00e0 Paris. Il a ajout\u00e9 que le moment n\u2019est pas propice pour son retour au pays, expliquant que son client a fait l\u2019erreur d\u2019annoncer la date pr\u00e9vue de son retour, ce qui fait d\u00e9clencher des d\u00e9cisions juridiques \u00e0 son encontre. Il a annonc\u00e9 que, dans son int\u00e9r\u00eat, Slim Riahi ne devra rentrer en Tunisie qu\u2019apr\u00e8s les \u00e9lections.<\/p>\n<p>Quant \u00e0 l\u2019affaire soulev\u00e9e contre lui, il a expliqu\u00e9 que la plainte a \u00e9t\u00e9 d\u00e9pos\u00e9e par un groupe d\u2019escrocs, qui se revendiquent, sans aucun droit, du gouvernement libyen. Il a ajout\u00e9 que cette plainte n\u2019a aucun sens et que Slim Riahi n\u2019a aucun probl\u00e8me avec l\u2019Etat libyen, et pour preuve, il a annonc\u00e9 que son client a obtenu de nombreux contrats dans le cadre de la reconstruction du pays apr\u00e8s les ann\u00e9es de guerre.<\/p>\n<div class=\"code-block code-block-1 c3\"><ins class=\"adsbygoogle c2\" data-ad-layout=\"in-article\" data-ad-format=\"fluid\" data-ad-client=\"ca-pub-2102118777505746\" data-ad-slot=\"7301775417\"\/> <\/div>\n<div class=\"mvp-org-wrap mvp-org-logo\" itemprop=\"publisher\" itemscope=\"\" itemtype=\"https:\/\/schema.org\/Organization\"><img decoding=\"async\" src=\"https:\/\/www.tunisienumerique.com\/wp-content\/uploads\/2017\/02\/logo_tunisie_numerique.png\"\/><\/div>\n<div class=\"nc_socialPanel swp_flatFresh swp_d_fullColor swp_i_fullColor swp_o_fullColor scale-100 scale-fullWidth\" data-position=\"none\" data-float=\"floatNone\" data-count=\"5\" data-floatcolor=\"#ffffff\" data-emphasize=\"0\">\n<div class=\"nc_tweetContainer totes totesalt\" data-id=\"6\"><span class=\"swp_count\"><span class=\"swp_label\">Partages<\/span> 0<\/span><\/div>\n<\/div>\n<div class=\"mvp-related-posts left relative\">\n<h4 class=\"post-header\"><span class=\"post-header\">Lire aussi<\/span><\/h4>\n<\/div>\n<\/div>\n<p>Auteur: LM<br \/>\n<a href=\"https:\/\/www.tunisienumerique.com\/tunisie-le-collectif-de-defense-de-slim-riahi-slim-a-faute-en-revelant-son-intention-de-rentrer-et-la-date-prevue-de-son-retour\/\">Cliquez ici pour lire l&rsquo;article depuis sa source.<\/a><\/p>\n","protected":false},"excerpt":{"rendered":"<p>Partages 0 Le pr\u00e9sident du collectif de d\u00e9fense de Slim Riahi, Ta\u00efeb Bessadok, a annonc\u00e9, ce vendredi, avoir rencontr\u00e9 son client, en d\u00e9but de semaine, \u00e0 Paris. Il a ajout\u00e9 que le moment n\u2019est pas propice pour son retour au pays, expliquant que son client a fait l\u2019erreur d\u2019annoncer la date pr\u00e9vue de son retour, [&hellip;]<\/p>\n","protected":false},"author":1789,"featured_media":28860,"comment_status":"closed","ping_status":"closed","sticky":false,"template":"","format":"standard","meta":{"fifu_image_url":"","fifu_image_alt":"","footnotes":""},"categories":[73,55],"tags":[],"class_list":["post-28859","post","type-post","status-publish","format-standard","has-post-thumbnail","hentry","category-actualite","category-tunisie"],"_links":{"self":[{"href":"https:\/\/linitiative.ca\/International\/wp-json\/wp\/v2\/posts\/28859","targetHints":{"allow":["GET"]}}],"collection":[{"href":"https:\/\/linitiative.ca\/International\/wp-json\/wp\/v2\/posts"}],"about":[{"href":"https:\/\/linitiative.ca\/International\/wp-json\/wp\/v2\/types\/post"}],"author":[{"embeddable":true,"href":"https:\/\/linitiative.ca\/International\/wp-json\/wp\/v2\/users\/1789"}],"replies":[{"embeddable":true,"href":"https:\/\/linitiative.ca\/International\/wp-json\/wp\/v2\/comments?post=28859"}],"version-history":[{"count":0,"href":"https:\/\/linitiative.ca\/International\/wp-json\/wp\/v2\/posts\/28859\/revisions"}],"wp:featuredmedia":[{"embeddable":true,"href":"https:\/\/linitiative.ca\/International\/wp-json\/"}],"wp:attachment":[{"href":"https:\/\/linitiative.ca\/International\/wp-json\/wp\/v2\/media?parent=28859"}],"wp:term":[{"taxonomy":"category","embeddable":true,"href":"https:\/\/linitiative.ca\/International\/wp-json\/wp\/v2\/categories?post=28859"},{"taxonomy":"post_tag","embeddable":true,"href":"https:\/\/linitiative.ca\/International\/wp-json\/wp\/v2\/tags?post=28859"}],"curies":[{"name":"wp","href":"https:\/\/api.w.org\/{rel}","templated":true}]}}