{"id":28861,"date":"2019-04-19T16:17:38","date_gmt":"2019-04-19T20:17:38","guid":{"rendered":"https:\/\/linitiative.ca\/International\/tunisie-arrestation-du-coupable-du-meurtre-par-immolation-dun-adulte-a-kairouan\/"},"modified":"2019-04-19T16:17:38","modified_gmt":"2019-04-19T20:17:38","slug":"tunisie-arrestation-du-coupable-du-meurtre-par-immolation-dun-adulte-a-kairouan","status":"publish","type":"post","link":"https:\/\/linitiative.ca\/International\/tunisie-arrestation-du-coupable-du-meurtre-par-immolation-dun-adulte-a-kairouan\/","title":{"rendered":"Tunisie \u2013 Arrestation du coupable du meurtre par immolation d\u2019un adulte \u00e0 Kairouan"},"content":{"rendered":"<div class=\"post-cont-in left relative\">\n<div class=\"nc_socialPanel swp_flatFresh swp_d_fullColor swp_i_fullColor swp_o_fullColor scale-100 scale-fullWidth\" data-position=\"none\" data-float=\"floatNone\" data-count=\"5\" data-floatcolor=\"#ffffff\" data-emphasize=\"0\">\n<div class=\"nc_tweetContainer totes totesalt\" data-id=\"6\"><span class=\"swp_count\"><span class=\"swp_label\">Partages<\/span> 0<\/span><\/div>\n<\/div>\n<p>Les forces de l\u2019ordre ont r\u00e9ussi \u00e0 mettre la main sur le principal accus\u00e9 dans l\u2019affaire du meurtre d\u2019un adulte par immolation \u00e0 Kairouan. Il aurait \u00e9t\u00e9 appr\u00e9hend\u00e9 dans la r\u00e9gion de Sousse.<\/p>\n<p>Les faits remontent au 11 avril courant quand la victime a reproch\u00e9 \u00e0 l\u2019assassin de dire des obsc\u00e9nit\u00e9s devant chez lui, lui demandant de quitter les lieux.<\/p>\n<div class=\"code-block code-block-1 c3\"><ins class=\"adsbygoogle c2\" data-ad-layout=\"in-article\" data-ad-format=\"fluid\" data-ad-client=\"ca-pub-2102118777505746\" data-ad-slot=\"7301775417\"\/> <\/div>\n<p>L\u2019agresseur a, alors asperg\u00e9 sa victime de carburant avant d\u2019y mettre le feu.<\/p>\n<p>La victime est d\u00e9c\u00e9d\u00e9e, ce matin, au centre des grands br\u00fbl\u00e9s de Ben Arous, des suites de ses l\u00e9sions.<\/p>\n<div class=\"mvp-org-wrap mvp-org-logo\" itemprop=\"publisher\" itemscope=\"\" itemtype=\"https:\/\/schema.org\/Organization\"><img decoding=\"async\" src=\"https:\/\/www.tunisienumerique.com\/wp-content\/uploads\/2017\/02\/logo_tunisie_numerique.png\"\/><\/div>\n<div class=\"nc_socialPanel swp_flatFresh swp_d_fullColor swp_i_fullColor swp_o_fullColor scale-100 scale-fullWidth\" data-position=\"none\" data-float=\"floatNone\" data-count=\"5\" data-floatcolor=\"#ffffff\" data-emphasize=\"0\">\n<div class=\"nc_tweetContainer totes totesalt\" data-id=\"6\"><span class=\"swp_count\"><span class=\"swp_label\">Partages<\/span> 0<\/span><\/div>\n<\/div>\n<div class=\"mvp-related-posts left relative\">\n<h4 class=\"post-header\"><span class=\"post-header\">Lire aussi<\/span><\/h4>\n<\/div>\n<\/div>\n<p>Auteur: LM<br \/>\n<a href=\"https:\/\/www.tunisienumerique.com\/tunisie-arrestation-du-coupable-du-meurtre-par-immolation-dun-adulte-a-kairouan\/\">Cliquez ici pour lire l&rsquo;article depuis sa source.<\/a><\/p>\n","protected":false},"excerpt":{"rendered":"<p>Partages 0 Les forces de l\u2019ordre ont r\u00e9ussi \u00e0 mettre la main sur le principal accus\u00e9 dans l\u2019affaire du meurtre d\u2019un adulte par immolation \u00e0 Kairouan. Il aurait \u00e9t\u00e9 appr\u00e9hend\u00e9 dans la r\u00e9gion de Sousse. Les faits remontent au 11 avril courant quand la victime a reproch\u00e9 \u00e0 l\u2019assassin de dire des obsc\u00e9nit\u00e9s devant chez [&hellip;]<\/p>\n","protected":false},"author":1789,"featured_media":28862,"comment_status":"closed","ping_status":"closed","sticky":false,"template":"","format":"standard","meta":{"fifu_image_url":"","fifu_image_alt":"","footnotes":""},"categories":[73,55],"tags":[],"class_list":["post-28861","post","type-post","status-publish","format-standard","has-post-thumbnail","hentry","category-actualite","category-tunisie"],"_links":{"self":[{"href":"https:\/\/linitiative.ca\/International\/wp-json\/wp\/v2\/posts\/28861","targetHints":{"allow":["GET"]}}],"collection":[{"href":"https:\/\/linitiative.ca\/International\/wp-json\/wp\/v2\/posts"}],"about":[{"href":"https:\/\/linitiative.ca\/International\/wp-json\/wp\/v2\/types\/post"}],"author":[{"embeddable":true,"href":"https:\/\/linitiative.ca\/International\/wp-json\/wp\/v2\/users\/1789"}],"replies":[{"embeddable":true,"href":"https:\/\/linitiative.ca\/International\/wp-json\/wp\/v2\/comments?post=28861"}],"version-history":[{"count":0,"href":"https:\/\/linitiative.ca\/International\/wp-json\/wp\/v2\/posts\/28861\/revisions"}],"wp:featuredmedia":[{"embeddable":true,"href":"https:\/\/linitiative.ca\/International\/wp-json\/"}],"wp:attachment":[{"href":"https:\/\/linitiative.ca\/International\/wp-json\/wp\/v2\/media?parent=28861"}],"wp:term":[{"taxonomy":"category","embeddable":true,"href":"https:\/\/linitiative.ca\/International\/wp-json\/wp\/v2\/categories?post=28861"},{"taxonomy":"post_tag","embeddable":true,"href":"https:\/\/linitiative.ca\/International\/wp-json\/wp\/v2\/tags?post=28861"}],"curies":[{"name":"wp","href":"https:\/\/api.w.org\/{rel}","templated":true}]}}