{"id":28863,"date":"2019-04-19T16:24:37","date_gmt":"2019-04-19T20:24:37","guid":{"rendered":"https:\/\/linitiative.ca\/International\/tunisie-le-geste-de-reconnaissance-de-sonia-ben-cheikh\/"},"modified":"2019-04-19T16:24:37","modified_gmt":"2019-04-19T20:24:37","slug":"tunisie-le-geste-de-reconnaissance-de-sonia-ben-cheikh","status":"publish","type":"post","link":"https:\/\/linitiative.ca\/International\/tunisie-le-geste-de-reconnaissance-de-sonia-ben-cheikh\/","title":{"rendered":"Tunisie \u2013 Le geste de reconnaissance de Sonia Ben Cheikh"},"content":{"rendered":"<div class=\"post-cont-in left relative\">\n<div class=\"nc_socialPanel swp_flatFresh swp_d_fullColor swp_i_fullColor swp_o_fullColor scale-100 scale-fullWidth\" data-position=\"none\" data-float=\"floatNone\" data-count=\"5\" data-floatcolor=\"#ffffff\" data-emphasize=\"0\">\n<div class=\"nc_tweetContainer totes totesalt\" data-id=\"6\"><span class=\"swp_count\"><span class=\"swp_label\">Partages<\/span> 0<\/span><\/div>\n<\/div>\n<p>La ministre de la sant\u00e9 par int\u00e9rim a tenu, \u00e0 l\u2019occasion des festivit\u00e9s de l\u2019anniversaire de la cr\u00e9ation des forces de l\u2019ordre tunisiennes, \u00e0 rendre hommage aux agents qui assurent la s\u00e9curisation du minist\u00e8re, des h\u00f4pitaux et de toute la colline de La Rabta.<\/p>\n<p>Elle a tenu a offrir \u00e0 l\u2019un des agents en faction, un bouquet de fleurs, en signe de reconnaissance pour leurs efforts pour faire r\u00e9gner la s\u00e9curit\u00e9 dans la zone.<\/p>\n<div class=\"code-block code-block-1 c3\"><ins class=\"adsbygoogle c2\" data-ad-layout=\"in-article\" data-ad-format=\"fluid\" data-ad-client=\"ca-pub-2102118777505746\" data-ad-slot=\"7301775417\"\/> <\/div>\n<p><img loading=\"lazy\" decoding=\"async\" class=\"aligncenter size-full wp-image-429355\" src=\"https:\/\/www.tunisienumerique.com\/wp-content\/uploads\/2019\/04\/sania.jpg\" alt=\"\" width=\"770\" height=\"780\" srcset=\"https:\/\/www.tunisienumerique.com\/wp-content\/uploads\/2019\/04\/sania.jpg 770w, https:\/\/www.tunisienumerique.com\/wp-content\/uploads\/2019\/04\/sania-768x778.jpg 768w, https:\/\/www.tunisienumerique.com\/wp-content\/uploads\/2019\/04\/sania-600x608.jpg 600w, https:\/\/www.tunisienumerique.com\/wp-content\/uploads\/2019\/04\/sania-80x80.jpg 80w\" sizes=\"auto, (max-width: 770px) 100vw, 770px\"\/><\/p>\n<div class=\"mvp-org-wrap mvp-org-logo\" itemprop=\"publisher\" itemscope=\"\" itemtype=\"https:\/\/schema.org\/Organization\"><img decoding=\"async\" src=\"https:\/\/www.tunisienumerique.com\/wp-content\/uploads\/2017\/02\/logo_tunisie_numerique.png\"\/><\/div>\n<div class=\"nc_socialPanel swp_flatFresh swp_d_fullColor swp_i_fullColor swp_o_fullColor scale-100 scale-fullWidth\" data-position=\"none\" data-float=\"floatNone\" data-count=\"5\" data-floatcolor=\"#ffffff\" data-emphasize=\"0\">\n<div class=\"nc_tweetContainer totes totesalt\" data-id=\"6\"><span class=\"swp_count\"><span class=\"swp_label\">Partages<\/span> 0<\/span><\/div>\n<\/div>\n<div class=\"mvp-related-posts left relative\">\n<h4 class=\"post-header\"><span class=\"post-header\">Lire aussi<\/span><\/h4>\n<\/div>\n<\/div>\n<p>Auteur: LM<br \/>\n<a href=\"https:\/\/www.tunisienumerique.com\/tunisie-le-geste-de-reconnaissance-de-sonia-ben-cheikh\/\">Cliquez ici pour lire l&rsquo;article depuis sa source.<\/a><\/p>\n","protected":false},"excerpt":{"rendered":"<p>Partages 0 La ministre de la sant\u00e9 par int\u00e9rim a tenu, \u00e0 l\u2019occasion des festivit\u00e9s de l\u2019anniversaire de la cr\u00e9ation des forces de l\u2019ordre tunisiennes, \u00e0 rendre hommage aux agents qui assurent la s\u00e9curisation du minist\u00e8re, des h\u00f4pitaux et de toute la colline de La Rabta. Elle a tenu a offrir \u00e0 l\u2019un des agents [&hellip;]<\/p>\n","protected":false},"author":1789,"featured_media":28864,"comment_status":"closed","ping_status":"closed","sticky":false,"template":"","format":"standard","meta":{"fifu_image_url":"","fifu_image_alt":"","footnotes":""},"categories":[73,55],"tags":[],"class_list":["post-28863","post","type-post","status-publish","format-standard","has-post-thumbnail","hentry","category-actualite","category-tunisie"],"_links":{"self":[{"href":"https:\/\/linitiative.ca\/International\/wp-json\/wp\/v2\/posts\/28863","targetHints":{"allow":["GET"]}}],"collection":[{"href":"https:\/\/linitiative.ca\/International\/wp-json\/wp\/v2\/posts"}],"about":[{"href":"https:\/\/linitiative.ca\/International\/wp-json\/wp\/v2\/types\/post"}],"author":[{"embeddable":true,"href":"https:\/\/linitiative.ca\/International\/wp-json\/wp\/v2\/users\/1789"}],"replies":[{"embeddable":true,"href":"https:\/\/linitiative.ca\/International\/wp-json\/wp\/v2\/comments?post=28863"}],"version-history":[{"count":0,"href":"https:\/\/linitiative.ca\/International\/wp-json\/wp\/v2\/posts\/28863\/revisions"}],"wp:featuredmedia":[{"embeddable":true,"href":"https:\/\/linitiative.ca\/International\/wp-json\/"}],"wp:attachment":[{"href":"https:\/\/linitiative.ca\/International\/wp-json\/wp\/v2\/media?parent=28863"}],"wp:term":[{"taxonomy":"category","embeddable":true,"href":"https:\/\/linitiative.ca\/International\/wp-json\/wp\/v2\/categories?post=28863"},{"taxonomy":"post_tag","embeddable":true,"href":"https:\/\/linitiative.ca\/International\/wp-json\/wp\/v2\/tags?post=28863"}],"curies":[{"name":"wp","href":"https:\/\/api.w.org\/{rel}","templated":true}]}}