{"id":28867,"date":"2019-04-19T16:40:04","date_gmt":"2019-04-19T20:40:04","guid":{"rendered":"https:\/\/linitiative.ca\/International\/tunisie-feriana-des-protestataires-brulent-le-poste-de-la-garde-nationale-et-bloquent-la-route\/"},"modified":"2019-04-19T16:40:04","modified_gmt":"2019-04-19T20:40:04","slug":"tunisie-feriana-des-protestataires-brulent-le-poste-de-la-garde-nationale-et-bloquent-la-route","status":"publish","type":"post","link":"https:\/\/linitiative.ca\/International\/tunisie-feriana-des-protestataires-brulent-le-poste-de-la-garde-nationale-et-bloquent-la-route\/","title":{"rendered":"Tunisie \u2013 Feriana\u00a0: Des protestataires br\u00fblent le poste de la garde nationale et bloquent la route"},"content":{"rendered":"<div class=\"post-cont-in left relative\">\n<div class=\"nc_socialPanel swp_flatFresh swp_d_fullColor swp_i_fullColor swp_o_fullColor scale-100 scale-fullWidth\" data-position=\"none\" data-float=\"floatNone\" data-count=\"5\" data-floatcolor=\"#ffffff\" data-emphasize=\"0\">\n<div class=\"nc_tweetContainer totes totesalt\" data-id=\"6\"><span class=\"swp_count\"><span class=\"swp_label\">Partages<\/span> 0<\/span><\/div>\n<\/div>\n<p>TunisieNumerique a appris de la bouche d\u2019un des proches du jeune contrebandier tu\u00e9 par balle dans une course poursuite avec une patrouille de la garde douani\u00e8re, que F\u00e9riana, dont \u00e9tait originaire la victime, connait un \u00e9tat de tension palpable. Les protestataires ayant bloqu\u00e9 les routes \u00e0 l\u2019aide de pneus incendi\u00e9s, et br\u00fbl\u00e9 le poste de la garde nationale de la ville.<\/p>\n<p>Ils revendiquent l\u2019arrestation des responsables du d\u00e9c\u00e8s du contrebandier, et leur traduction devant la justice pour meurtre avec pr\u00e9m\u00e9ditation.<\/p>\n<div class=\"code-block code-block-1 c3\"><ins class=\"adsbygoogle c2\" data-ad-layout=\"in-article\" data-ad-format=\"fluid\" data-ad-client=\"ca-pub-2102118777505746\" data-ad-slot=\"7301775417\"\/> <\/div>\n<div class=\"mvp-org-wrap mvp-org-logo\" itemprop=\"publisher\" itemscope=\"\" itemtype=\"https:\/\/schema.org\/Organization\"><img decoding=\"async\" src=\"https:\/\/www.tunisienumerique.com\/wp-content\/uploads\/2017\/02\/logo_tunisie_numerique.png\"\/><\/div>\n<div class=\"nc_socialPanel swp_flatFresh swp_d_fullColor swp_i_fullColor swp_o_fullColor scale-100 scale-fullWidth\" data-position=\"none\" data-float=\"floatNone\" data-count=\"5\" data-floatcolor=\"#ffffff\" data-emphasize=\"0\">\n<div class=\"nc_tweetContainer totes totesalt\" data-id=\"6\"><span class=\"swp_count\"><span class=\"swp_label\">Partages<\/span> 0<\/span><\/div>\n<\/div>\n<div class=\"mvp-related-posts left relative\">\n<h4 class=\"post-header\"><span class=\"post-header\">Lire aussi<\/span><\/h4>\n<\/div>\n<\/div>\n<p>Auteur: LM<br \/>\n<a href=\"https:\/\/www.tunisienumerique.com\/tunisie-feriana-des-protestataires-brulent-le-poste-de-la-garde-nationale-et-bloquent-la-route\/\">Cliquez ici pour lire l&rsquo;article depuis sa source.<\/a><\/p>\n","protected":false},"excerpt":{"rendered":"<p>Partages 0 TunisieNumerique a appris de la bouche d\u2019un des proches du jeune contrebandier tu\u00e9 par balle dans une course poursuite avec une patrouille de la garde douani\u00e8re, que F\u00e9riana, dont \u00e9tait originaire la victime, connait un \u00e9tat de tension palpable. Les protestataires ayant bloqu\u00e9 les routes \u00e0 l\u2019aide de pneus incendi\u00e9s, et br\u00fbl\u00e9 le [&hellip;]<\/p>\n","protected":false},"author":1789,"featured_media":28868,"comment_status":"closed","ping_status":"closed","sticky":false,"template":"","format":"standard","meta":{"fifu_image_url":"","fifu_image_alt":"","footnotes":""},"categories":[73,55],"tags":[],"class_list":["post-28867","post","type-post","status-publish","format-standard","has-post-thumbnail","hentry","category-actualite","category-tunisie"],"_links":{"self":[{"href":"https:\/\/linitiative.ca\/International\/wp-json\/wp\/v2\/posts\/28867","targetHints":{"allow":["GET"]}}],"collection":[{"href":"https:\/\/linitiative.ca\/International\/wp-json\/wp\/v2\/posts"}],"about":[{"href":"https:\/\/linitiative.ca\/International\/wp-json\/wp\/v2\/types\/post"}],"author":[{"embeddable":true,"href":"https:\/\/linitiative.ca\/International\/wp-json\/wp\/v2\/users\/1789"}],"replies":[{"embeddable":true,"href":"https:\/\/linitiative.ca\/International\/wp-json\/wp\/v2\/comments?post=28867"}],"version-history":[{"count":0,"href":"https:\/\/linitiative.ca\/International\/wp-json\/wp\/v2\/posts\/28867\/revisions"}],"wp:featuredmedia":[{"embeddable":true,"href":"https:\/\/linitiative.ca\/International\/wp-json\/"}],"wp:attachment":[{"href":"https:\/\/linitiative.ca\/International\/wp-json\/wp\/v2\/media?parent=28867"}],"wp:term":[{"taxonomy":"category","embeddable":true,"href":"https:\/\/linitiative.ca\/International\/wp-json\/wp\/v2\/categories?post=28867"},{"taxonomy":"post_tag","embeddable":true,"href":"https:\/\/linitiative.ca\/International\/wp-json\/wp\/v2\/tags?post=28867"}],"curies":[{"name":"wp","href":"https:\/\/api.w.org\/{rel}","templated":true}]}}