{"id":28871,"date":"2019-04-19T17:23:49","date_gmt":"2019-04-19T21:23:49","guid":{"rendered":"https:\/\/linitiative.ca\/International\/incendie-de-la-cathedrale-de-notre-dame-de-paris-la-police-pense-connaitre-la-cause\/"},"modified":"2019-04-19T17:23:49","modified_gmt":"2019-04-19T21:23:49","slug":"incendie-de-la-cathedrale-de-notre-dame-de-paris-la-police-pense-connaitre-la-cause","status":"publish","type":"post","link":"https:\/\/linitiative.ca\/International\/incendie-de-la-cathedrale-de-notre-dame-de-paris-la-police-pense-connaitre-la-cause\/","title":{"rendered":"Incendie de la cath\u00e9drale de Notre Dame de Paris\u00a0: La police pense connaitre la cause"},"content":{"rendered":"<div class=\"post-cont-in left relative\">\n<div class=\"nc_socialPanel swp_flatFresh swp_d_fullColor swp_i_fullColor swp_o_fullColor scale-100 scale-fullWidth\" data-position=\"none\" data-float=\"floatNone\" data-count=\"5\" data-floatcolor=\"#ffffff\" data-emphasize=\"0\">\n<div class=\"nc_tweetContainer totes totesalt\" data-id=\"6\"><span class=\"swp_count\"><span class=\"swp_label\">Partages<\/span> 0<\/span><\/div>\n<\/div>\n<p>Un responsable de la police parisienne a annonc\u00e9 \u00e0 l\u2019agence Associated Press, que la cause la plus probable, retenue, pour le moment, par les enqu\u00eateurs, concernant l\u2019incendie de la Cath\u00e9drale Notre Dame de Paris, est une masse \u00e9lectrique qui aurait embras\u00e9 l\u2019\u00e9chafaudage en bois de la toiture de l\u2019\u00e9difice.<\/p>\n<div class=\"mvp-org-wrap mvp-org-logo\" itemprop=\"publisher\" itemscope=\"\" itemtype=\"https:\/\/schema.org\/Organization\"><img decoding=\"async\" src=\"https:\/\/www.tunisienumerique.com\/wp-content\/uploads\/2017\/02\/logo_tunisie_numerique.png\"\/><\/div>\n<div class=\"post-tags\"><span class=\"post-tags-header\">Sujets Connexes:<\/span><\/div>\n<div class=\"nc_socialPanel swp_flatFresh swp_d_fullColor swp_i_fullColor swp_o_fullColor scale-100 scale-fullWidth\" data-position=\"none\" data-float=\"floatNone\" data-count=\"5\" data-floatcolor=\"#ffffff\" data-emphasize=\"0\">\n<div class=\"nc_tweetContainer totes totesalt\" data-id=\"6\"><span class=\"swp_count\"><span class=\"swp_label\">Partages<\/span> 0<\/span><\/div>\n<\/div>\n<\/div>\n<p>Auteur: LM<br \/>\n<a href=\"https:\/\/www.tunisienumerique.com\/incendie-de-la-cathedrale-de-notre-dame-de-paris-la-police-pense-connaitre-la-cause\/\">Cliquez ici pour lire l&rsquo;article depuis sa source.<\/a><\/p>\n","protected":false},"excerpt":{"rendered":"<p>Partages 0 Un responsable de la police parisienne a annonc\u00e9 \u00e0 l\u2019agence Associated Press, que la cause la plus probable, retenue, pour le moment, par les enqu\u00eateurs, concernant l\u2019incendie de la Cath\u00e9drale Notre Dame de Paris, est une masse \u00e9lectrique qui aurait embras\u00e9 l\u2019\u00e9chafaudage en bois de la toiture de l\u2019\u00e9difice. Sujets Connexes: Partages 0 [&hellip;]<\/p>\n","protected":false},"author":1789,"featured_media":28872,"comment_status":"closed","ping_status":"closed","sticky":false,"template":"","format":"standard","meta":{"fifu_image_url":"","fifu_image_alt":"","footnotes":""},"categories":[73,55],"tags":[],"class_list":["post-28871","post","type-post","status-publish","format-standard","has-post-thumbnail","hentry","category-actualite","category-tunisie"],"_links":{"self":[{"href":"https:\/\/linitiative.ca\/International\/wp-json\/wp\/v2\/posts\/28871","targetHints":{"allow":["GET"]}}],"collection":[{"href":"https:\/\/linitiative.ca\/International\/wp-json\/wp\/v2\/posts"}],"about":[{"href":"https:\/\/linitiative.ca\/International\/wp-json\/wp\/v2\/types\/post"}],"author":[{"embeddable":true,"href":"https:\/\/linitiative.ca\/International\/wp-json\/wp\/v2\/users\/1789"}],"replies":[{"embeddable":true,"href":"https:\/\/linitiative.ca\/International\/wp-json\/wp\/v2\/comments?post=28871"}],"version-history":[{"count":0,"href":"https:\/\/linitiative.ca\/International\/wp-json\/wp\/v2\/posts\/28871\/revisions"}],"wp:featuredmedia":[{"embeddable":true,"href":"https:\/\/linitiative.ca\/International\/wp-json\/"}],"wp:attachment":[{"href":"https:\/\/linitiative.ca\/International\/wp-json\/wp\/v2\/media?parent=28871"}],"wp:term":[{"taxonomy":"category","embeddable":true,"href":"https:\/\/linitiative.ca\/International\/wp-json\/wp\/v2\/categories?post=28871"},{"taxonomy":"post_tag","embeddable":true,"href":"https:\/\/linitiative.ca\/International\/wp-json\/wp\/v2\/tags?post=28871"}],"curies":[{"name":"wp","href":"https:\/\/api.w.org\/{rel}","templated":true}]}}