{"id":28874,"date":"2019-04-19T14:18:06","date_gmt":"2019-04-19T18:18:06","guid":{"rendered":"https:\/\/linitiative.ca\/International\/femua-12-trois-emissions-speciales-en-public-de-rfi-prevues-du-24-au-26-avril-2019\/"},"modified":"2019-04-19T14:18:06","modified_gmt":"2019-04-19T18:18:06","slug":"femua-12-trois-emissions-speciales-en-public-de-rfi-prevues-du-24-au-26-avril-2019","status":"publish","type":"post","link":"https:\/\/linitiative.ca\/International\/femua-12-trois-emissions-speciales-en-public-de-rfi-prevues-du-24-au-26-avril-2019\/","title":{"rendered":"FEMUA 12: trois \u00e9missions sp\u00e9ciales en public de RFI pr\u00e9vues du 24 au 26 avril 2019"},"content":{"rendered":"<div readability=\"32\">\n<p>Publi\u00e9 le 19.04.2019 \u00e0 19h18 par APA News<\/p>\n<\/div>\n<div readability=\"147\">\n<p>Une \u00e9quipe de Radio France Internationale (RFI), tient du 24 au 26 avril 2019 en C\u00f4te d\u2019Ivoire, trois \u00e9missions sp\u00e9ciales en public, notamment \u00ab Priorit\u00e9 sant\u00e9 \u00bb, \u00ab Appels sur l\u2019actualit\u00e9 \u00bb et \u00ab Couleurs tropicales \u00bb, annonce un communiqu\u00e9 transmis vendredi \u00e0 APA.Les enregistrements de ces trois magazines phares de RFI, partenaire du Festival des musiques urbaines d\u2019Anoumabo (FEMUA), se d\u00e9rouleront le \u00ab mercredi 24, jeudi 25 et vendredi 26 avril \u00bb \u00e0 Abidjan et \u00e0 Gagnoa, indique la note qui souligne que \u00ab l\u2019entr\u00e9e est libre dans la limite des places disponibles \u00bb.<\/p>\n<p>Selon le programme, l\u2019\u00e9mission \u00ab Priorit\u00e9 Sant\u00e9 \u00bb de Caroline Par\u00e9 est pr\u00e9vue le mercredi 24 avril \u00e0 15h30 \u00e0 l\u2019Institut national de la jeunesse et des sports d\u2019Abidjan, \u00e0 Marcory \u00a0(Sud) autour du th\u00e8me : \u00ab Les jeunes et la contraception \u00bb, la diffusion \u00e9tant fix\u00e9e pour le jeudi 25 avril \u00e0 09h10 (GMT).<\/p>\n<p>Sur cette \u00e9mission sant\u00e9, il sera en outre d\u00e9battu de la question \u00ab Quelle contraception pour les jeunes en C\u00f4te d\u2019Ivoire ? Quels sont les freins ? Qu\u2019en pensent les a\u00een\u00e9s ? \u00bb le jeudi 25 avril \u00e0 15h30 \u00a0\u00e0 l\u2019INJS de Marcory. La diffusion est programm\u00e9e pour le vendredi 26 avril \u00e0 09h10 (GMT, heure locale).\u00a0<\/p>\n<p>Caroline Par\u00e9 \u00e9changera \u00e9galement avec le public sur les questions suivantes : \u00ab Comment con\u00e7oit-on la relation de couple : dans l\u2019instant ou la dur\u00e9e ? \u00a0Quel sens donner \u00e0 l\u2019engagement et comment faire comprendre sa vision des choses ? \u00a0Existe-t-il un \u00e2ge id\u00e9al ? \u00bb.<\/p>\n<p>\u00ab Appels sur l\u2019actualit\u00e9 \u00bb de Juan Gomez, elle, d\u00e9bute le mercredi 24 avril \u00e0 16h45 \u00e0 l\u2019INJS de Marcory avec le th\u00e8me \u00ab Vers une \u00e9lection apais\u00e9e ? \u00bb. Le pr\u00e9sident Alassane Ouattara assure que la pr\u00e9sidentielle de 2020 se \u00ab passera bien \u00bb et appelle les uns et les autres \u00e0 \u00ab arr\u00eater de se faire peur \u00bb. Ces inqui\u00e9tudes sont-elles justifi\u00e9es ? Faut-il s\u2019attendre \u00e0 des tensions ? Telles sont les questions sous-jacentes qui alimenteront l\u2019\u00e9mission dont la diffusion est pr\u00e9vue le jeudi 25 avril \u00e0 08h10.<\/p>\n<p>Des personnalit\u00e9s politiques ont \u00e9t\u00e9 invit\u00e9es pour enrichir le d\u00e9bat, \u00a0notamment Mamadou Tour\u00e9, porte-parole adjoint du Rassemblement des Houphou\u00ebtistes pour la d\u00e9mocratie et la paix (Rhdp, pouvoir), Jean-Louis Billon, secr\u00e9taire ex\u00e9cutif du Parti d\u00e9mocratique de C\u00f4te d\u2019Ivoire (Pdci) charg\u00e9 de l\u2019information et de la communication et Alain Lobognon, d\u00e9put\u00e9, proche de Guillaume Soro.<\/p>\n<p>\u00a0Le jeudi 25 avril \u00e0 16h45 \u00e0 l\u2019INJS de Marcory se poursuivra l\u2019\u00e9mission \u00ab Appels sur l\u2019actualit\u00e9 \u00bb sur les propos de certaines populations : \u00ab On ne mange pas goudron, on ne mange pas b\u00e9ton \u00bb. La diffusion est pr\u00e9vue le vendredi 25 avril \u00e0 08h10.\u00a0<\/p>\n<p>\u00ab Malgr\u00e9, la croissance, des chantiers et des infrastructures qui se multiplient, la pauvret\u00e9 stagne en C\u00f4te d\u2019Ivoire. Le pr\u00e9sident Ouattara a fait de la politique sociale la priorit\u00e9 de la fin de son mandat \u00bb. Sant\u00e9, protection sociale, \u00e9ducation, eau, \u00e9lectricit\u00e9 et logements, seront \u00e9voqu\u00e9s. A cet effet, les r\u00e9actions sur les conditions de vie des populations et leurs pr\u00e9occupations sont attendues.\u00a0<\/p>\n<p><ins data-revive-zoneid=\"9\" data-revive-id=\"10111e19d28d19d031742ee3b0b33eb0\"\/> <\/p>\n<p>Avec Sidi Tour\u00e9, ministre de la Communication et des m\u00e9dias, porte-parole du gouvernement, et Fran\u00e7ois Aka B\u00e9dia, professeur d\u2019\u00e9conomie \u00e0 l\u2019Universit\u00e9 de Bouak\u00e9 (centre ivoirien), se d\u00e9rouleront les \u00e9changes.\u00a0<\/p>\n<p>Le vendredi 26 avril, l\u2019\u00e9mission se d\u00e9place au Lyc\u00e9e professionnel de Gagnoa (Ouest) o\u00f9 elle aura lieu \u00e0 15h. La localit\u00e9 de Gagnoa est le fief de Laurent Gbagbo. L\u2019\u00e9mission dans cette ville se diffus\u00e9e le lundi 29 avril \u00e0 08h10).<\/p>\n<p>\u00ab Du refus de Laurent Gbagbo de reconna\u00eetre sa d\u00e9faite en 2010 \u00e0 la d\u00e9cision de la CPI d\u2019acquitter l\u2019ex-pr\u00e9sident de crimes contre l\u2019humanit\u00e9, comment ses partisans ont-ils v\u00e9cu toutes ces ann\u00e9es ? \u00a0Comment envisagent-ils son avenir et la r\u00e9conciliation nationale ? \u00bb. Cet ensemble de question sera d\u00e9battu avec S\u00e9ri Gouagnon, vice-pr\u00e9sident Front populaire ivoirien (FPI, le parti de Gbagbo), et Abel Djohor\u00e9, d\u00e9put\u00e9 Rhdp de Ouragahio, ville situ\u00e9e \u00e0 20 Km de Gagnoa.<\/p>\n<p>La troisi\u00e8me \u00e9mission \u00ab Couleurs tropicales \u00bb anim\u00e9e par Claudy Siar, d\u00e9bute le mercredi 24 avril \u00e0 18h \u00e0 l\u2019INJS de Marcory avec les artistes Claire Bailly, Moli\u00e8re, Josey et Mulukuku Dj et sera diffus\u00e9e le jeudi 25 avril \u00e0 20h10. Le \u00a0jeudi 25 avril \u00e0 18h \u00e0 l\u2019INJS de Marcory sont invit\u00e9s Bi Pomi Jr, Chantal Taiba, Ariel Sheney, Nafassi et Teeyah. La diffusion est pr\u00e9vue le vendredi 26 avril \u00e0 20h10).<\/p>\n<p>Le vendredi 26 avril dans un quartier d\u2019Abidjan est pr\u00e9vue l\u2019\u00e9mission sp\u00e9ciale \u00ab G\u00e9n\u00e9ration consciente. \u00bb dont la diffusion a \u00e9t\u00e9 programm\u00e9e le lundi 29 avril \u00e0 20h10 (heure d\u2019Abidjan sur l\u2019antenne Afrique). L\u2019\u00e9mission sp\u00e9ciale \u00ab G\u00e9n\u00e9ration consciente \u00bb se d\u00e9roulera autour du th\u00e8me du FEMUA 2019 : \u00ab Genres et d\u00e9veloppement \u00bb.\u00a0<\/p>\n<p>Le FEMUA 12, pr\u00e9vu du 23 au 28 avril 2019, s\u2019articulera autour du th\u00e8me : \u00ab Genre et d\u00e9veloppement \u00bb avec comme pays invit\u00e9 le Burkina Faso.<\/p>\n<\/div>\n<p>Auteur: APA News<br \/>\n<a href=\"https:\/\/www.journalducameroun.com\/fr\/femua-12-trois-emissions-speciales-en-public-de-rfi-prevues-du-24-au-26-avril-2019\/\">Cliquez ici pour lire l&rsquo;article depuis sa source.<\/a><\/p>\n","protected":false},"excerpt":{"rendered":"<p>Publi\u00e9 le 19.04.2019 \u00e0 19h18 par APA News Une \u00e9quipe de Radio France Internationale (RFI), tient du 24 au 26 avril 2019 en C\u00f4te d\u2019Ivoire, trois \u00e9missions sp\u00e9ciales en public, notamment \u00ab Priorit\u00e9 sant\u00e9 \u00bb, \u00ab Appels sur l\u2019actualit\u00e9 \u00bb et \u00ab Couleurs tropicales \u00bb, annonce un communiqu\u00e9 transmis vendredi \u00e0 APA.Les enregistrements de ces [&hellip;]<\/p>\n","protected":false},"author":1965,"featured_media":0,"comment_status":"closed","ping_status":"closed","sticky":false,"template":"","format":"standard","meta":{"fifu_image_url":"","fifu_image_alt":"","footnotes":""},"categories":[73,82],"tags":[],"class_list":["post-28874","post","type-post","status-publish","format-standard","hentry","category-actualite","category-cameroun"],"_links":{"self":[{"href":"https:\/\/linitiative.ca\/International\/wp-json\/wp\/v2\/posts\/28874","targetHints":{"allow":["GET"]}}],"collection":[{"href":"https:\/\/linitiative.ca\/International\/wp-json\/wp\/v2\/posts"}],"about":[{"href":"https:\/\/linitiative.ca\/International\/wp-json\/wp\/v2\/types\/post"}],"author":[{"embeddable":true,"href":"https:\/\/linitiative.ca\/International\/wp-json\/wp\/v2\/users\/1965"}],"replies":[{"embeddable":true,"href":"https:\/\/linitiative.ca\/International\/wp-json\/wp\/v2\/comments?post=28874"}],"version-history":[{"count":0,"href":"https:\/\/linitiative.ca\/International\/wp-json\/wp\/v2\/posts\/28874\/revisions"}],"wp:attachment":[{"href":"https:\/\/linitiative.ca\/International\/wp-json\/wp\/v2\/media?parent=28874"}],"wp:term":[{"taxonomy":"category","embeddable":true,"href":"https:\/\/linitiative.ca\/International\/wp-json\/wp\/v2\/categories?post=28874"},{"taxonomy":"post_tag","embeddable":true,"href":"https:\/\/linitiative.ca\/International\/wp-json\/wp\/v2\/tags?post=28874"}],"curies":[{"name":"wp","href":"https:\/\/api.w.org\/{rel}","templated":true}]}}