{"id":28875,"date":"2019-04-19T14:18:07","date_gmt":"2019-04-19T18:18:07","guid":{"rendered":"https:\/\/linitiative.ca\/International\/cote-divoire-22-des-enfants-de-moins-de-cinq-ans-accusent-un-retard-de-croissance-enquete\/"},"modified":"2019-04-19T14:18:07","modified_gmt":"2019-04-19T18:18:07","slug":"cote-divoire-22-des-enfants-de-moins-de-cinq-ans-accusent-un-retard-de-croissance-enquete","status":"publish","type":"post","link":"https:\/\/linitiative.ca\/International\/cote-divoire-22-des-enfants-de-moins-de-cinq-ans-accusent-un-retard-de-croissance-enquete\/","title":{"rendered":"C\u00f4te d\u2019Ivoire : 22% des enfants de moins de cinq ans accusent un retard de croissance (Enqu\u00eate)"},"content":{"rendered":"<div readability=\"32\">\n<p>Publi\u00e9 le 19.04.2019 \u00e0 19h18 par APA News<\/p>\n<\/div>\n<div readability=\"71\">\n<p>Environ 22% des enfants de moins de cinq ans en C\u00f4te d\u2019Ivoire accusent un retard de croissance avec une malnutrition chronique plus importante dans les zones rurales, indique le minist\u00e8re ivoirien de la sant\u00e9 et de l\u2019hygi\u00e8ne publique dans le dossier d\u2019investissement national dans la sant\u00e9 (2020-2024) se fondant sur une enqu\u00eate r\u00e9alis\u00e9e en 2016.\u00ab Chez les enfants de moins de 5 ans, 22% accusaient un retard de croissance, 6% souffraient d\u2019\u00e9maciation et \u00a013% d\u2019insuffisance pond\u00e9rale. La malnutrition chronique est plus importante dans les zones rurales que dans les zones urbaines (27,5% contre 12,5%) et dans les r\u00e9gions du Nord et du centre-ouest ( 30% et 29%)\u00bb, rapporte ce document se r\u00e9f\u00e9rant \u00e0 l\u2019enqu\u00eate en grappes \u00e0 indicateurs multiples ( MICS) de 2016 dans le pays.<\/p>\n<p>\u00a0Selon cette enqu\u00eate, il existe \u00e9galement un lien de corr\u00e9lation entre le niveau d\u2019instruction de la m\u00e8re et le retard de croissance. En effet, apprend le MICS 2016, en C\u00f4te d\u2019Ivoire, \u00a024% des enfants dont la m\u00e8re n\u2019avait pas fait d\u2019\u00e9tudes souffraient d\u2019un retard de croissance, tandis qu\u2019ils n\u2019\u00e9taient que 15% parmi les enfants dont la m\u00e8re avait fait des \u00e9tudes secondaires ou sup\u00e9rieures.<\/p>\n<p>\u00a0\u00ab L\u2019une des principales causes de la malnutrition est li\u00e9e au faible pourcentage ( 23,5%) de nourrissons qui sont nourris exclusivement au sein pendant les six premiers mois de leur vie. Ce taux \u00e9tait bien en de\u00e7\u00e0 de l\u2019objectif national de 50% \u00e9tabli pour 2020\u00bb, explique le document soulignant que seuls 65,5% des enfants \u00e2g\u00e9s de 6 \u00e0 9 mois ont b\u00e9n\u00e9fici\u00e9 d\u2019une alimentation de compl\u00e9ment.\u00a0<\/p>\n<p><ins data-revive-zoneid=\"9\" data-revive-id=\"10111e19d28d19d031742ee3b0b33eb0\"\/> <\/p>\n<p>Le dossier d\u2019investissement national dans la sant\u00e9 2020-2024, un outil qui vise \u00e0 renforcer le syst\u00e8me sanitaire en C\u00f4te d\u2019Ivoire, a \u00e9t\u00e9 estim\u00e9 \u00e0 plus de 1658 milliards FCFA au terme du premier dialogue national sur le financement de la sant\u00e9 qui a r\u00e9uni pr\u00e8s de 500 acteurs nationaux et internationaux de ce secteur.<\/p>\n<p>Ce dialogue national sur la sant\u00e9 qui a referm\u00e9 ses portes jeudi apr\u00e8s trois jours de r\u00e9flexions, a pour objectif majeur de rendre le secteur de la sant\u00e9 \u00a0\u00abtotalement efficace et efficient\u00bb en C\u00f4te d\u2019Ivoire.<\/p>\n<\/div>\n<p>Auteur: APA News<br \/>\n<a href=\"https:\/\/www.journalducameroun.com\/fr\/cote-divoire-22-des-enfants-de-moins-de-cinq-ans-accusent-un-retard-de-croissance-enquete\/\">Cliquez ici pour lire l&rsquo;article depuis sa source.<\/a><\/p>\n","protected":false},"excerpt":{"rendered":"<p>Publi\u00e9 le 19.04.2019 \u00e0 19h18 par APA News Environ 22% des enfants de moins de cinq ans en C\u00f4te d\u2019Ivoire accusent un retard de croissance avec une malnutrition chronique plus importante dans les zones rurales, indique le minist\u00e8re ivoirien de la sant\u00e9 et de l\u2019hygi\u00e8ne publique dans le dossier d\u2019investissement national dans la sant\u00e9 (2020-2024) [&hellip;]<\/p>\n","protected":false},"author":1965,"featured_media":0,"comment_status":"closed","ping_status":"closed","sticky":false,"template":"","format":"standard","meta":{"fifu_image_url":"","fifu_image_alt":"","footnotes":""},"categories":[73,82],"tags":[],"class_list":["post-28875","post","type-post","status-publish","format-standard","hentry","category-actualite","category-cameroun"],"_links":{"self":[{"href":"https:\/\/linitiative.ca\/International\/wp-json\/wp\/v2\/posts\/28875","targetHints":{"allow":["GET"]}}],"collection":[{"href":"https:\/\/linitiative.ca\/International\/wp-json\/wp\/v2\/posts"}],"about":[{"href":"https:\/\/linitiative.ca\/International\/wp-json\/wp\/v2\/types\/post"}],"author":[{"embeddable":true,"href":"https:\/\/linitiative.ca\/International\/wp-json\/wp\/v2\/users\/1965"}],"replies":[{"embeddable":true,"href":"https:\/\/linitiative.ca\/International\/wp-json\/wp\/v2\/comments?post=28875"}],"version-history":[{"count":0,"href":"https:\/\/linitiative.ca\/International\/wp-json\/wp\/v2\/posts\/28875\/revisions"}],"wp:attachment":[{"href":"https:\/\/linitiative.ca\/International\/wp-json\/wp\/v2\/media?parent=28875"}],"wp:term":[{"taxonomy":"category","embeddable":true,"href":"https:\/\/linitiative.ca\/International\/wp-json\/wp\/v2\/categories?post=28875"},{"taxonomy":"post_tag","embeddable":true,"href":"https:\/\/linitiative.ca\/International\/wp-json\/wp\/v2\/tags?post=28875"}],"curies":[{"name":"wp","href":"https:\/\/api.w.org\/{rel}","templated":true}]}}