{"id":28876,"date":"2019-04-19T14:50:02","date_gmt":"2019-04-19T18:50:02","guid":{"rendered":"https:\/\/linitiative.ca\/International\/habitants-et-rescapes-prient-pour-les-victimes-de-laccident-de-madere\/"},"modified":"2019-04-19T14:50:02","modified_gmt":"2019-04-19T18:50:02","slug":"habitants-et-rescapes-prient-pour-les-victimes-de-laccident-de-madere","status":"publish","type":"post","link":"https:\/\/linitiative.ca\/International\/habitants-et-rescapes-prient-pour-les-victimes-de-laccident-de-madere\/","title":{"rendered":"Habitants et rescap\u00e9s prient pour les victimes de l\u2019accident de Mad\u00e8re"},"content":{"rendered":"<div readability=\"32\">\n<p>Publi\u00e9 le 19.04.2019 \u00e0 19h50 par AFP<\/p>\n<\/div>\n<div readability=\"136\">\n<p>Touristes et habitants de l\u2019\u00eele portugaise de Mad\u00e8re ont pri\u00e9 et partag\u00e9 leur douleur avec certains des rescap\u00e9s de l\u2019accident de car qui a tu\u00e9 mercredi 29 vacanciers allemands, lors d\u2019un vendredi saint de \u00ab\u00a0grande souffrance\u00a0\u00bb.<\/p>\n<p>\u00ab\u00a0C\u2019est un jour de grande souffrance pour les survivants de cet accident terrible et dramatique qui est survenu\u00a0\u00bb, a d\u00e9clar\u00e9 la pasteure allemande de l\u2019\u00e9glise presbyt\u00e9rienne de Mad\u00e8re, Ilse Berardo, avant une c\u00e9l\u00e9bration en hommage aux victimes.<\/p>\n<p>Dans le modeste b\u00e2timent entour\u00e9 de plantes tropicales, situ\u00e9 dans le centre historique de Funchal, la capitale de l\u2019archipel, une atmosph\u00e8re lourde de chagrin accompagne la foule rassembl\u00e9e pour la c\u00e9r\u00e9monie pascale, en pr\u00e9sence du pr\u00e9sident portugais, Marcelo Rebelo de Sousa et de l\u2019\u00e9v\u00eaque de Funchal, Nuno Bras.<\/p>\n<p>Alors que les premiers chants liturgiques r\u00e9sonnent sous la charpente de bois, des survivants, certains le visage encore tum\u00e9fi\u00e9, franchissent le porche de l\u2019\u00e9glise, la mine abattue et sans mot dire.<\/p>\n<p>Ils sont suivis par quelques Portugais, la plupart proches des victimes, comme Ana Maria Rodrigues, propri\u00e9taire d\u2019un restaurant qui a perdu plusieurs amis allemands dans l\u2019accident.<\/p>\n<p>\u00ab\u00a0C\u2019est vraiment horrible ce qui est arriv\u00e9, je ne pouvais qu\u2019exprimer ma solidarit\u00e9 avec les victimes\u00a0\u00bb, dit les larmes aux yeux Ingrid Sousa, une Allemande install\u00e9e \u00e0 Mad\u00e8re depuis une cinquantaine d\u2019ann\u00e9es et membre de la communaut\u00e9 luth\u00e9rienne de l\u2019\u00eele.<\/p>\n<p>Sur les lieux de l\u2019accident, survenu mercredi dans le village de Cani\u00e7o, \u00e0 un dizaine de kilom\u00e8tres de l\u00e0, l\u2019ambiance \u00e9tait tout aussi pesante.<\/p>\n<p>Chaque autocar de tourisme entrant ou sortant de l\u2019h\u00f4tel Quinta Splendida, o\u00f9 logeaient les touristes allemands tu\u00e9s dans l\u2019accident, attirait des regards inquiets.<\/p>\n<p>\u2013 \u00ab\u00a0La boule au ventre\u00a0\u00bb \u2013<\/p>\n<p>Journalistes, touristes et habitants du village refaisaient \u00e0 pied le trajet d\u2019environ 200 m\u00e8tres parcouru par le v\u00e9hicule depuis cet \u00e9tablissement quatre \u00e9toiles jusqu\u2019\u00e0 sa chute, dans le premier virage.<\/p>\n<p><ins data-revive-zoneid=\"9\" data-revive-id=\"10111e19d28d19d031742ee3b0b33eb0\"\/> <\/p>\n<p>Les murs \u00e9rafl\u00e9s, les poteaux arrach\u00e9s ou pli\u00e9s et la maison au toit \u00e9ventr\u00e9 en contrebas de la route o\u00f9 l\u2019autocar a fini sa course, t\u00e9moignaient de la violence du drame.<\/p>\n<p>Revenu \u00e0 Cani\u00e7o apr\u00e8s plusieurs ann\u00e9es pass\u00e9es en Angleterre, Marco Nobrega contemple le vide avec angoisse.<\/p>\n<p>\u00ab\u00a0Cela aurait pu \u00eatre moi \u00e0 leur place. Depuis, je crains moi aussi de perdre le contr\u00f4le de mon minibus touristique\u00a0\u00bb, avoue \u00e0 l\u2019AFP le chauffeur de 45 ans.<\/p>\n<p>Reprendre l\u2019autocar, Martina et Reinhard Ladevig, couple d\u2019Allemands venus de Berlin pour des vacances de dix jours au Quinta Splendida en ont tr\u00e8s peur.<\/p>\n<p>\u00ab\u00a0Nous avons c\u00f4toy\u00e9 et parl\u00e9 avec quelques-unes des victimes avant cette trag\u00e9die, d\u00e9sormais nous avons la boule au ventre \u00e0 chaque fois que nous prenons la route pour une excursion\u00a0\u00bb, confie \u00e0 l\u2019AFP Reinhard Ladevig, ing\u00e9nieur en \u00e9lectricit\u00e9 de 63 ans.<\/p>\n<p>Main dans la main, les \u00e9poux ont fait partie des rares personnes ayant eu le courage de sortir de l\u2019h\u00f4tel pour se rendre sur les lieux de l\u2019accident puis \u00e0 la c\u00e9l\u00e9bration en hommage aux victimes.<\/p>\n<p>Jeudi soir, pour le d\u00e9but des messes pascales, l\u2019\u00e9glise de Cani\u00e7o faisait d\u00e9j\u00e0 le plein pour rendre un premier hommage aux victimes.<\/p>\n<p>\u00ab\u00a0C\u2019est la pire trag\u00e9die de notre village\u00a0\u00bb, t\u00e9moignait Ermelinda Neves, habitante de 69 ans, ch\u00e2le rouge autour du cou. \u00ab\u00a0C\u2019est la pire semaine sainte de ma vie. Cette ann\u00e9e je ne prie que pour les victimes\u00a0\u00bb.<\/p>\n<\/div>\n<p>Auteur: AFP<br \/>\n<a href=\"https:\/\/www.journalducameroun.com\/fr\/habitants-et-rescapes-prient-pour-les-victimes-de-laccident-de-madere\/\">Cliquez ici pour lire l&rsquo;article depuis sa source.<\/a><\/p>\n","protected":false},"excerpt":{"rendered":"<p>Publi\u00e9 le 19.04.2019 \u00e0 19h50 par AFP Touristes et habitants de l\u2019\u00eele portugaise de Mad\u00e8re ont pri\u00e9 et partag\u00e9 leur douleur avec certains des rescap\u00e9s de l\u2019accident de car qui a tu\u00e9 mercredi 29 vacanciers allemands, lors d\u2019un vendredi saint de \u00ab\u00a0grande souffrance\u00a0\u00bb. \u00ab\u00a0C\u2019est un jour de grande souffrance pour les survivants de cet accident [&hellip;]<\/p>\n","protected":false},"author":1965,"featured_media":0,"comment_status":"closed","ping_status":"closed","sticky":false,"template":"","format":"standard","meta":{"fifu_image_url":"","fifu_image_alt":"","footnotes":""},"categories":[73,82],"tags":[],"class_list":["post-28876","post","type-post","status-publish","format-standard","hentry","category-actualite","category-cameroun"],"_links":{"self":[{"href":"https:\/\/linitiative.ca\/International\/wp-json\/wp\/v2\/posts\/28876","targetHints":{"allow":["GET"]}}],"collection":[{"href":"https:\/\/linitiative.ca\/International\/wp-json\/wp\/v2\/posts"}],"about":[{"href":"https:\/\/linitiative.ca\/International\/wp-json\/wp\/v2\/types\/post"}],"author":[{"embeddable":true,"href":"https:\/\/linitiative.ca\/International\/wp-json\/wp\/v2\/users\/1965"}],"replies":[{"embeddable":true,"href":"https:\/\/linitiative.ca\/International\/wp-json\/wp\/v2\/comments?post=28876"}],"version-history":[{"count":0,"href":"https:\/\/linitiative.ca\/International\/wp-json\/wp\/v2\/posts\/28876\/revisions"}],"wp:attachment":[{"href":"https:\/\/linitiative.ca\/International\/wp-json\/wp\/v2\/media?parent=28876"}],"wp:term":[{"taxonomy":"category","embeddable":true,"href":"https:\/\/linitiative.ca\/International\/wp-json\/wp\/v2\/categories?post=28876"},{"taxonomy":"post_tag","embeddable":true,"href":"https:\/\/linitiative.ca\/International\/wp-json\/wp\/v2\/tags?post=28876"}],"curies":[{"name":"wp","href":"https:\/\/api.w.org\/{rel}","templated":true}]}}