{"id":28878,"date":"2019-04-19T14:50:04","date_gmt":"2019-04-19T18:50:04","guid":{"rendered":"https:\/\/linitiative.ca\/International\/rdc-la-condamnation-de-lopposant-en-exil-katumbi-annulee-avocat\/"},"modified":"2019-04-19T14:50:04","modified_gmt":"2019-04-19T18:50:04","slug":"rdc-la-condamnation-de-lopposant-en-exil-katumbi-annulee-avocat","status":"publish","type":"post","link":"https:\/\/linitiative.ca\/International\/rdc-la-condamnation-de-lopposant-en-exil-katumbi-annulee-avocat\/","title":{"rendered":"RDC: la condamnation de l\u2019opposant en exil Katumbi annul\u00e9e (avocat)"},"content":{"rendered":"<div readability=\"32\">\n<p>Publi\u00e9 le 19.04.2019 \u00e0 19h50 par AFP<\/p>\n<\/div>\n<div readability=\"105\">\n<p>La justice congolaise a annul\u00e9 la condamnation \u00e0 trois ans de prison \u00e0 l\u2019encontre de l\u2019opposant en exil Mo\u00efse Katumbi, a indiqu\u00e9 vendredi son avocat \u00e0 l\u2019AFP, ajoutant que l\u2019ex-gouverneur du Katanga pouvait rentrer \u00ab\u00a0en homme libre\u00a0\u00bb en R\u00e9publique d\u00e9mocratique du Congo.<\/p>\n<p>\u00ab\u00a0Par son arr\u00eat rendu mercredi, la Cour de cassation a annul\u00e9 la d\u00e9cision du tribunal de paix de Lubumbashi condamnant Mo\u00efse Katumbi \u00e0 trois ans de prison avec arrestation imm\u00e9diate, ouvrant la voie \u00e0 son retour\u00a0\u00bb, a d\u00e9clar\u00e9 Me Joseph Mukendi.<\/p>\n<p>Alli\u00e9 puis adversaire de l\u2019ex-pr\u00e9sident Joseph Kabila, l\u2019ex-gouverneur du Katanga minier \u00e9tait poursuivi depuis 2016 dans une affaire de spoliation immobili\u00e8re dont il niait tout fondement.<\/p>\n<p>Il avait quitt\u00e9 la RDC en mai 2016 pour l\u2019Afrique du Sud puis la Belgique, pour des raisons de sant\u00e9. Il avait \u00e9t\u00e9 ensuite condamn\u00e9 en juin.<\/p>\n<p>La juge qui avait prononc\u00e9 sa condamnation, Chantal Ramazani, avait fui en France o\u00f9 elle avait reconnu qu\u2019elle avait agi sous contrainte du pouvoir pro-Kabila.<\/p>\n<p>La Cour de cassation, dans son arr\u00eat, \u00e9voque \u00ab\u00a0un dol \u00e9tabli \u00e0 charge\u00a0\u00bb de la magistrate (le dol est en droit un agissement trompeur, une volont\u00e9 de nuire).<\/p>\n<p>Cette condamnation et cet exil de fait avaient emp\u00each\u00e9 M. Katumbi de se pr\u00e9senter \u00e0 l\u2019\u00e9lection pr\u00e9sidentielle qui a eu lieu le 30 d\u00e9cembre 2018.<\/p>\n<p>D\u00e9but ao\u00fbt, il avait affirm\u00e9 avoir \u00e9t\u00e9 emp\u00each\u00e9 de rentrer en RDC alors qu\u2019il s\u2019est pr\u00e9sent\u00e9 \u00e0 deux reprises aux postes-fronti\u00e8res de Kasumbelesa (sud-est).<\/p>\n<p>Riche homme d\u2019affaires, patron du TP Mazembe de Lubumbashi, gloire du football africain, M. Katumbi avait finalement soutenu et financ\u00e9 la campagne de l\u2019opposant Martin Fayulu.<\/p>\n<p><ins data-revive-zoneid=\"9\" data-revive-id=\"10111e19d28d19d031742ee3b0b33eb0\"\/> <\/p>\n<p>L\u2019ex-pr\u00e9sident Joseph Kabila avait qualifi\u00e9 M. Katumbi de \u00ab\u00a0Judas\u00a0\u00bb dans un entretien \u00e0 l\u2019hebdomadaire Jeune Afrique juste avant les \u00e9lections.<\/p>\n<p>Un autre opposant, F\u00e9lix Tshisekedi, a finalement \u00e9t\u00e9 proclam\u00e9 vainqueur de l\u2019\u00e9lection pr\u00e9sidentielle. M. Fayulu, revendique toujours la victoire avec 60% des voix.<\/p>\n<p>Principal adversaire du r\u00e9gime Kabila qu\u2019il avait soutenu, M. Katumbi \u00e9tait \u00e9galement poursuivi pour recrutement pr\u00e9sum\u00e9 de mercenaires am\u00e9ricains. Une audience pr\u00e9vue en octobre n\u2019a jamais eu lieu.<\/p>\n<p>En 2018, le gouvernement congolais l\u2019avait aussi accus\u00e9 d\u2019avoir usurp\u00e9 la nationalit\u00e9 congolaise. Depuis, l\u2019opposant s\u2019est fait d\u00e9livrer son passeport congolais.<\/p>\n<p>M. Katumbi avait sign\u00e9 son acte de rupture politique avec M. Kabila en septembre 2015. Il avait alors accus\u00e9 l\u2019ancien pr\u00e9sident de multiplier les man\u0153uvre pour demeurer au pouvoir au-del\u00e0 de la fin de son deuxi\u00e8me et dernier mandat le 20 d\u00e9cembre 2016.<\/p>\n<p>M. Katumbi avait alors annonc\u00e9 qu\u2019il serait candidat \u00e0 la prochaine pr\u00e9sidentielle en RDC.<\/p>\n<p>\u00ab\u00a0Tant que la d\u00e9cision n\u2019a pas \u00e9t\u00e9 signifi\u00e9e il n\u2019y a rien \u00e0 dire. Probablement que cela va venir demain ou en tout d\u00e9but de semaine prochaine\u00a0\u00bb, a indiqu\u00e9 \u00e0 l\u2019AFP un porte-parole de M. Katumbi.<\/p>\n<\/div>\n<p>Auteur: AFP<br \/>\n<a href=\"https:\/\/www.journalducameroun.com\/fr\/rdc-la-condamnation-de-lopposant-en-exil-katumbi-annulee-avocat\/\">Cliquez ici pour lire l&rsquo;article depuis sa source.<\/a><\/p>\n","protected":false},"excerpt":{"rendered":"<p>Publi\u00e9 le 19.04.2019 \u00e0 19h50 par AFP La justice congolaise a annul\u00e9 la condamnation \u00e0 trois ans de prison \u00e0 l\u2019encontre de l\u2019opposant en exil Mo\u00efse Katumbi, a indiqu\u00e9 vendredi son avocat \u00e0 l\u2019AFP, ajoutant que l\u2019ex-gouverneur du Katanga pouvait rentrer \u00ab\u00a0en homme libre\u00a0\u00bb en R\u00e9publique d\u00e9mocratique du Congo. \u00ab\u00a0Par son arr\u00eat rendu mercredi, la [&hellip;]<\/p>\n","protected":false},"author":1965,"featured_media":0,"comment_status":"closed","ping_status":"closed","sticky":false,"template":"","format":"standard","meta":{"fifu_image_url":"","fifu_image_alt":"","footnotes":""},"categories":[73,82],"tags":[],"class_list":["post-28878","post","type-post","status-publish","format-standard","hentry","category-actualite","category-cameroun"],"_links":{"self":[{"href":"https:\/\/linitiative.ca\/International\/wp-json\/wp\/v2\/posts\/28878","targetHints":{"allow":["GET"]}}],"collection":[{"href":"https:\/\/linitiative.ca\/International\/wp-json\/wp\/v2\/posts"}],"about":[{"href":"https:\/\/linitiative.ca\/International\/wp-json\/wp\/v2\/types\/post"}],"author":[{"embeddable":true,"href":"https:\/\/linitiative.ca\/International\/wp-json\/wp\/v2\/users\/1965"}],"replies":[{"embeddable":true,"href":"https:\/\/linitiative.ca\/International\/wp-json\/wp\/v2\/comments?post=28878"}],"version-history":[{"count":0,"href":"https:\/\/linitiative.ca\/International\/wp-json\/wp\/v2\/posts\/28878\/revisions"}],"wp:attachment":[{"href":"https:\/\/linitiative.ca\/International\/wp-json\/wp\/v2\/media?parent=28878"}],"wp:term":[{"taxonomy":"category","embeddable":true,"href":"https:\/\/linitiative.ca\/International\/wp-json\/wp\/v2\/categories?post=28878"},{"taxonomy":"post_tag","embeddable":true,"href":"https:\/\/linitiative.ca\/International\/wp-json\/wp\/v2\/tags?post=28878"}],"curies":[{"name":"wp","href":"https:\/\/api.w.org\/{rel}","templated":true}]}}