{"id":28879,"date":"2019-04-19T15:50:02","date_gmt":"2019-04-19T19:50:02","guid":{"rendered":"https:\/\/linitiative.ca\/International\/mali-le-gouvernement-demissionne-apres-une-vague-de-violences-et-de-manifestations\/"},"modified":"2019-04-19T15:50:02","modified_gmt":"2019-04-19T19:50:02","slug":"mali-le-gouvernement-demissionne-apres-une-vague-de-violences-et-de-manifestations","status":"publish","type":"post","link":"https:\/\/linitiative.ca\/International\/mali-le-gouvernement-demissionne-apres-une-vague-de-violences-et-de-manifestations\/","title":{"rendered":"Mali: le gouvernement d\u00e9missionne apr\u00e8s une vague de violences et de manifestations"},"content":{"rendered":"<div readability=\"32\">\n<p>Publi\u00e9 le 19.04.2019 \u00e0 20h50 par AFP<\/p>\n<\/div>\n<div readability=\"156\">\n<p>Le Premier ministre malien Soumeylou Boub\u00e8ye Ma\u00efga a d\u00e9missionn\u00e9 avec son gouvernement, moins d\u2019un mois apr\u00e8s la tuerie de quelque 160 civils peuls dans le centre du pays et une s\u00e9rie de manifestations contre la gestion de l\u2019Etat.<\/p>\n<p>M. Ma\u00efga, nomm\u00e9 en d\u00e9cembre 2017 par le pr\u00e9sident Ibrahim Boubacar Ke\u00efta, avait \u00e9t\u00e9 reconduit en septembre 2018 apr\u00e8s la r\u00e9\u00e9lection du chef de l\u2019Etat. Sa d\u00e9mission est intervenue \u00e0 la veille de l\u2019examen pr\u00e9vu vendredi par l\u2019Assembl\u00e9e nationale d\u2019une motion de censure du gouvernement d\u00e9pos\u00e9e par des d\u00e9put\u00e9s de l\u2019opposition mais aussi de la majorit\u00e9.<\/p>\n<p>\u00ab\u00a0Seul l\u2019int\u00e9r\u00eat sup\u00e9rieur du Mali doit primer\u00a0\u00bb, a affirm\u00e9 vendredi le pr\u00e9sident de l\u2019Assembl\u00e9e nationale, Issiaka Sidib\u00e9, lors d\u2019une s\u00e9ance lev\u00e9e au bout de quelques minutes, en raison de l\u2019absence du gouvernement. \u00ab\u00a0Il est imp\u00e9ratif de taire nos divergences et nos querelles intestines\u00a0\u00bb, a-t-il d\u00e9clar\u00e9.<\/p>\n<p>Depuis des semaines, la personnalit\u00e9 de M. Ma\u00efga cristallisait les critiques, notamment sur des questions soci\u00e9tales, d\u2019influents dirigeants religieux musulmans r\u00e9clamant son d\u00e9part.<\/p>\n<p>\u00ab\u00a0Un Premier ministre sera nomm\u00e9 tr\u00e8s prochainement et un nouveau gouvernement sera mis en place, apr\u00e8s consultation de toutes les forces politiques de la majorit\u00e9 et de l\u2019opposition\u00a0\u00bb, a annonc\u00e9 jeudi soir la pr\u00e9sidence dans un communiqu\u00e9.<\/p>\n<p>M. Ke\u00efta a re\u00e7u tout au long de la semaine derni\u00e8re dignitaires religieux, dirigeants politiques et repr\u00e9sentants de la soci\u00e9t\u00e9 civile, pour discuter de la situation du pays et leur remettre l\u2019avant-projet de loi de r\u00e9vision constitutionnelle qui sera soumis \u00e0 r\u00e9f\u00e9rendum.<\/p>\n<p>Quelques jours auparavant, une manifestation avait rassembl\u00e9 des dizaines de milliers de personnes \u00e0 Bamako le 5 avril pour d\u00e9noncer \u00ab\u00a0la mauvaise gestion du pays\u00a0\u00bb, notamment les violences intercommunautaires dans le centre, selon les organisateurs et des participants.<\/p>\n<p>Depuis l\u2019apparition en 2015 dans cette r\u00e9gion du groupe jihadiste du pr\u00e9dicateur Amadou Koufa, recrutant prioritairement parmi les Peuls, traditionnellement \u00e9leveurs, les affrontements se multiplient entre cette communaut\u00e9 et les ethnies bambara et dogon, pratiquant essentiellement l\u2019agriculture, qui ont cr\u00e9\u00e9 leurs \u00ab\u00a0groupes d\u2019autod\u00e9fense\u00a0\u00bb.<\/p>\n<p>\u2013 \u2018D\u00e9sarmer les milices\u2019 \u2013<\/p>\n<p>Malgr\u00e9 une s\u00e9rie de visites de M. Ma\u00efga dans le centre du pays depuis plus d\u2019un an pour pr\u00eacher la r\u00e9conciliation entre communaut\u00e9s et \u00ab\u00a0d\u00e9sarmer les milices\u00a0\u00bb, ces violences se sont intensifi\u00e9es.<\/p>\n<p>Elles ont culmin\u00e9 le 23 mars avec le massacre \u00e0 Ogossagou, pr\u00e8s de la fronti\u00e8re avec le Burkina Faso, de quelque 160 villageois peuls par des membres pr\u00e9sum\u00e9s de groupes de chasseurs dogons.<\/p>\n<p><ins data-revive-zoneid=\"9\" data-revive-id=\"10111e19d28d19d031742ee3b0b33eb0\"\/> <\/p>\n<p>Depuis mars 2018, les \u00ab\u00a0agressions intercommunautaires\u00a0\u00bb dans la r\u00e9gion de Mopti (centre) ont fait quelque 600 morts, a indiqu\u00e9 le 26 mars le Haut-commissariat des Nations unies aux droits de l\u2019homme (HCDH).<\/p>\n<p>Dans cette r\u00e9gion, \u00ab\u00a0les activit\u00e9s de groupes extr\u00e9mistes violents et l\u2019intensification des violences intercommunautaires constituent les deux principales menaces pesant sur les civils\u00a0\u00bb, souligne dans son dernier rapport trimestriel sur le Mali le secr\u00e9taire g\u00e9n\u00e9ral de l\u2019ONU, Antonio Guterres.<\/p>\n<p>Depuis le d\u00e9but de l\u2019ann\u00e9e, ces violences y ont fait plus de 220 morts parmi les civils, selon le rapport, r\u00e9dig\u00e9 avant celles d\u2019Ogossagou.<\/p>\n<p>Au lendemain de la tuerie, le gouvernement a prononc\u00e9 en Conseil des ministres extraordinaire la dissolution de l\u2019association de chasseurs \u00ab\u00a0Dan Nan Ambassagou\u00a0\u00bb, lui reprochant de s\u2019\u00eatre \u00ab\u00a0\u00e9cart\u00e9e de ses objectifs initiaux, en d\u00e9pit des mises en garde r\u00e9p\u00e9t\u00e9es\u00a0\u00bb.<\/p>\n<p>Pendant cette r\u00e9union le 24 mars, le gouvernement a remplac\u00e9 les principaux chefs d\u2019\u00e9tat-major. Ces limogeages faisaient \u00e9galement suite \u00e0 une attaque jihadiste le 17 mars contre un camp de l\u2019arm\u00e9e \u00e0 Dioura (centre), au cours de laquelle 26 soldats ont p\u00e9ri, entra\u00eenant une s\u00e9rie de manifestations de familles de militaires.<\/p>\n<p>Le nouveau chef d\u2019\u00e9tat-major, le g\u00e9n\u00e9ral Abdoulaye Coulibaly, a entam\u00e9 une tourn\u00e9e \u00ab\u00a0sur le terrain au centre du pays pr\u00e8s de trois semaines apr\u00e8s sa prise de fonctions\u00a0\u00bb, a annonc\u00e9 vendredi l\u2019arm\u00e9e dans un communiqu\u00e9.<\/p>\n<p>Le 13 mars, des soldats venus arr\u00eater un membre de \u00ab\u00a0Dan Nan Ambassagou\u00a0\u00bb \u00e0 Koro (centre) en ont \u00e9t\u00e9 emp\u00each\u00e9s par des habitants selon des t\u00e9moins. Le groupe de chasseurs a d\u00e9menti toute implication dans la tuerie, mais a rejet\u00e9 sa dissolution et refus\u00e9 de \u00ab\u00a0d\u00e9poser les armes\u00a0\u00bb.<\/p>\n<p>Lors d\u2019une allocution radiot\u00e9l\u00e9vis\u00e9e mardi soir, le pr\u00e9sident Ke\u00efta a assur\u00e9 avoir \u00ab\u00a0entendu toutes les col\u00e8res, d\u00e9cod\u00e9 tous les signaux, compris tous les messages remontant\u00a0\u00bb du pays.<\/p>\n<p>Il a annonc\u00e9 l\u2019ouverture d\u2019une \u00ab\u00a0concertation nationale\u00a0\u00bb du 23 au 28 avril avec \u00ab\u00a0les forces politiques et sociales\u00a0\u00bb sur le projet de r\u00e9vision constitutionnelle.<\/p>\n<\/div>\n<p>Auteur: AFP<br \/>\n<a href=\"https:\/\/www.journalducameroun.com\/fr\/mali-le-gouvernement-demissionne-apres-une-vague-de-violences-et-de-manifestations\/\">Cliquez ici pour lire l&rsquo;article depuis sa source.<\/a><\/p>\n","protected":false},"excerpt":{"rendered":"<p>Publi\u00e9 le 19.04.2019 \u00e0 20h50 par AFP Le Premier ministre malien Soumeylou Boub\u00e8ye Ma\u00efga a d\u00e9missionn\u00e9 avec son gouvernement, moins d\u2019un mois apr\u00e8s la tuerie de quelque 160 civils peuls dans le centre du pays et une s\u00e9rie de manifestations contre la gestion de l\u2019Etat. M. Ma\u00efga, nomm\u00e9 en d\u00e9cembre 2017 par le pr\u00e9sident Ibrahim [&hellip;]<\/p>\n","protected":false},"author":1965,"featured_media":0,"comment_status":"closed","ping_status":"closed","sticky":false,"template":"","format":"standard","meta":{"fifu_image_url":"","fifu_image_alt":"","footnotes":""},"categories":[73,82],"tags":[],"class_list":["post-28879","post","type-post","status-publish","format-standard","hentry","category-actualite","category-cameroun"],"_links":{"self":[{"href":"https:\/\/linitiative.ca\/International\/wp-json\/wp\/v2\/posts\/28879","targetHints":{"allow":["GET"]}}],"collection":[{"href":"https:\/\/linitiative.ca\/International\/wp-json\/wp\/v2\/posts"}],"about":[{"href":"https:\/\/linitiative.ca\/International\/wp-json\/wp\/v2\/types\/post"}],"author":[{"embeddable":true,"href":"https:\/\/linitiative.ca\/International\/wp-json\/wp\/v2\/users\/1965"}],"replies":[{"embeddable":true,"href":"https:\/\/linitiative.ca\/International\/wp-json\/wp\/v2\/comments?post=28879"}],"version-history":[{"count":0,"href":"https:\/\/linitiative.ca\/International\/wp-json\/wp\/v2\/posts\/28879\/revisions"}],"wp:attachment":[{"href":"https:\/\/linitiative.ca\/International\/wp-json\/wp\/v2\/media?parent=28879"}],"wp:term":[{"taxonomy":"category","embeddable":true,"href":"https:\/\/linitiative.ca\/International\/wp-json\/wp\/v2\/categories?post=28879"},{"taxonomy":"post_tag","embeddable":true,"href":"https:\/\/linitiative.ca\/International\/wp-json\/wp\/v2\/tags?post=28879"}],"curies":[{"name":"wp","href":"https:\/\/api.w.org\/{rel}","templated":true}]}}