{"id":28880,"date":"2019-04-19T16:18:03","date_gmt":"2019-04-19T20:18:03","guid":{"rendered":"https:\/\/linitiative.ca\/International\/senegal-deces-de-lancien-ministre-de-linterieur-le-gl-lamine-cisse\/"},"modified":"2019-04-19T16:18:03","modified_gmt":"2019-04-19T20:18:03","slug":"senegal-deces-de-lancien-ministre-de-linterieur-le-gl-lamine-cisse","status":"publish","type":"post","link":"https:\/\/linitiative.ca\/International\/senegal-deces-de-lancien-ministre-de-linterieur-le-gl-lamine-cisse\/","title":{"rendered":"S\u00e9n\u00e9gal : d\u00e9c\u00e8s de l\u2019ancien ministre de l\u2019Int\u00e9rieur, le gl Lamine Ciss\u00e9"},"content":{"rendered":"<div readability=\"32\">\n<p>Publi\u00e9 le 19.04.2019 \u00e0 21h18 par APA News<\/p>\n<\/div>\n<div readability=\"48\">\n<p>L\u2019ancien ministre de l\u2019Int\u00e9rieur du S\u00e9n\u00e9gal, le g\u00e9n\u00e9ral Lamine Ciss\u00e9, est d\u00e9c\u00e9d\u00e9 vendredi \u00e0 Dakar, des suites d\u2019une maladie.N\u00e9 le 31 d\u00e9cembre 1939 \u00e0 Sokone (Fatick, centre), le g\u00e9n\u00e9ral Ciss\u00e9 a aussi exerc\u00e9 les fonctions de Chef d\u2019\u00e9tat-major g\u00e9n\u00e9ral des arm\u00e9es et chef Bureau des Nations unies en Afrique de l\u2019Ouest.<\/p>\n<p>Il est sorti de l\u2019\u00c9cole sp\u00e9ciale militaire de Saint-Cyr Co\u00ebtquidan (France) en 1963.Le g\u00e9n\u00e9ral Ciss\u00e9 \u00e9tait dipl\u00f4m\u00e9 de l\u2019Universit\u00e9 de la d\u00e9fense nationale de Washington (National Defense University) o\u00f9 il a \u00e9t\u00e9 admis en 1992 dans le Hall of Fame.<\/p>\n<p><ins data-revive-zoneid=\"9\" data-revive-id=\"10111e19d28d19d031742ee3b0b33eb0\"\/> <\/p>\n<p>Il \u00e9tait aussi dipl\u00f4m\u00e9 du Centre des hautes \u00e9tudes en d\u00e9fense nationale de Paris et de l\u2019\u00c9cole d\u2019\u00c9tat-major de Fort Leavenworth College, \u00e0 Kansas City.<\/p>\n<\/div>\n<p>Auteur: APA News<br \/>\n<a href=\"https:\/\/www.journalducameroun.com\/fr\/senegal-deces-de-lancien-ministre-de-linterieur-le-gl-lamine-cisse\/\">Cliquez ici pour lire l&rsquo;article depuis sa source.<\/a><\/p>\n","protected":false},"excerpt":{"rendered":"<p>Publi\u00e9 le 19.04.2019 \u00e0 21h18 par APA News L\u2019ancien ministre de l\u2019Int\u00e9rieur du S\u00e9n\u00e9gal, le g\u00e9n\u00e9ral Lamine Ciss\u00e9, est d\u00e9c\u00e9d\u00e9 vendredi \u00e0 Dakar, des suites d\u2019une maladie.N\u00e9 le 31 d\u00e9cembre 1939 \u00e0 Sokone (Fatick, centre), le g\u00e9n\u00e9ral Ciss\u00e9 a aussi exerc\u00e9 les fonctions de Chef d\u2019\u00e9tat-major g\u00e9n\u00e9ral des arm\u00e9es et chef Bureau des Nations unies [&hellip;]<\/p>\n","protected":false},"author":1965,"featured_media":0,"comment_status":"closed","ping_status":"closed","sticky":false,"template":"","format":"standard","meta":{"fifu_image_url":"","fifu_image_alt":"","footnotes":""},"categories":[73,82],"tags":[],"class_list":["post-28880","post","type-post","status-publish","format-standard","hentry","category-actualite","category-cameroun"],"_links":{"self":[{"href":"https:\/\/linitiative.ca\/International\/wp-json\/wp\/v2\/posts\/28880","targetHints":{"allow":["GET"]}}],"collection":[{"href":"https:\/\/linitiative.ca\/International\/wp-json\/wp\/v2\/posts"}],"about":[{"href":"https:\/\/linitiative.ca\/International\/wp-json\/wp\/v2\/types\/post"}],"author":[{"embeddable":true,"href":"https:\/\/linitiative.ca\/International\/wp-json\/wp\/v2\/users\/1965"}],"replies":[{"embeddable":true,"href":"https:\/\/linitiative.ca\/International\/wp-json\/wp\/v2\/comments?post=28880"}],"version-history":[{"count":0,"href":"https:\/\/linitiative.ca\/International\/wp-json\/wp\/v2\/posts\/28880\/revisions"}],"wp:attachment":[{"href":"https:\/\/linitiative.ca\/International\/wp-json\/wp\/v2\/media?parent=28880"}],"wp:term":[{"taxonomy":"category","embeddable":true,"href":"https:\/\/linitiative.ca\/International\/wp-json\/wp\/v2\/categories?post=28880"},{"taxonomy":"post_tag","embeddable":true,"href":"https:\/\/linitiative.ca\/International\/wp-json\/wp\/v2\/tags?post=28880"}],"curies":[{"name":"wp","href":"https:\/\/api.w.org\/{rel}","templated":true}]}}