{"id":28881,"date":"2019-04-19T16:18:04","date_gmt":"2019-04-19T20:18:04","guid":{"rendered":"https:\/\/linitiative.ca\/International\/standard-poors-abaisse-la-note-du-cameroun\/"},"modified":"2019-04-19T16:18:04","modified_gmt":"2019-04-19T20:18:04","slug":"standard-poors-abaisse-la-note-du-cameroun","status":"publish","type":"post","link":"https:\/\/linitiative.ca\/International\/standard-poors-abaisse-la-note-du-cameroun\/","title":{"rendered":"Standard &amp; Poor\u2019s abaisse la note du Cameroun"},"content":{"rendered":"<div readability=\"32\">\n<p>Publi\u00e9 le 19.04.2019 \u00e0 21h18 par APA News<\/p>\n<\/div>\n<div readability=\"65\">\n<p>La soci\u00e9t\u00e9 de notation financi\u00e8re am\u00e9ricaine Standard &#038; Poor\u2019s (S&#038;P) a r\u00e9vis\u00e9 de \u00abstable\u00bb \u00e0 \u00abn\u00e9gative\u00bb la position du Cameroun, et confirm\u00e9 par la m\u00eame occasion ses notes de cr\u00e9dit souverain \u00abB\u00bb long terme et \u00abB\u00bb court terme en devises et en monnaie locale.La perspective des notes \u00abB\/B\u00bb de cr\u00e9dit souverain du Cameroun passe ainsi de \u00abstable\u00bb \u00e0 \u00abn\u00e9gative\u00bb, ce qui signifie que les notes du pays pourront baisser au cours des 12 prochains mois si les d\u00e9ficits budg\u00e9taires ou le ratio de la dette publique nette au produit int\u00e9rieur brut (PIB) d\u00e9passaient les pr\u00e9visions actuelles de l\u2019organisme.<\/p>\n<p>Les m\u00eames perspectives, ajoute S&#038;P, seront maintenues si les pressions ext\u00e9rieures d\u00e9passaient les anticipations, ou si l\u2019environnement social et politique se d\u00e9t\u00e9riorait consid\u00e9rablement.<\/p>\n<p>Le pessimisme de cette institution se fonde sur les risques \u00e9conomiques et politiques du pays, cons\u00e9cutives \u00e0 tensions internes jug\u00e9es importantes, avec notamment la crise s\u00e9cessionniste qui bat son plein depuis octobre 2016 dans les r\u00e9gions anglophones du Nord-Ouest et du Sud-Ouest.<\/p>\n<p><ins data-revive-zoneid=\"9\" data-revive-id=\"10111e19d28d19d031742ee3b0b33eb0\"\/> <\/p>\n<p>De m\u00eame, S&#038;P s\u2019inqui\u00e8te quant \u00e0 l\u2019augmentation continue de la dette publique ext\u00e9rieure du pays, ce \u00e0 quoi il convient d\u2019ajouter les diverses pressions ext\u00e9rieures et budg\u00e9taires au sein de la Communaut\u00e9 \u00e9conomique et mon\u00e9taire de l\u2019Afrique centrale (Cemac).<\/p>\n<p>\u00abNous pourrions r\u00e9viser la perspective \u00e0 \u2018\u2019stable\u00a0\u00bb si les tensions sociales et politiques s\u2019apaisaient, si les d\u00e9ficits budg\u00e9taires et le ratio de la dette publique nette au PIB diminuaient, et si les pressions ext\u00e9rieures se r\u00e9duisaient gr\u00e2ce, par exemple, \u00e0 la production de gaz d\u00e9passant les pr\u00e9visions \u00e0 moyen terme\u00bb, indique l\u2019organisme de notation.<\/p>\n<\/div>\n<p>Auteur: APA News<br \/>\n<a href=\"https:\/\/www.journalducameroun.com\/fr\/standard-poors-abaisse-la-note-du-cameroun\/\">Cliquez ici pour lire l&rsquo;article depuis sa source.<\/a><\/p>\n","protected":false},"excerpt":{"rendered":"<p>Publi\u00e9 le 19.04.2019 \u00e0 21h18 par APA News La soci\u00e9t\u00e9 de notation financi\u00e8re am\u00e9ricaine Standard &#038; Poor\u2019s (S&#038;P) a r\u00e9vis\u00e9 de \u00abstable\u00bb \u00e0 \u00abn\u00e9gative\u00bb la position du Cameroun, et confirm\u00e9 par la m\u00eame occasion ses notes de cr\u00e9dit souverain \u00abB\u00bb long terme et \u00abB\u00bb court terme en devises et en monnaie locale.La perspective des notes [&hellip;]<\/p>\n","protected":false},"author":1965,"featured_media":0,"comment_status":"closed","ping_status":"closed","sticky":false,"template":"","format":"standard","meta":{"fifu_image_url":"","fifu_image_alt":"","footnotes":""},"categories":[73,82],"tags":[],"class_list":["post-28881","post","type-post","status-publish","format-standard","hentry","category-actualite","category-cameroun"],"_links":{"self":[{"href":"https:\/\/linitiative.ca\/International\/wp-json\/wp\/v2\/posts\/28881","targetHints":{"allow":["GET"]}}],"collection":[{"href":"https:\/\/linitiative.ca\/International\/wp-json\/wp\/v2\/posts"}],"about":[{"href":"https:\/\/linitiative.ca\/International\/wp-json\/wp\/v2\/types\/post"}],"author":[{"embeddable":true,"href":"https:\/\/linitiative.ca\/International\/wp-json\/wp\/v2\/users\/1965"}],"replies":[{"embeddable":true,"href":"https:\/\/linitiative.ca\/International\/wp-json\/wp\/v2\/comments?post=28881"}],"version-history":[{"count":0,"href":"https:\/\/linitiative.ca\/International\/wp-json\/wp\/v2\/posts\/28881\/revisions"}],"wp:attachment":[{"href":"https:\/\/linitiative.ca\/International\/wp-json\/wp\/v2\/media?parent=28881"}],"wp:term":[{"taxonomy":"category","embeddable":true,"href":"https:\/\/linitiative.ca\/International\/wp-json\/wp\/v2\/categories?post=28881"},{"taxonomy":"post_tag","embeddable":true,"href":"https:\/\/linitiative.ca\/International\/wp-json\/wp\/v2\/tags?post=28881"}],"curies":[{"name":"wp","href":"https:\/\/api.w.org\/{rel}","templated":true}]}}