{"id":28905,"date":"2019-04-19T13:01:08","date_gmt":"2019-04-19T17:01:08","guid":{"rendered":"https:\/\/linitiative.ca\/International\/genocide-rwandais-la-grosse-manipulation\/"},"modified":"2019-04-19T13:01:08","modified_gmt":"2019-04-19T17:01:08","slug":"genocide-rwandais-la-grosse-manipulation","status":"publish","type":"post","link":"https:\/\/linitiative.ca\/International\/genocide-rwandais-la-grosse-manipulation\/","title":{"rendered":"G\u00e9nocide rwandais : la grosse manipulation"},"content":{"rendered":"<p><a href=\"https:\/\/i1.wp.com\/ecomatin.net\/wp-content\/uploads\/2019\/04\/ecomatin.net-genocide-rwandais-la-grosse-manipulation-photoxaviermesse-2.jpg?ssl=1\"><\/p>\n<p><img loading=\"lazy\" decoding=\"async\" data-attachment-id=\"7469\" data-permalink=\"https:\/\/ecomatin.net\/genocide-rwandais-la-grosse-manipulation\/photoxaviermesse-2\/\" data-orig-file=\"https:\/\/i1.wp.com\/ecomatin.net\/wp-content\/uploads\/2019\/04\/ecomatin.net-genocide-rwandais-la-grosse-manipulation-photoxaviermesse-2.jpg?fit=653%2C480&#038;ssl=1\" data-orig-size=\"653,480\" data-comments-opened=\"0\" data-image-meta=\"{\"aperture\":\"0\",\"credit\":\"\",\"camera\":\"\",\"caption\":\"\",\"created_timestamp\":\"0\",\"copyright\":\"\",\"focal_length\":\"0\",\"iso\":\"0\",\"shutter_speed\":\"0\",\"title\":\"\",\"orientation\":\"1\"}\" data-image-title=\"PhotoXavierMesse (2)\" data-image-description=\"\" data-medium-file=\"https:\/\/i1.wp.com\/ecomatin.net\/wp-content\/uploads\/2019\/04\/ecomatin.net-genocide-rwandais-la-grosse-manipulation-photoxaviermesse-2.jpg?fit=300%2C221&#038;ssl=1\" data-large-file=\"https:\/\/i1.wp.com\/ecomatin.net\/wp-content\/uploads\/2019\/04\/ecomatin.net-genocide-rwandais-la-grosse-manipulation-photoxaviermesse-2.jpg?fit=653%2C480&#038;ssl=1\" class=\"wp-image-7469 alignleft\" src=\"https:\/\/i1.wp.com\/ecomatin.net\/wp-content\/uploads\/2019\/04\/ecomatin.net-genocide-rwandais-la-grosse-manipulation-photoxaviermesse-2.jpg?resize=208%2C153&#038;ssl=1\" alt=\"\" width=\"208\" height=\"153\" srcset=\"https:\/\/i1.wp.com\/ecomatin.net\/wp-content\/uploads\/2019\/04\/ecomatin.net-genocide-rwandais-la-grosse-manipulation-photoxaviermesse-2.jpg?w=653&#038;ssl=1 653w, https:\/\/i1.wp.com\/ecomatin.net\/wp-content\/uploads\/2019\/04\/ecomatin.net-genocide-rwandais-la-grosse-manipulation-photoxaviermesse-2.jpg?resize=300%2C221&#038;ssl=1 300w\" sizes=\"auto, (max-width: 208px) 100vw, 208px\" data-recalc-dims=\"1\"\/><\/p>\n<p><\/a>Il y a 25 ans, le 6 avril 1994, l\u2019avion du chef de l\u2019Etat rwandais de l\u2019\u00e9poque<strong>, Juv\u00e9nal Habyarimana<\/strong> \u00e9tait abattu en bout de piste au moment de se poser sur le tarmac de l\u2019a\u00e9roport de Kanombe \u00e0 <strong>Kigali<\/strong>. Cet a\u00e9ronef de type Falcon baptis\u00e9 <strong><em>\u00ab\u00a0Impala<\/em><\/strong>\u00a0\u00bb, \u00e9tait un don du pr\u00e9sident fran\u00e7ais <strong>Fran\u00e7ois Mitterrand<\/strong> \u00e0 son homologue rwandais. Cet apparait \u00e9tait pilot\u00e9 par un \u00e9quipage de 3 Fran\u00e7ais\u00a0: le pilote <strong>Jacquy H\u00e9raud<\/strong>, son copilote <strong>Jean-Pierre Minab\u00e9ri<\/strong> et le m\u00e9canicien navigant <strong>Jean-Michel Perrine.<\/strong>\u00a0 Le Falcon transportait 12 passagers parmi lesquels <strong>Cyprien Ntaryamira<\/strong>, chef de l\u2019Etat du Burundi qu\u2019accompagnaient 3 ministres de son gouvernement, le reste \u00e9tait des hautes personnalit\u00e9s rwandaises.<\/p>\n<p>Pour cet ultime voyage de <strong>Dar-es-Salam<\/strong> en <strong>Tanzanie<\/strong>, le pr\u00e9sident Habyarimana avait souhait\u00e9 se faire accompagner, outre par <strong>Cyprien Ntaryamira<\/strong> pr\u00e9sident du Burundi, mais aussi par <strong>Mobutu<\/strong>, chef de l\u2019Etat du Za\u00efre. La nuit du 5 avril 1994, les services sp\u00e9ciaux belges informent Mobutu de ne pas effectuer ce voyage de Tanzanie. Le chef de l\u2019Etat za\u00efrois tente \u00e0 son tour de dissuader Habyarimana de se rendre \u00e0 Dar-es-Salam. R\u00e9ponse de ce dernier\u00a0<em>:\u00a0\u00ab\u00a0Si je ne me rends pas \u00e0 cette rencontre qui pour moi n\u2019a pas de sens, les Occidentaux qui l\u2019ont organis\u00e9e m\u2019accuseront de torpiller les Accords d\u2019Arusha, hors c\u2019est le Fpr qui refuse de les appliquer en s\u2019abstenant d\u2019entrer au gouvernement\u00a0\u00bb.<\/em><\/p>\n<p>Habyarimana se r\u00e9sol\u00fbt \u00e0 effectuer cet ultime voyage de Dar-es-Salam contre son gr\u00e9. La France, la Grande-Bretagne, la Belgique, les Etats-Unis, avec la collaboration du <strong>Secr\u00e9tariat g\u00e9n\u00e9ral des Nations Unies<\/strong> avaient initi\u00e9 une rencontre pour soit disant, <em>\u00ab\u00a0\u00e9valuer l\u2019application des Accords d\u2019Arusha\u00a0\u00bb.<\/em> Ces Accords sign\u00e9s trois ans plus t\u00f4t. Ces Accords invitaient le gouvernement de l\u2019\u00e9poque \u00e0 partager le pouvoir avec le <em>\u00ab\u00a0Front patriotique rwandais<\/em>\u00a0\u00bb de <strong>Paul Kagame<\/strong>. Ce dernier ne tenait pas du tout \u00e0 partager le pouvoir avec ses ennemis du Mrnd (Mouvement r\u00e9volutionnaire national pour le d\u00e9veloppement) de Juv\u00e9nal Habyarimana.<\/p>\n<blockquote readability=\"8\">\n<p>Cet attentat et la mort de deux chefs d\u2019Etat seront l\u2019\u00e9l\u00e9ment d\u00e9clencheur des tueries entre les deux ethnies. Au courant des ann\u00e9es qui avaient pr\u00e9c\u00e9d\u00e9 la guerre, les dirigeants du Front patriotique rwandais avaient cr\u00e9\u00e9 une radio de propagande appel\u00e9e <strong><em>\u00ab\u00a0Radio Muhabura<\/em>\u00a0\u00bb.<\/strong><\/p>\n<\/blockquote>\n<p>A 20 heures ce 06 avril 1994, une roquette tir\u00e9e de la ferme pr\u00e9sidentielle de Masaka, d\u00e9chiqueta l\u2019avion dont les d\u00e9bris et les corps humains en morceaux se r\u00e9pandirent sur le jardin du chef de l\u2019Etat. Le tocsin retentissant dans le ciel \u00e9toil\u00e9 de Kigali, provoqua aussit\u00f4t des cris de col\u00e8re des partisans du pr\u00e9sident assassin\u00e9 qui scandaient\u00a0: \u00ab\u00a0<em>Les Inyenzy\u00a0l\u2019ont tu\u00e9 !\u00a0Les Inyenzy l\u2019ont tu\u00e9 !<\/em>\u00a0\u00bb Inyenzy signifie <em>\u00ab\u00a0cafards<\/em>\u00a0\u00bb en kinyarwanda, la langue nationale. Les combattants du Fpr \u00e0 majorit\u00e9 de l\u2019ethnie tutsie s\u2019\u00e9taient donn\u00e9s ce sobriquet pour traduire qu\u2019en temps de combats, ils sont capables de ramper comme un cafard sans jamais se faire attraper par l\u2019adversaire. De leur c\u00f4t\u00e9, les Tutsis appellent les Hutus <em>\u00ab\u00a0Ibipinga<\/em>\u00a0\u00bb, c\u2019est-\u00e0-dire \u00ab\u00a0<em>gorilles<\/em>\u00a0\u00bb. Pour eux, <em>\u00ab\u00a0les Hutus sont aussi laids que des gorilles\u00a0\u00bb).<\/em><\/p>\n<p>Cet attentat et la mort de deux chefs d\u2019Etat seront l\u2019\u00e9l\u00e9ment d\u00e9clencheur des tueries entre les deux ethnies. Au courant des ann\u00e9es qui avaient pr\u00e9c\u00e9d\u00e9 la guerre, les dirigeants du Front patriotique rwandais avaient cr\u00e9\u00e9 une radio de propagande appel\u00e9e <strong><em>\u00ab\u00a0Radio Muhabura<\/em>\u00a0\u00bb.<\/strong> Cette radio avait sa <strong>base Milindi,<\/strong> ville frontali\u00e8re entre l\u2019Ouganda et le Rwanda. Ses \u00e9metteurs \u00e9taient orient\u00e9s sur les villes rwandaises. <em>\u00ab\u00a0Radio Muhabura<\/em>\u00a0\u00bb vilipendait \u00ab\u00a0<em>les Hutus et ses dirigeants incomp\u00e9tents et corrompus\u00a0\u00bb.<\/em>\u00a0 A la fin de l\u2019ann\u00e9e 1993, en r\u00e9action, les intellectuels hutus cr\u00e9ent \u00e0 leur tour la <em>\u00ab\u00a0soci\u00e9t\u00e9 anonyme de radio et t\u00e9l\u00e9vision Mille Collines\u00a0\u00bb<\/em>.\u00a0 Seule la radio aura le temps de fonctionner lorsque la guerre \u00e9clate.<\/p>\n<p>Ces deux organes de diffusion avaient suffisamment pr\u00e9par\u00e9 les Tutsis et les Hutus \u00e0 se d\u00e9tester. Ils diffusaient \u00e0 longueur des journ\u00e9es des messages de haine des uns contre les autres. Mais curieusement, on fit porter \u00e0 Radio Mille Collines seule le triste sobriquet de <em>\u00ab\u00a0la radio de la haine\u00a0\u00bb\u00a0!<\/em><\/p>\n<p>La guerre qui dura 8 mois fut atroce. Le Fpr de Paul Kagame b\u00e9n\u00e9ficia de l\u2019appui en hommes de l\u2019Ouganda voisin, et du mat\u00e9riel militaire fourni notamment par les Etats-Unis, la Grande-Bretagne et la Belgique. Les forces gouvernementales sous embargo des armes depuis 1990, elles ne pouvaient pas tenir face \u00e0 l\u2019armada am\u00e9ricaine. La balance pencha en faveur du Fpr qui remporta ainsi la guerre.<\/p>\n<p><strong>La Com\u2019 gouvernementale<\/strong><\/p>\n<p>Lorsque les Nations Unies ordonn\u00e8rent des enqu\u00eates pour \u00e9tablir les responsabilit\u00e9s, il fut confi\u00e9 \u00e0 un avocat africain (de C\u00f4te d\u2019Ivoire) la lourde charge de prononcer pour la premi\u00e8re fois les mots de <em>\u00ab\u00a0g\u00e9nocide du rwandais\u00a0\u00bb.<\/em> Il \u00e9tait convenu \u00e0 cette \u00e9poque que sur les 800.000 \u00e0 1 million de morts d\u00e9clar\u00e9s, <strong><em>\u00ab\u00a0il y avait de nombreux Hutus et de nombreux Tutsis\u00a0\u00bb<\/em><\/strong>.<\/p>\n<blockquote readability=\"7\">\n<p>Les strat\u00e8ges de la Com\u2019 dans ce pays avaient compris aussi tout le b\u00e9n\u00e9fice que le Rwanda tirerait en \u00ab\u00a0criminalisant\u00a0\u00bb une grande puissance \u00e0 laquelle on ferait porter toute la charge morale de cette trag\u00e9die. La France sera donc cette grande puissance toute indiqu\u00e9e<\/p>\n<\/blockquote>\n<p>Curieusement, depuis les 5 derni\u00e8res ann\u00e9es, la communication gouvernementale sur le nombre de morts a progressivement \u00e9volu\u00e9\u00a0: on est pass\u00e9 du <em>\u00ab\u00a0g\u00e9nocide rwandais\u00a0\u00bb,<\/em> au <em>\u00ab\u00a0g\u00e9nocide des Tutsis\u00a0\u00bb\u00a0<\/em>! Les strat\u00e8ges de la Com\u2019 dans ce pays avaient compris aussi tout le b\u00e9n\u00e9fice que le Rwanda tirerait en \u00ab\u00a0criminalisant\u00a0\u00bb une grande puissance \u00e0 laquelle on ferait porter toute la charge morale de cette trag\u00e9die. La France sera donc cette grande puissance toute indiqu\u00e9e\u00a0:<\/p>\n<p>1 \u2013 Paris entretenait de solides accords de coop\u00e9ration militaire avec Kigali, au d\u00e9triment de l\u2019ancienne puissance coloniale la Belgique, qui a toujours mal v\u00e9cu cette frustration.<\/p>\n<p>2 \u2013 La France avait ouvert un corridor de Kigali \u00e0 Goma (Za\u00efre), en passant par Ruhuengeri et Gisenyi pour aider les Hutus qui fuyaient la puissance de feu du Fpr et trouver refuse dans le Kivu c\u00f4t\u00e9 Za\u00efre.<\/p>\n<p>3 \u2013 Les vainqueurs de cette guerre, (le Fpr) consid\u00e8rent cette assistance humanitaire de la France comme \u00ab\u00a0un parti pris de Paris\u00a0\u00bb.<\/p>\n<p>4 \u2013 Aucune preuve n\u2019a jamais \u00e9t\u00e9 \u00e9tablie que la France avait appuy\u00e9 les militaires du camp gouvernemental, encore moins, pris part aux combats en leur faveur. Toutes les tentatives de Paris pour prouver sa non implication dans ce conflit ont toujours \u00e9t\u00e9 syst\u00e9matique \u00e9t\u00e9 \u00e9touff\u00e9es par la puissance de la communication et de la diplomatie du Rwanda.\u00a0 La France a tout donn\u00e9 pour avoir la paix avec le Rwanda. Elle a m\u00eame \u00e9t\u00e9 jusqu\u2019\u00e0 plusieurs sc\u00e8nes d\u2019humiliation de ses diplomates par Kigali \u00e0 plusieurs manifestations publiques au Rwanda\u2026<\/p>\n<p>Pour ce 25<sup>\u00e8me<\/sup> anniversaire du g\u00e9nocide, Paris a mobilis\u00e9 ses m\u00e9dias publics et priv\u00e9s pour servir de relais \u00e0 la communication gouvernementale agressive et r\u00e9orient\u00e9e de Kigali. C\u2019est du jamais vu en Hexagone\u00a0!<\/p>\n<p>Au Rwanda, les trois ethnies (hutus, tutsis et twa) se partagent les m\u00eames comportements culturels, les m\u00eames habitudes alimentaires, la m\u00eame langue, les m\u00eames collines. Presque tous sont chr\u00e9tiens catholiques\u00a0; ils vont dans les m\u00eames chapelles. Comment peut-on affirmer aujourd\u2019hui avec exactitude que ce sont les Hutus qui avaient massacr\u00e9 les Tutsis\u00a0? Voici un exemple de cette vie partag\u00e9e.<\/p>\n<p>Nyamata est une petite ville situ\u00e9e \u00e0 22 km \u00e0 l\u2019est de Kigali, sur la route de la Kagera.\u00a0 Un dimanche matin pendant les tueries, les fid\u00e8les sont \u00e0 l\u2019int\u00e9rieur de l\u2019\u00e9glise de Nyamata qui est dirig\u00e9e par des religieux italiens. Ils c\u00e9l\u00e8brent la messe dominicale quand un groupe de tueurs fait irruption. Les assaillants referment derri\u00e8re eux les portes de l\u2019\u00e9glise. Ils massacrent tout le monde jusqu\u2019aux enfants. En 2002, Paul Kagam\u00e9 se rend \u00e0 Nyamata pour y pr\u00e9sider les c\u00e9r\u00e9monies comm\u00e9moratives du 7\u00e8me anniversaire du g\u00e9nocide. Il avait ordonn\u00e9 auparavant que les ossements de ce carnage soient \u00e9rig\u00e9s en \u00ab\u00a0Ibuka\u00a0\u00bb (souvenir) sur le m\u00eame o\u00f9 avaient \u00e9t\u00e9 perp\u00e9tr\u00e9s. Toutes les ethnies \u00e9taient en communion dans cette \u00e9glise au moment des faits. Peut-on reconnaitre dans cet amas d\u2019ossements humains ceux qui appartiennent \u00e0 telle ou telle ethnie\u00a0? Impossible. Il existe ainsi dans tout le territoire rwandais des \u00ab\u00a0Ibuka\u00a0\u00bb pour rappeler aux uns et aux autres que plus jamais cela ne devrait plus se reproduire.<\/p>\n<p><strong>Le pardon<\/strong><\/p>\n<p>Il est de tradition que, pour pardonner, il faut connaitre la v\u00e9rit\u00e9. La v\u00e9rit\u00e9 sur ce drame a ses faits et ses actes. Il faudra par exemple un jour examiner les boites noires du Falcon pr\u00e9sidentiel qui avait \u00e9t\u00e9 abattu le 06 avril 1994, tuant deux chefs d\u2019Etat. Plusieurs m\u00e9dias avaient r\u00e9v\u00e9l\u00e9 que ces deux boites se trouveraient dans les tiroirs du Secr\u00e9taire g\u00e9n\u00e9ral des Nations Unies. Au cas o\u00f9 ces boites seraient introuvables aujourd\u2019hui, <strong>Fran\u00e7oise H\u00e9raud<\/strong>, l\u2019\u00e9pouse du pilote avait propos\u00e9 \u00e0 qui voudrait \u00e9couter les conversations du pilote avec la tour de contr\u00f4le au moment de l\u2019atterrissage, de les tenir \u00e0 disposition, car son mari avait install\u00e9 un dispositif qui permettait \u00e0 sa famille de suivre ses conversations lorsqu\u2019il entrait dans le p\u00e9rim\u00e8tre de l\u2019a\u00e9roport de Kigali.\u00a0 Personne n\u2019a jamais voulu de cette offre.<\/p>\n<blockquote readability=\"6\">\n<p>La communication faite sur le \u00ab\u00a0<em>g\u00e9nocide des Tutsis<\/em>\u00a0\u00bb annihile les efforts du chef de parler des \u00ab\u00a0<em>Rwandais<\/em>\u00a0\u00bb et non de les voir sur le prisme de leur appartenance \u00e0 une ethnie.<\/p>\n<\/blockquote>\n<p>Les\u00a0<em>\u00ab\u00a0Ibuka<\/em>\u00a0\u00bb qui sont construits dans tout le pays ne sont pas des initiatives inutiles.\u00a0\u00a0 Mais chaque fois que leur comm\u00e9moration serait accompagn\u00e9e d\u2019un faste rituel qui serait de nature \u00e0 stigmatiser une ethnie, les Hutus se sentiront toujours seront offusqu\u00e9s. Ils ne se seront jamais \u00e0 l\u2019aise dans un environnement o\u00f9 ils sont index\u00e9s d\u2019avoir tent\u00e9s d\u2019exterminer une autre composante humaine nationale. Paul Kagam\u00e9 avait supprim\u00e9 l\u2019identification coloniale sur les documents officiels. C\u2019est une excellente initiative. La communication faite sur le \u00ab\u00a0<em>g\u00e9nocide des Tutsis<\/em>\u00a0\u00bb annihile les efforts du chef de parler des \u00ab\u00a0<em>Rwandais<\/em>\u00a0\u00bb et non de les voir sur le prisme de leur appartenance \u00e0 une ethnie. C\u2019est cela le grand d\u00e9fi \u00e0 affronter. A d\u00e9faut, les 4 millions de r\u00e9fugi\u00e9s hutus diront chaque ann\u00e9e\u00a0: <em>\u00ab\u00a0l\u2019ann\u00e9e prochaine \u00e0 Kigali\u00a0!<\/em>\u00a0\u00bb, jusqu\u2019\u00e0 ce que leurs\u00a0 v\u0153ux se concr\u00e9tisent\u00a0 un jour.<\/p>\n<p>Paul Kagame a hiss\u00e9 le Rwanda au rang des pays de r\u00e9f\u00e9rence en Afrique. Il est parmi les Africains sur qui le continent compte. Il a pos\u00e9 des actes d\u2019\u00e9clat pour unir ses compatriotes. Il pourrait r\u00e9ussir ce pari en \u00e9vitant des actes de stigmatisation qui risquent de marginaliser une ethnie, num\u00e9riquement la plus importante du pays.<\/p>\n<div class=\"about-author about-author-box container-wrapper\">\n<div class=\"author-avatar\">\n<p><img decoding=\"async\" src=\"http:\/\/\" alt=\"\"\/><\/p>\n<\/div>\n<p><h4>La R\u00e9daction EcoMatin<\/h4>\n<\/p>\n<\/div>\n<div class=\"awac-wrapper awac widget blog_subscription-2\">\n<h4 class=\"widget-title\">Abonnez-vous \u00e0 notre lettre d&rsquo;information<\/h4>\n<\/div>\n<p>Auteur: EcoMatin<br \/>\n<a href=\"https:\/\/ecomatin.net\/genocide-rwandais-la-grosse-manipulation\/\">Cliquez ici pour lire l&rsquo;article depuis sa source.<\/a><\/p>\n","protected":false},"excerpt":{"rendered":"<p>Il y a 25 ans, le 6 avril 1994, l\u2019avion du chef de l\u2019Etat rwandais de l\u2019\u00e9poque, Juv\u00e9nal Habyarimana \u00e9tait abattu en bout de piste au moment de se poser sur le tarmac de l\u2019a\u00e9roport de Kanombe \u00e0 Kigali. Cet a\u00e9ronef de type Falcon baptis\u00e9 \u00ab\u00a0Impala\u00a0\u00bb, \u00e9tait un don du pr\u00e9sident fran\u00e7ais Fran\u00e7ois Mitterrand \u00e0 [&hellip;]<\/p>\n","protected":false},"author":1969,"featured_media":0,"comment_status":"closed","ping_status":"closed","sticky":false,"template":"","format":"standard","meta":{"fifu_image_url":"","fifu_image_alt":"","footnotes":""},"categories":[82,78],"tags":[],"class_list":["post-28905","post","type-post","status-publish","format-standard","hentry","category-cameroun","category-economie"],"_links":{"self":[{"href":"https:\/\/linitiative.ca\/International\/wp-json\/wp\/v2\/posts\/28905","targetHints":{"allow":["GET"]}}],"collection":[{"href":"https:\/\/linitiative.ca\/International\/wp-json\/wp\/v2\/posts"}],"about":[{"href":"https:\/\/linitiative.ca\/International\/wp-json\/wp\/v2\/types\/post"}],"author":[{"embeddable":true,"href":"https:\/\/linitiative.ca\/International\/wp-json\/wp\/v2\/users\/1969"}],"replies":[{"embeddable":true,"href":"https:\/\/linitiative.ca\/International\/wp-json\/wp\/v2\/comments?post=28905"}],"version-history":[{"count":0,"href":"https:\/\/linitiative.ca\/International\/wp-json\/wp\/v2\/posts\/28905\/revisions"}],"wp:attachment":[{"href":"https:\/\/linitiative.ca\/International\/wp-json\/wp\/v2\/media?parent=28905"}],"wp:term":[{"taxonomy":"category","embeddable":true,"href":"https:\/\/linitiative.ca\/International\/wp-json\/wp\/v2\/categories?post=28905"},{"taxonomy":"post_tag","embeddable":true,"href":"https:\/\/linitiative.ca\/International\/wp-json\/wp\/v2\/tags?post=28905"}],"curies":[{"name":"wp","href":"https:\/\/api.w.org\/{rel}","templated":true}]}}