{"id":28906,"date":"2019-04-19T13:39:06","date_gmt":"2019-04-19T17:39:06","guid":{"rendered":"https:\/\/linitiative.ca\/International\/operation-epervier-nouvelles-revelations-dans-laffaire-nkoto-emane\/"},"modified":"2019-04-19T13:39:06","modified_gmt":"2019-04-19T17:39:06","slug":"operation-epervier-nouvelles-revelations-dans-laffaire-nkoto-emane","status":"publish","type":"post","link":"https:\/\/linitiative.ca\/International\/operation-epervier-nouvelles-revelations-dans-laffaire-nkoto-emane\/","title":{"rendered":"Op\u00e9ration Epervier: nouvelles r\u00e9v\u00e9lations dans l\u2019affaire Nkoto Emane"},"content":{"rendered":"<p>Le mardi 16 avril dernier, l\u2019ex-Directeur g\u00e9n\u00e9ral de la Cameroon Telecommunications (<strong>Camtel), David Nkoto Emane<\/strong>, \u00e9tait une nouvelle fois devant les enqu\u00eateurs du Tribunal criminel sp\u00e9cial (<strong>Tcs)<\/strong>, \u00e0 Yaound\u00e9. Il y est de nouveau attendu cette semaine et, contrairement aux rumeurs qui l\u2019annon\u00e7aient en fuite vers la <strong>Guin\u00e9e \u00e9quatoriale<\/strong>, il est \u00e0 son domicile de Bastos \u00e0 Yaound\u00e9. En plus du dossier Mobile Communication Network (<strong>MCN<\/strong>), le projet de d\u00e9veloppement de la <strong>4G<\/strong> pilot\u00e9 par <strong>Boris Judica\u00ebl Nganou<\/strong>, le fils de l\u2019actuel ministre des Travaux publics (<strong>Mintp), Emmanuel Nganou Djoumessi<\/strong>, dans lequel Nkoto Emane est entendu comme t\u00e9moin, apprend-on de sources autoris\u00e9es, l\u2019ex-patron de Camtel est appel\u00e9 \u00e0 se justifier sur le march\u00e9 de l\u2019annuaire officiel des abonn\u00e9s au t\u00e9l\u00e9phone. Ce march\u00e9 d\u2019environ <strong>1 milliard Fcfa<\/strong> selon des sources proches du dossier, attribu\u00e9 au <strong>groupe Anypol<\/strong> en 2010, avait \u00e9t\u00e9 livr\u00e9 en novembre 2013, soit pr\u00e8s de quatre ans apr\u00e8s. Il est donc reproch\u00e9 \u00e0 Nkoto Emane d\u2019avoir pay\u00e9 enti\u00e8rement cette prestation sans avoir appliqu\u00e9 des sanctions vis-\u00e0-vis du prestataire, qui n\u2019a pas respect\u00e9 le d\u00e9lai contractuel de deux ans.<\/p>\n<p>L\u2019enqu\u00eate du Contr\u00f4le sup\u00e9rieur de l\u2019Etat (<strong>Consupe)<\/strong> qui aboutit \u00e0 ces conclusions remonte \u00e0 2017, et a \u00e9t\u00e9 commandit\u00e9e par le secr\u00e9taire g\u00e9n\u00e9ral de la pr\u00e9sidence de la R\u00e9publique (<strong>Sg\/Pr), Ferdinand Ngoh Ngoh<\/strong>. Une premi\u00e8re mission de la m\u00eame institution avait s\u00e9journ\u00e9 \u00e0 Camtel en 2015, laquelle avait relev\u00e9 des irr\u00e9gularit\u00e9s dans le cadre du paiement des honoraires des diff\u00e9rents responsables ayant r\u00e9alis\u00e9 l\u2019\u00e9tude de faisabilit\u00e9 de la 4G au Cameroun. Les enqu\u00eateurs avaient alors conclu \u00e0 des fautes de gestion ayant caus\u00e9 un pr\u00e9judice financier qui se chiffrerait \u00e0 plusieurs milliards Fcfa \u00e0 Camtel. Le rapport publi\u00e9 en 2016 faisait \u00e9tat de d\u00e9penses non justifi\u00e9es de l\u2019ordre de <strong>4 milliards Fcfa<\/strong> environ dans les comptes de Camtel. Dans le m\u00eame document qui couvrait six exercices budg\u00e9taires (<strong>2010-2015<\/strong>), les enqu\u00eateurs avaient not\u00e9 que le top management de l\u2019op\u00e9rateur public des t\u00e9l\u00e9communications s\u2019\u00e9tait octroy\u00e9 des avantages indus d\u2019un montant de <strong>453 millions Fcfa<\/strong>, sans compter un certain nombre d\u2019irr\u00e9gularit\u00e9s constat\u00e9es sur le paiement des frais de missions. Celles-ci auraient fait perdre jusqu\u2019\u00e0 <strong>370 millions Fcfa<\/strong> \u00e0 l\u2019entreprise. Envoy\u00e9 au palais et soumis \u00e0 l\u2019appr\u00e9ciation du pr\u00e9sident de la R\u00e9publique, le dossier avait \u00e9t\u00e9 jug\u00e9 excessif et rejet\u00e9 par <strong>Paul Biya<\/strong>.<\/p>\n<p>Sans l\u2019avis du chef de l\u2019Etat, Ferdinand Ngoh Ngoh avait d\u00e9cid\u00e9 d\u2019envoyer une autre mission dans cette entreprise, laquelle est en grande partie \u00e0 l\u2019origine des auditions en cours de l\u2019ex-Dg. Limog\u00e9 de Camtel en d\u00e9cembre 2018, David Nkoto Emane, proche parmi les proches de l\u2019ancien directeur du cabinet civil de la pr\u00e9sidence, <strong>Martin Belinga Eboutou<\/strong>, aujourd\u2019hui \u00e0 la r\u00e9serve de la R\u00e9publique, serait-il victime de sa proximit\u00e9 avec cet ancien ponte ? La collaboration entre Belinga Eboutou et Ferdinand Ngoh Ngoh au palais de l\u2019Unit\u00e9 entre le 09 d\u00e9cembre 2011 et le 03 mars 2018 aura \u00e9t\u00e9 des plus sulfureuses. Aujourd\u2019hui en position de force, le Sg\/Pr qu\u2019on pr\u00e9sente comme le principal commanditaire de l\u2019arrestation de l\u2019ancien ministre de la D\u00e9fense, <strong>Edgard Alain Mebe Ngo\u2019o<\/strong>, serait d\u00e9termin\u00e9 \u00e0 d\u00e9faire le r\u00e9seau Belinga. Seulement, apr\u00e8s Mebe Ngo\u2019o qui est un de ses proches parents, Paul Biya acceptera-t-il l\u2019emprisonnement d\u2019une autre de ses \u00e9lites en moins de trois mois ? En effet, David Nkoto Emane est la premi\u00e8re personnalit\u00e9 politique du <strong>Rdpc<\/strong> dans l\u2019arrondissement de <strong>Meyomessala<\/strong>, auquel appartient <strong>Mvomeka\u2019a<\/strong>, le village du chef de l\u2019Etat.<\/p>\n<div class=\"about-author about-author-box container-wrapper\">\n<div class=\"author-avatar\">\n<p><img decoding=\"async\" src=\"http:\/\/\" alt=\"\"\/><\/p>\n<\/div>\n<p><h4>La R\u00e9daction EcoMatin<\/h4>\n<\/p>\n<\/div>\n<div class=\"awac-wrapper awac widget blog_subscription-2\">\n<h4 class=\"widget-title\">Abonnez-vous \u00e0 notre lettre d&rsquo;information<\/h4>\n<\/div>\n<p>Auteur: EcoMatin<br \/>\n<a href=\"https:\/\/ecomatin.net\/operation-epervier-nouvelles-revelations-dans-laffaire-nkoto-emane\/\">Cliquez ici pour lire l&rsquo;article depuis sa source.<\/a><\/p>\n","protected":false},"excerpt":{"rendered":"<p>Le mardi 16 avril dernier, l\u2019ex-Directeur g\u00e9n\u00e9ral de la Cameroon Telecommunications (Camtel), David Nkoto Emane, \u00e9tait une nouvelle fois devant les enqu\u00eateurs du Tribunal criminel sp\u00e9cial (Tcs), \u00e0 Yaound\u00e9. Il y est de nouveau attendu cette semaine et, contrairement aux rumeurs qui l\u2019annon\u00e7aient en fuite vers la Guin\u00e9e \u00e9quatoriale, il est \u00e0 son domicile de [&hellip;]<\/p>\n","protected":false},"author":1969,"featured_media":0,"comment_status":"closed","ping_status":"closed","sticky":false,"template":"","format":"standard","meta":{"fifu_image_url":"","fifu_image_alt":"","footnotes":""},"categories":[82,78],"tags":[],"class_list":["post-28906","post","type-post","status-publish","format-standard","hentry","category-cameroun","category-economie"],"_links":{"self":[{"href":"https:\/\/linitiative.ca\/International\/wp-json\/wp\/v2\/posts\/28906","targetHints":{"allow":["GET"]}}],"collection":[{"href":"https:\/\/linitiative.ca\/International\/wp-json\/wp\/v2\/posts"}],"about":[{"href":"https:\/\/linitiative.ca\/International\/wp-json\/wp\/v2\/types\/post"}],"author":[{"embeddable":true,"href":"https:\/\/linitiative.ca\/International\/wp-json\/wp\/v2\/users\/1969"}],"replies":[{"embeddable":true,"href":"https:\/\/linitiative.ca\/International\/wp-json\/wp\/v2\/comments?post=28906"}],"version-history":[{"count":0,"href":"https:\/\/linitiative.ca\/International\/wp-json\/wp\/v2\/posts\/28906\/revisions"}],"wp:attachment":[{"href":"https:\/\/linitiative.ca\/International\/wp-json\/wp\/v2\/media?parent=28906"}],"wp:term":[{"taxonomy":"category","embeddable":true,"href":"https:\/\/linitiative.ca\/International\/wp-json\/wp\/v2\/categories?post=28906"},{"taxonomy":"post_tag","embeddable":true,"href":"https:\/\/linitiative.ca\/International\/wp-json\/wp\/v2\/tags?post=28906"}],"curies":[{"name":"wp","href":"https:\/\/api.w.org\/{rel}","templated":true}]}}