{"id":28907,"date":"2019-04-20T04:00:47","date_gmt":"2019-04-20T08:00:47","guid":{"rendered":"https:\/\/linitiative.ca\/International\/forum-de-la-mer-la-7eme-vague-frappera-le-25-avril\/"},"modified":"2019-04-20T04:00:47","modified_gmt":"2019-04-20T08:00:47","slug":"forum-de-la-mer-la-7eme-vague-frappera-le-25-avril","status":"publish","type":"post","link":"https:\/\/linitiative.ca\/International\/forum-de-la-mer-la-7eme-vague-frappera-le-25-avril\/","title":{"rendered":"Forum de la mer : La 7\u00e8me vague frappera le 25 avril"},"content":{"rendered":"<header>\n<\/header>\n<div class=\"entry-content clearfix\" readability=\"48\"><img decoding=\"async\" class=\"post_layout_5_img\" src=\"http:\/\/aujourdhui.ma\/wp-content\/uploads\/2019\/04\/Forum-de-la-mer-2019.jpg?x29840\" alt=\"Forum de la mer : La 7\u00e8me vague frappera le 25 avril\"\/><\/p>\n<p class=\"p1\"><span class=\"s1\"><span class=\"c4\"><strong>Le Forum de la mer est de retour \u00e0 El Jadida. \u00abL\u2019oc\u00e9an, source de vie\u00bb est la th\u00e9matique choisie pour cette septi\u00e8me \u00e9dition qui se d\u00e9roulera du 25 au 28 avril.<\/strong><\/span><\/span> <span id=\"more-309489\"\/><\/p>\n<p class=\"p1\"><span class=\"s1\">L\u2019occasion \u00e9tant de mieux comprendre la profondeur et la complexit\u00e9 de l\u2019oc\u00e9an.Le Forum s\u2019articulera ainsi autour de quatre ateliers. Des experts marocains et internationaux aborderont l\u2019oc\u00e9an sous quatre angles sp\u00e9cifiques comme espace vivant, comme mer nourrici\u00e8re, comme source de vie \u00e9conomique et comme source de solutions pour l\u2019avenir de l\u2019Homme.<\/span><\/p>\n<p class=\"p1\"><span class=\"s1\">Des conf\u00e9rences grand public viendront compl\u00e9ter la th\u00e9matique de cette 7e \u00e9dition au th\u00e9\u00e2tre de la Cit\u00e9 portugaise. A cela s\u2019ajoutera un programme d\u2019activit\u00e9s culturelles visant \u00e0 sensibiliser les participants et le public aux questions relatives \u00e0 l\u2019oc\u00e9an, \u00e0 sa pr\u00e9servation et au d\u00e9veloppement durable. Les plus jeunes seront \u00e0 nouveau \u00e0 l\u2019honneur cette ann\u00e9e \u00e0 travers les activit\u00e9s ludiques, sportives et \u00e9ducatives de l\u2019Archipel des Enfants sur la plage tout au long de la manifestation.<\/span><\/p>\n<\/div>\n<p>Auteur: ALM<br \/>\n<a href=\"http:\/\/aujourdhui.ma\/economie\/forum-de-la-mer-la-7eme-vague-frappera-le-25-avril\">Cliquez ici pour lire l&rsquo;article depuis sa source.<\/a><\/p>\n","protected":false},"excerpt":{"rendered":"<p>Le Forum de la mer est de retour \u00e0 El Jadida. \u00abL\u2019oc\u00e9an, source de vie\u00bb est la th\u00e9matique choisie pour cette septi\u00e8me \u00e9dition qui se d\u00e9roulera du 25 au 28 avril. L\u2019occasion \u00e9tant de mieux comprendre la profondeur et la complexit\u00e9 de l\u2019oc\u00e9an.Le Forum s\u2019articulera ainsi autour de quatre ateliers. Des experts marocains et internationaux [&hellip;]<\/p>\n","protected":false},"author":1759,"featured_media":0,"comment_status":"closed","ping_status":"closed","sticky":false,"template":"","format":"standard","meta":{"fifu_image_url":"","fifu_image_alt":"","footnotes":""},"categories":[73,54],"tags":[],"class_list":["post-28907","post","type-post","status-publish","format-standard","hentry","category-actualite","category-maroc"],"_links":{"self":[{"href":"https:\/\/linitiative.ca\/International\/wp-json\/wp\/v2\/posts\/28907","targetHints":{"allow":["GET"]}}],"collection":[{"href":"https:\/\/linitiative.ca\/International\/wp-json\/wp\/v2\/posts"}],"about":[{"href":"https:\/\/linitiative.ca\/International\/wp-json\/wp\/v2\/types\/post"}],"author":[{"embeddable":true,"href":"https:\/\/linitiative.ca\/International\/wp-json\/wp\/v2\/users\/1759"}],"replies":[{"embeddable":true,"href":"https:\/\/linitiative.ca\/International\/wp-json\/wp\/v2\/comments?post=28907"}],"version-history":[{"count":0,"href":"https:\/\/linitiative.ca\/International\/wp-json\/wp\/v2\/posts\/28907\/revisions"}],"wp:attachment":[{"href":"https:\/\/linitiative.ca\/International\/wp-json\/wp\/v2\/media?parent=28907"}],"wp:term":[{"taxonomy":"category","embeddable":true,"href":"https:\/\/linitiative.ca\/International\/wp-json\/wp\/v2\/categories?post=28907"},{"taxonomy":"post_tag","embeddable":true,"href":"https:\/\/linitiative.ca\/International\/wp-json\/wp\/v2\/tags?post=28907"}],"curies":[{"name":"wp","href":"https:\/\/api.w.org\/{rel}","templated":true}]}}