{"id":28908,"date":"2019-04-20T04:01:02","date_gmt":"2019-04-20T08:01:02","guid":{"rendered":"https:\/\/linitiative.ca\/International\/marrakech-il-tue-son-epouse-devant-leur-enfant-de-7-ans\/"},"modified":"2019-04-20T04:01:02","modified_gmt":"2019-04-20T08:01:02","slug":"marrakech-il-tue-son-epouse-devant-leur-enfant-de-7-ans","status":"publish","type":"post","link":"https:\/\/linitiative.ca\/International\/marrakech-il-tue-son-epouse-devant-leur-enfant-de-7-ans\/","title":{"rendered":"Marrakech : Il tue son \u00e9pouse devant leur enfant de 7 ans"},"content":{"rendered":"<header>\n<\/header>\n<div class=\"entry-content clearfix\" readability=\"53\"><img decoding=\"async\" class=\"post_layout_5_img\" src=\"http:\/\/aujourdhui.ma\/wp-content\/uploads\/2017\/06\/Dessin-meurtre-Crime-Couteau.jpg?x29840\" alt=\"Marrakech : Il tue son \u00e9pouse devant leur enfant de 7 ans\"\/><\/p>\n<p class=\"p1\"><span class=\"s1\"><span class=\"c4\"><strong>Non loin de l\u2019a\u00e9roport international Marrakech-Menara, au douar Chaouf situ\u00e9 au Hay M\u2019hamed, un p\u00e8re de famille a tu\u00e9, mardi soir, avec un tesson de bouteille, son \u00e9pouse, \u00e2g\u00e9e de quarante-quatre ans, m\u00e8re de trois enfants.<\/strong><\/span><\/span> <span id=\"more-309458\"\/><\/p>\n<p class=\"p1\"><span class=\"s1\"><span class=\"c4\"><span class=\"c5\">Pour mettre fin \u00e0 leur malentendu conjugal ils se sont rencontr\u00e9s dans la r\u00e9gion d\u2019Al Akouasse.\u00a0<\/span><\/span><\/span><span class=\"s1\">Accompagn\u00e9s de leur enfant, \u00e2g\u00e9 de sept ans, ils se dirigeaient vers le douar Chaouf.<\/span><\/p>\n<p class=\"p1\"><span class=\"s1\">Une fois qu\u2019ils y sont arriv\u00e9s, l\u2019\u00e9poux semble avoir perdu le contr\u00f4le de ses nerfs pour saisir un tesson de bouteille. Sans prendre en consid\u00e9ration l\u2019existence de l\u2019un de leurs enfants, il lui a ass\u00e9n\u00e9 un coup mortel au niveau du cou avant de se livrer de son plein gr\u00e9 aux limiers du 10\u00e8me arrondissement de police.<\/span><\/p>\n<\/div>\n<p>Auteur: Abderrafii ALOUMLIKI<br \/>\n<a href=\"http:\/\/aujourdhui.ma\/faits-divers\/marrakech-il-tue-son-epouse-devant-leur-enfant-de-7-ans\">Cliquez ici pour lire l&rsquo;article depuis sa source.<\/a><\/p>\n","protected":false},"excerpt":{"rendered":"<p>Non loin de l\u2019a\u00e9roport international Marrakech-Menara, au douar Chaouf situ\u00e9 au Hay M\u2019hamed, un p\u00e8re de famille a tu\u00e9, mardi soir, avec un tesson de bouteille, son \u00e9pouse, \u00e2g\u00e9e de quarante-quatre ans, m\u00e8re de trois enfants. Pour mettre fin \u00e0 leur malentendu conjugal ils se sont rencontr\u00e9s dans la r\u00e9gion d\u2019Al Akouasse.\u00a0Accompagn\u00e9s de leur enfant, [&hellip;]<\/p>\n","protected":false},"author":1759,"featured_media":0,"comment_status":"closed","ping_status":"closed","sticky":false,"template":"","format":"standard","meta":{"fifu_image_url":"","fifu_image_alt":"","footnotes":""},"categories":[73,54],"tags":[],"class_list":["post-28908","post","type-post","status-publish","format-standard","hentry","category-actualite","category-maroc"],"_links":{"self":[{"href":"https:\/\/linitiative.ca\/International\/wp-json\/wp\/v2\/posts\/28908","targetHints":{"allow":["GET"]}}],"collection":[{"href":"https:\/\/linitiative.ca\/International\/wp-json\/wp\/v2\/posts"}],"about":[{"href":"https:\/\/linitiative.ca\/International\/wp-json\/wp\/v2\/types\/post"}],"author":[{"embeddable":true,"href":"https:\/\/linitiative.ca\/International\/wp-json\/wp\/v2\/users\/1759"}],"replies":[{"embeddable":true,"href":"https:\/\/linitiative.ca\/International\/wp-json\/wp\/v2\/comments?post=28908"}],"version-history":[{"count":0,"href":"https:\/\/linitiative.ca\/International\/wp-json\/wp\/v2\/posts\/28908\/revisions"}],"wp:attachment":[{"href":"https:\/\/linitiative.ca\/International\/wp-json\/wp\/v2\/media?parent=28908"}],"wp:term":[{"taxonomy":"category","embeddable":true,"href":"https:\/\/linitiative.ca\/International\/wp-json\/wp\/v2\/categories?post=28908"},{"taxonomy":"post_tag","embeddable":true,"href":"https:\/\/linitiative.ca\/International\/wp-json\/wp\/v2\/tags?post=28908"}],"curies":[{"name":"wp","href":"https:\/\/api.w.org\/{rel}","templated":true}]}}