{"id":28910,"date":"2019-04-20T04:02:34","date_gmt":"2019-04-20T08:02:34","guid":{"rendered":"https:\/\/linitiative.ca\/International\/chantier-de-la-reforme-de-leducation-et-de-la-formation-une-forte-impulsion-aux-programmes-sociaux\/"},"modified":"2019-04-20T04:02:34","modified_gmt":"2019-04-20T08:02:34","slug":"chantier-de-la-reforme-de-leducation-et-de-la-formation-une-forte-impulsion-aux-programmes-sociaux","status":"publish","type":"post","link":"https:\/\/linitiative.ca\/International\/chantier-de-la-reforme-de-leducation-et-de-la-formation-une-forte-impulsion-aux-programmes-sociaux\/","title":{"rendered":"Chantier de la r\u00e9forme de l\u2019\u00e9ducation et de la formation : Une forte impulsion aux programmes sociaux"},"content":{"rendered":"<p><img decoding=\"async\" class=\"post_layout_5_img\" src=\"http:\/\/aujourdhui.ma\/wp-content\/uploads\/2016\/05\/Universite-Maroc.jpg?x29840\" alt=\"Chantier de la r\u00e9forme de l\u2019\u00e9ducation et de la formation : Une forte impulsion aux programmes sociaux\"\/><\/p>\n<p class=\"p1\"><span class=\"c4\"><strong><span class=\"s1\">Le programme Tayssir a permis de r\u00e9duire de 57% le taux de d\u00e9crochage scolaire et d\u2019augmenter le taux de r\u00e9inscription des \u00e9l\u00e8ves qui ont abandonn\u00e9 l\u2019\u00e9cole d\u2019environ 37%.<\/span><\/strong><\/span><span id=\"more-309531\"\/><\/p>\n<p class=\"p1\"><span class=\"s1\">G\u00e9n\u00e9ralisation du pr\u00e9scolaire, consolidation du programme \u00abTayssir\u00bb, am\u00e9lioration des prestations sociales au profit des \u00e9tudiants, renforcement des prestations d\u2019h\u00e9bergement, de restauration et de transport scolaire, meilleure ad\u00e9quation entre formation et emploi, telles sont les grandes mesures du nouveau programme du minist\u00e8re de l\u2019\u00e9ducation nationale. Ce dernier qui prend en compte les recommandations de la vision strat\u00e9gique de la r\u00e9forme 2015-2030 donnera une forte impulsion aux programmes sociaux dans le but de lutter contre les entraves socio-\u00e9conomiques \u00e0 la scolarisation.<\/span><\/p>\n<p class=\"p3\"><span class=\"s1\"><strong>Renforcement du programme \u00abTayssir\u00bb<\/strong><\/span><\/p>\n<p class=\"p1\"><span class=\"s1\">Le programme \u00abTayssir\u00bb qui consiste \u00e0 apporter un soutien financier aux m\u00e9nages pauvres et d\u00e9munis pour lutter contre l\u2019abandon scolaire sera renforc\u00e9. Depuis son lancement en 2008, ce programme a connu un d\u00e9veloppement important. Le nombre d\u2019\u00e9l\u00e8ves b\u00e9n\u00e9ficiaires est ainsi pass\u00e9 de 87.795 au titre de l\u2019ann\u00e9e scolaire 2008-2009 \u00e0 706.359 en 2017-2018. L\u2019objectif pour 2018-2019 est d\u2019augmenter davantage le nombre de b\u00e9n\u00e9ficiaires pour atteindre 2.087.200 \u00e9l\u00e8ves. Co\u00fbt global du programme : 2,170 milliards de dirhams, soit 1,539 milliard DH suppl\u00e9mentaires. Quant au nombre de communes cibl\u00e9es par le programme, leur nombre est pass\u00e9 de 132 au titre de 2008-2009 \u00e0 434 au titre de 2017-2018. Il faut dire que ce programme a permis de r\u00e9duire de 57% le taux de d\u00e9crochage scolaire et d\u2019augmenter le taux de r\u00e9inscription des \u00e9l\u00e8ves qui ont abandonn\u00e9 l\u2019\u00e9cole d\u2019environ 37 %. Toutefois, se pose toujours le probl\u00e8me du ciblage en attendant la mise en place du Registre social unique (RSU).<\/span><\/p>\n<p class=\"p3\"><span class=\"s1\"><strong>G\u00e9n\u00e9ralisation du pr\u00e9scolaire des 4 et 5 ans \u00e0 l\u2019horizon 2027<\/strong><\/span><\/p>\n<p class=\"p1\"><span class=\"s1\">La g\u00e9n\u00e9ralisation du pr\u00e9scolaire constitue l\u2019un des grands chantiers de la strat\u00e9gie du minist\u00e8re de l\u2019\u00e9ducation nationale. La moyenne nationale des enfants ayant int\u00e9gr\u00e9 l\u2019ann\u00e9e derni\u00e8re l\u2019enseignement pr\u00e9scolaire s\u2019est \u00e9tablie \u00e0 49,6%. Pour l\u2019ann\u00e9e scolaire 2018-2019, 100.000 enfants suppl\u00e9mentaires sont scolaris\u00e9s sur les 700.000 enfants non scolaris\u00e9s avec la cr\u00e9ation de 4.000 nouvelles classes. L\u2019objectif \u00e9tant la g\u00e9n\u00e9ralisation du pr\u00e9scolaire pour les enfants \u00e2g\u00e9s de 4 et 5 ans \u00e0 l\u2019horizon 2027 et l\u2019int\u00e9gration de la cat\u00e9gorie d\u2019enfants de 3 ans \u00e0 partir de l\u2019ann\u00e9e 2028. Pour relever ce d\u00e9fi, il sera proc\u00e9d\u00e9 \u00e0 la cr\u00e9ation de 50.000 salles de classe, \u00e0 la formation de 56.000 \u00e9ducateurs et \u00e9ducatrices et de 950 animateurs p\u00e9dagogiques.<\/span><\/p>\n<p class=\"p3\"><span class=\"s1\"><strong>H\u00e9bergement et restauration : Augmentation de la dotation quotidienne<\/strong><\/span><\/p>\n<p class=\"p1\"><span class=\"s1\">Le nouveau programme d\u2019action vise \u00e9galement le renforcement des prestations d\u2019h\u00e9bergement et de restauration \u00e0 travers notamment l\u2019augmentation de la dotation quotidienne r\u00e9serv\u00e9e aux cantines et internats. 1.443.000 \u00e9l\u00e8ves b\u00e9n\u00e9ficient des prestations d\u2019h\u00e9bergement et de restauration scolaire pour un montant global estim\u00e9 \u00e0 1,475 MMDH. Il est pr\u00e9vu de couvrir les communes souffrant de d\u00e9ficits, particuli\u00e8rement celles en milieu rural et \u00e9loign\u00e9es. Parmi les autres mesures importantes figure l\u2019\u00e9largissement du r\u00e9seau des \u00e9coles communautaires, \u00e0 travers la cr\u00e9ation de 150 nouvelles unit\u00e9s \u00e0 l\u2019horizon de l\u2019ann\u00e9e 2021. Cette ann\u00e9e, il a \u00e9t\u00e9 proc\u00e9d\u00e9 au lancement des travaux de construction de quatre nouvelles cit\u00e9s universitaires et de deux annexes de cit\u00e9s existantes, d\u2019une capacit\u00e9 globale de 4.900 lits ainsi que six nouveaux restaurants universitaires.<\/span><\/p>\n<p class=\"p3\"><span class=\"s1\"><strong>Transport scolaire : 325.000 b\u00e9n\u00e9ficiaires en 2021<\/strong><\/span><\/p>\n<p class=\"p1\"><span class=\"s1\">Pour ce qui est du transport scolaire, 154.000 \u00e9l\u00e8ves ont b\u00e9n\u00e9fici\u00e9 de ce service l\u2019ann\u00e9e pr\u00e9c\u00e9dente. Cette ann\u00e9e, leur nombre s\u2019est chiffr\u00e9 \u00e0 193.000. A noter qu\u2019ils seront 325.000 en 2021. Le ministre a estim\u00e9 que la mise en \u0153uvre de ces programmes sociaux contribuera \u00e0 am\u00e9liorer le niveau de scolarisation des \u00e9l\u00e8ves b\u00e9n\u00e9ficiaires et de r\u00e9duire le taux de d\u00e9perdition scolaire, pour passer de 5,7 % actuellement au primaire en milieu rural \u00e0 1% au titre de l\u2019ann\u00e9e scolaire 2024-2025 et de 12% actuellement en coll\u00e9gial au milieu rural et urbain \u00e0 3% au titre de l\u2019ann\u00e9e scolaire 2024-2025.<\/span><\/p>\n<p class=\"p4\"><span class=\"s1\"><strong>Formation professionnelle<\/strong><\/span><\/p>\n<p class=\"p1\"><span class=\"s1\">Dans le domaine de la formation professionnelle, quelque 2.007 \u00e9tablissements (dont 1.321 \u00e9tablissements priv\u00e9s) sont ouverts cette ann\u00e9e. Ces \u00e9tablissements sont encadr\u00e9s par 19.746 formateurs. On notera \u00e9galement 1.200 lits suppl\u00e9mentaires avec la cr\u00e9ation de 8 internats et cantines au sein des instituts de formation professionnelle.<\/span><\/p>\n<div class=\"base-box mom_box_sc_custom mom_box_sc clear c7\" readability=\"36\">\n<p class=\"p1\"><span class=\"c5\"><strong><span class=\"s1\">Rentr\u00e9e scolaire, universitaire et de la formation professionnelle : Plus de 9,6 millions d\u2019inscrits<\/span><\/strong><\/span><\/p>\n<p class=\"p1\"><span class=\"s1 c6\">Selon les statistiques du minist\u00e8re de tutelle, le nombre d\u2019inscrits au titre de la rentr\u00e9e scolaire, universitaire et de la formation professionnelle 2018-2019 s\u2019est \u00e9tabli \u00e0 9.613.000. Ainsi, quelque 7,9 millions d\u2019\u00e9l\u00e8ves sont inscrits, dont pr\u00e8s de 7,153 millions aux cycles d\u2019enseignement primaire, secondaire coll\u00e9gial et qualifiant, 748.214 \u00e9l\u00e8ves au pr\u00e9scolaire et 8.253 aux classes pr\u00e9paratoires publiques aux \u00e9coles sup\u00e9rieures. Pour ce qui est de la formation professionnelle, un total de 776.000 stagiaires sont inscrits au niveau des diff\u00e9rents cycles de formation (baccalaur\u00e9at professionnel, formation qualifiante, technicien, technicien sp\u00e9cialis\u00e9, etc.). L\u2019enseignement sup\u00e9rieur enregistre, quant \u00e0 lui, quelque 937.000 \u00e9tudiants inscrits, dont 860.219 au niveau des universit\u00e9s, 50.397 dans des instituts priv\u00e9s, et 26.659 dans des \u00e9tablissements de formation des cadres. Concernant l\u2019op\u00e9ration \u00abUn million de cartables\u00bb, 4.365.558 \u00e9l\u00e8ves (dont 47% de filles) ont b\u00e9n\u00e9fici\u00e9 de cette op\u00e9ration pour un co\u00fbt global de 420 millions de dirhams. En mati\u00e8re de ressources humaines, 20.000 nouveaux enseignants ont \u00e9t\u00e9 recrut\u00e9s, ce qui porte le nombre total des enseignants \u00e0 plus de 248.000.<\/span><\/p>\n<\/div>\n<p>Auteur: Siham Jadraoui<br \/>\n<a href=\"http:\/\/aujourdhui.ma\/emploi\/formation\/chantier-de-la-reforme-de-leducation-et-de-la-formation-une-forte-impulsion-aux-programmes-sociaux\">Cliquez ici pour lire l&rsquo;article depuis sa source.<\/a><\/p>\n","protected":false},"excerpt":{"rendered":"<p>Le programme Tayssir a permis de r\u00e9duire de 57% le taux de d\u00e9crochage scolaire et d\u2019augmenter le taux de r\u00e9inscription des \u00e9l\u00e8ves qui ont abandonn\u00e9 l\u2019\u00e9cole d\u2019environ 37%. G\u00e9n\u00e9ralisation du pr\u00e9scolaire, consolidation du programme \u00abTayssir\u00bb, am\u00e9lioration des prestations sociales au profit des \u00e9tudiants, renforcement des prestations d\u2019h\u00e9bergement, de restauration et de transport scolaire, meilleure ad\u00e9quation [&hellip;]<\/p>\n","protected":false},"author":1759,"featured_media":0,"comment_status":"closed","ping_status":"closed","sticky":false,"template":"","format":"standard","meta":{"fifu_image_url":"","fifu_image_alt":"","footnotes":""},"categories":[73,54],"tags":[],"class_list":["post-28910","post","type-post","status-publish","format-standard","hentry","category-actualite","category-maroc"],"_links":{"self":[{"href":"https:\/\/linitiative.ca\/International\/wp-json\/wp\/v2\/posts\/28910","targetHints":{"allow":["GET"]}}],"collection":[{"href":"https:\/\/linitiative.ca\/International\/wp-json\/wp\/v2\/posts"}],"about":[{"href":"https:\/\/linitiative.ca\/International\/wp-json\/wp\/v2\/types\/post"}],"author":[{"embeddable":true,"href":"https:\/\/linitiative.ca\/International\/wp-json\/wp\/v2\/users\/1759"}],"replies":[{"embeddable":true,"href":"https:\/\/linitiative.ca\/International\/wp-json\/wp\/v2\/comments?post=28910"}],"version-history":[{"count":0,"href":"https:\/\/linitiative.ca\/International\/wp-json\/wp\/v2\/posts\/28910\/revisions"}],"wp:attachment":[{"href":"https:\/\/linitiative.ca\/International\/wp-json\/wp\/v2\/media?parent=28910"}],"wp:term":[{"taxonomy":"category","embeddable":true,"href":"https:\/\/linitiative.ca\/International\/wp-json\/wp\/v2\/categories?post=28910"},{"taxonomy":"post_tag","embeddable":true,"href":"https:\/\/linitiative.ca\/International\/wp-json\/wp\/v2\/tags?post=28910"}],"curies":[{"name":"wp","href":"https:\/\/api.w.org\/{rel}","templated":true}]}}