{"id":28911,"date":"2019-04-20T04:04:24","date_gmt":"2019-04-20T08:04:24","guid":{"rendered":"https:\/\/linitiative.ca\/International\/maserati-a-la-semaine-internationale-du-design-a-milan-le-luxe-et-la-noblesse-de-la-matiere-reunis\/"},"modified":"2019-04-20T04:04:24","modified_gmt":"2019-04-20T08:04:24","slug":"maserati-a-la-semaine-internationale-du-design-a-milan-le-luxe-et-la-noblesse-de-la-matiere-reunis","status":"publish","type":"post","link":"https:\/\/linitiative.ca\/International\/maserati-a-la-semaine-internationale-du-design-a-milan-le-luxe-et-la-noblesse-de-la-matiere-reunis\/","title":{"rendered":"Maserati \u00e0 la Semaine internationale du design \u00e0 Milan : Le luxe et la noblesse de la mati\u00e8re r\u00e9unis"},"content":{"rendered":"<p><img decoding=\"async\" class=\"post_layout_5_img\" src=\"http:\/\/aujourdhui.ma\/wp-content\/uploads\/2019\/04\/Maserati.jpg?x29840\" alt=\"Maserati \u00e0 la Semaine internationale du design \u00e0 Milan : Le luxe et la noblesse de la mati\u00e8re r\u00e9unis\"\/><\/p>\n<p class=\"p1\"><span class=\"c4\"><strong><span class=\"s1\"><em>La marque aux trois griffes pr\u00e9sente un v\u00e9ritable voyage \u00e0 la Semaine du design de Milan \u00e0 travers un hommage aux \u00abproduits italiens d\u2019excellence\u00bb disponibles sous forme d\u2019options de personnalisation sur ses nouvelles gammes de v\u00e9hicules.<\/em><\/span><\/strong><\/span><span id=\"more-309380\"\/><\/p>\n<p class=\"p1\">Toute la noblesse de la mati\u00e8re et le luxe sont r\u00e9unis dans les voitures de la marque italienne Maserati. Apr\u00e8s ses d\u00e9buts au Salon international de l\u2019automobile de Gen\u00e8ve, la marque aux trois griffes pr\u00e9sente un v\u00e9ritable voyage \u00e0 la Semaine du design de Milan \u00e0 travers un hommage aux \u00abproduits italiens d\u2019excellence\u00bb disponibles sous forme d\u2019options de personnalisation sur ses nouvelles gammes de v\u00e9hicules.<\/p>\n<p class=\"p1\">Le contexte s\u2019y pr\u00eate, l\u2019itin\u00e9raire \u00abMaserati Crafting the Italian Experiences\u00bb (l\u2019artisanat d\u2019excellence \u00e0 l\u2019italienne) d\u00e9marre au centre historique de Milan et plus pr\u00e9cis\u00e9ment dans le quartier de Brera. Les plus passionn\u00e9s pourront donc d\u00e9couvrir en exposition le Levante One of One, personnalis\u00e9 par Allegra Antinori et r\u00e9cemment expos\u00e9 au Salon de Gen\u00e8ve. <em>\u00abCe Levante exclusif a \u00e9t\u00e9 configur\u00e9 selon un v\u00e9ritable processus cr\u00e9atif partag\u00e9 entre Allegra Antinori et le Centro Stile Maserati\u00bb<\/em>, explique la firme italienne pr\u00e9cisant que pour ce premier projet de personnalisation, tous les d\u00e9tails s\u00e9lectionn\u00e9s par Allegra Antinori sont \u00e9troitement li\u00e9s \u00e0 une facette de sa personnalit\u00e9: depuis sa couleur verte originale \u00e0 trois couches inspir\u00e9e des collines toscanes, aux int\u00e9rieurs avec si\u00e8ges en cuir unique \u00abPieno Fiore\u00bb, il est teint\u00e9 \u00e0 l\u2019aniline et aux huiles, sans finitions visibles en surface, mais est embelli avec effet capitonn\u00e9 3D. \u00ab<em>Cette technique garantit une profondeur de couleur exceptionnelle et une sensation souple au toucher, et comme un bon vin, le cuir continuera \u00e0 s\u2019am\u00e9liorer au fil du temps. Une v\u00e9ritable \u0153uvre d\u2019art, agr\u00e9ment\u00e9e de mat\u00e9riaux uniques et raffin\u00e9s\u00bb,<\/em> pr\u00e9cise le constructeur.<\/p>\n<p class=\"p1\">La deuxi\u00e8me \u00e9tape du \u00abMaserati Crafting Italian Experiences\u00bb se d\u00e9voile au Flagship Store De Castelli. Dans son Flagship Store au centre du quartier San Babila, De Castelli d\u00e9voile l\u2019association de son savoir-faire des surfaces m\u00e9talliques \u00e0 la volont\u00e9 de Maserati de sublimer ces composants. Cette mati\u00e8re est appliqu\u00e9e sur les composants internes de la voiture (tableau de bord et p\u00e9dales), et sa ferronnerie sophistiqu\u00e9e. Ajoutons \u00e0 cela l\u2019allure et le ton chromatique qui s\u2019inspirent des riches couleurs du paysage italien. Le parcours se poursuit dans une autre r\u00e9gion de Milan, et pr\u00e9cis\u00e9ment \u00e0 Porta Venezia avec une visite unique au Giorgetti Atelier. L\u2019entreprise de bois italienne s\u2019illustre \u00e0 travers les inserts du tableau de bord Quattroporte. <em>\u00abPour trois des 12 vari\u00e9t\u00e9s de bois Giorgett : Cendre, Noix et Erable, diff\u00e9rents proc\u00e9d\u00e9s sont utilis\u00e9s : tout d\u2019abord m\u00e9caniques, puis manuels avec un travail de sculpture, de tournage et de modelage\u00bb<\/em>, souligne le management du constructeur de luxe.<\/p>\n<p class=\"p1\">Une autre \u00e9tape se situe dans la zone la plus select de Milan, le \u00abQuadrilatero della Moda\u00bb. Maserati a fait le choix via Pietro Verri de l\u2019emplacement du concept store d\u2019Alcantara. \u00ab<em>Alcantara est un mat\u00e9riau hautement innovant qui offre une association de propri\u00e9t\u00e9s sensorielles, esth\u00e9tiques et fonctionnelles. Extraordinairement polyvalent, Alcantara est choisi par de grandes marques dans de nombreux domaines, de la mode aux accessoires automobiles, en passant par la high-tech\u00bb<\/em>, indique la marque automobile soulignant qu\u2019\u00e0 cette occasion, le concept store expose une installation d\u00e9di\u00e9e \u00e0 Maserati qui met en avant l\u2019unicit\u00e9 de ses applications, n\u00e9es de la collaboration entre les Stiles Centers des deux marques. Le \u00abMaserati Crafting Italian Experiences\u00bb se termine \u00e0 la Boutique Ermenegildo Zegna sur Via Montenapoleone 27\/E, o\u00f9 Maserati et son partenaire Ermenegildo Zegna, sp\u00e9cialis\u00e9 en v\u00eatements de luxe pour hommes, d\u00e9voilent la nouvelle collection Maserati Capsule printemps-\u00e9t\u00e9 2019.<\/p>\n<p class=\"p1\">Cette exposition met en exergue une s\u00e9lection de marchandises en cuir, de v\u00eatements de voyage et d\u2019\u00e9l\u00e9gants accessoires. <em>\u00abCe n\u2019est l\u00e0 qu\u2019un exemple de plus de la qualit\u00e9 des produits de deux marques italiennes embl\u00e9matiques. Au r\u00e9cent Salon international de l\u2019automobile de Gen\u00e8ve, Maserati et Ermenegildo Zegna ont pr\u00e9sent\u00e9 Pelletessutatm, un cuir nappa tiss\u00e9 singulier, fruit des recherches pionni\u00e8res de Zegna. Un tissu exquis, innovant, l\u00e9ger, extr\u00eamement polyvalent et doux, id\u00e9al pour le design d\u2019objets allant de la d\u00e9coration d\u2019int\u00e9rieur aux accessoires multim\u00e9dia\u00bb<\/em>, tient \u00e0 pr\u00e9ciser la firme italienne.<\/p>\n<p>Auteur: ALM<br \/>\n<a href=\"http:\/\/aujourdhui.ma\/automobile\/maserati-a-la-semaine-internationale-du-design-a-milan-le-luxe-et-la-noblesse-de-la-matiere-reunis\">Cliquez ici pour lire l&rsquo;article depuis sa source.<\/a><\/p>\n","protected":false},"excerpt":{"rendered":"<p>La marque aux trois griffes pr\u00e9sente un v\u00e9ritable voyage \u00e0 la Semaine du design de Milan \u00e0 travers un hommage aux \u00abproduits italiens d\u2019excellence\u00bb disponibles sous forme d\u2019options de personnalisation sur ses nouvelles gammes de v\u00e9hicules. Toute la noblesse de la mati\u00e8re et le luxe sont r\u00e9unis dans les voitures de la marque italienne Maserati. [&hellip;]<\/p>\n","protected":false},"author":1759,"featured_media":0,"comment_status":"closed","ping_status":"closed","sticky":false,"template":"","format":"standard","meta":{"fifu_image_url":"","fifu_image_alt":"","footnotes":""},"categories":[73,54],"tags":[],"class_list":["post-28911","post","type-post","status-publish","format-standard","hentry","category-actualite","category-maroc"],"_links":{"self":[{"href":"https:\/\/linitiative.ca\/International\/wp-json\/wp\/v2\/posts\/28911","targetHints":{"allow":["GET"]}}],"collection":[{"href":"https:\/\/linitiative.ca\/International\/wp-json\/wp\/v2\/posts"}],"about":[{"href":"https:\/\/linitiative.ca\/International\/wp-json\/wp\/v2\/types\/post"}],"author":[{"embeddable":true,"href":"https:\/\/linitiative.ca\/International\/wp-json\/wp\/v2\/users\/1759"}],"replies":[{"embeddable":true,"href":"https:\/\/linitiative.ca\/International\/wp-json\/wp\/v2\/comments?post=28911"}],"version-history":[{"count":0,"href":"https:\/\/linitiative.ca\/International\/wp-json\/wp\/v2\/posts\/28911\/revisions"}],"wp:attachment":[{"href":"https:\/\/linitiative.ca\/International\/wp-json\/wp\/v2\/media?parent=28911"}],"wp:term":[{"taxonomy":"category","embeddable":true,"href":"https:\/\/linitiative.ca\/International\/wp-json\/wp\/v2\/categories?post=28911"},{"taxonomy":"post_tag","embeddable":true,"href":"https:\/\/linitiative.ca\/International\/wp-json\/wp\/v2\/tags?post=28911"}],"curies":[{"name":"wp","href":"https:\/\/api.w.org\/{rel}","templated":true}]}}