{"id":28913,"date":"2019-04-20T04:07:30","date_gmt":"2019-04-20T08:07:30","guid":{"rendered":"https:\/\/linitiative.ca\/International\/une-nouvelle-ere-commence-pour-la-formation-professionnelle-12-cites-des-metiers-et-des-competences-pour-une-meilleure-insertion-des-jeunes\/"},"modified":"2019-04-20T04:07:30","modified_gmt":"2019-04-20T08:07:30","slug":"une-nouvelle-ere-commence-pour-la-formation-professionnelle-12-cites-des-metiers-et-des-competences-pour-une-meilleure-insertion-des-jeunes","status":"publish","type":"post","link":"https:\/\/linitiative.ca\/International\/une-nouvelle-ere-commence-pour-la-formation-professionnelle-12-cites-des-metiers-et-des-competences-pour-une-meilleure-insertion-des-jeunes\/","title":{"rendered":"Une nouvelle \u00e8re commence pour la formation professionnelle : 12 Cit\u00e9s des m\u00e9tiers et des comp\u00e9tences pour une meilleure insertion des jeunes"},"content":{"rendered":"<p><img decoding=\"async\" class=\"post_layout_5_img\" src=\"http:\/\/aujourdhui.ma\/wp-content\/uploads\/2019\/04\/Jeunes-Etudiant-Formation.jpg?x29840\" alt=\"Une nouvelle \u00e8re commence pour la formation professionnelle : 12 Cit\u00e9s des m\u00e9tiers et des comp\u00e9tences pour une meilleure insertion des jeunes\"\/><\/p>\n<p class=\"p1\"><span class=\"s1\"><span class=\"c4\"><strong>D\u00e8s la rentr\u00e9e 2021, 12 Centres des m\u00e9tiers et des comp\u00e9tences seront ouverts dans les douze r\u00e9gions du Royaume. Cette initiative inscrite dans le cadre de la nouvelle strat\u00e9gie de la formation professionnelle a \u00e9t\u00e9 pr\u00e9sent\u00e9e r\u00e9cemment \u00e0 Sa Majest\u00e9 le Roi Mohammed VI.<\/strong><\/span><\/span><span id=\"more-309534\"\/><\/p>\n<p class=\"p1\"><span class=\"s1\">Ces futurs espaces privil\u00e9gieront la formation en milieu professionnel par le biais de l\u2019alternance et l\u2019apprentissage, la ma\u00eetrise des langues, l\u2019approche par comp\u00e9tences et les soft skills (comp\u00e9tences non techniques). Il faut dire que ces nouvelles Cit\u00e9s vont privil\u00e9gier des formations qui r\u00e9pondent aux sp\u00e9cificit\u00e9s et aux potentialit\u00e9s de chaque r\u00e9gion, \u00e0 la fois dans les m\u00e9tiers li\u00e9s aux domaines d\u2019activit\u00e9s porteurs de l\u2019\u00e9cosyst\u00e8me dans lequel elles s\u2019implanteront, mais aussi dans les m\u00e9tiers du futur tels que le Digital-Offshoring.<\/span><\/p>\n<p class=\"p1\"><span class=\"s1\">Cette nouvelle feuille de route a ainsi plusieurs objectifs. Elle vise la mise \u00e0 niveau de l\u2019offre de formation et la restructuration des fili\u00e8res en fonction de leur pertinence sur le march\u00e9 de l\u2019emploi. Il est aussi question de moderniser les m\u00e9thodes p\u00e9dagogiques et am\u00e9liorer l\u2019employabilit\u00e9 des jeunes \u00e0 travers une s\u00e9rie de programmes de formation et de requalification de courte dur\u00e9e.<\/span><\/p>\n<p class=\"p1\"><span class=\"s1\">Il est important de relever que dans le cadre de cette nouvelle strat\u00e9gie, 8 p\u00f4les d\u2019activit\u00e9 porteuses d\u2019emploi ont \u00e9t\u00e9 cibl\u00e9s: agriculture et agro-industrie, p\u00eache, tourisme et h\u00f4tellerie, sant\u00e9, artisanat, industrie et industries propres, digital et offshoring\/intelligence artificielle et enfin les services aux personnes. Les formations li\u00e9es au digital-offshoring seront ainsi d\u00e9ploy\u00e9es dans les 12 r\u00e9gions, alors que celles se rapportant \u00e0 l\u2019intelligence artificielle seront propos\u00e9es au sein des r\u00e9gions de Rabat-Sal\u00e9-K\u00e9nitra et de Casablanca-Settat. Pour l\u2019agriculture-agro-industrie et l\u2019industrie, secteurs majeurs et \u00e0 tr\u00e8s large spectre, leurs fili\u00e8res de formation seront propos\u00e9es dans la majorit\u00e9 des r\u00e9gions avec, en outre, des fili\u00e8res relatives \u00e0 l\u2019industrie navale \u00e0 Agadir et Casablanca. Huit r\u00e9gions accueilleront des formations en h\u00f4tellerie-tourisme, l\u2019autre secteur cl\u00e9 de l\u2019\u00e9conomie nationale. En mati\u00e8re de sant\u00e9, seules les huit r\u00e9gions disposant d\u2019un Centre hospitalier universitaire (CHU) fonctionnel ou en cours de construction accueilleront des fili\u00e8res de sant\u00e9. Les formations d\u2019artisanat seront d\u00e9ploy\u00e9es essentiellement dans les r\u00e9gions de F\u00e8s-Mekn\u00e8s, Marrakech-Safi et Dr\u00e2a-Tafilalet, au sein desquelles cette activit\u00e9 est pr\u00e9pond\u00e9rante.<\/span><\/p>\n<p class=\"p1\"><span class=\"s1\">Concernant le service \u00e0 la personne, pour r\u00e9pondre \u00e0 la tr\u00e8s forte demande \u00e9manant des grandes villes telles que Casablanca, Rabat et Marrakech, des fili\u00e8res relatives \u00e0 ce secteur seront d\u00e9ploy\u00e9es dans ces r\u00e9gions pour former notamment les \u00e9ducateurs du pr\u00e9scolaire, les aides aux personnes \u00e2g\u00e9es ou les aides \u00e0 domicile.<\/span><\/p>\n<p>Auteur: Siham Jadraoui<br \/>\n<a href=\"http:\/\/aujourdhui.ma\/emploi\/formation\/une-nouvelle-ere-commence-pour-la-formation-professionnelle-12-cites-des-metiers-et-des-competences-pour-une-meilleure-insertion-des-jeunes\">Cliquez ici pour lire l&rsquo;article depuis sa source.<\/a><\/p>\n","protected":false},"excerpt":{"rendered":"<p>D\u00e8s la rentr\u00e9e 2021, 12 Centres des m\u00e9tiers et des comp\u00e9tences seront ouverts dans les douze r\u00e9gions du Royaume. Cette initiative inscrite dans le cadre de la nouvelle strat\u00e9gie de la formation professionnelle a \u00e9t\u00e9 pr\u00e9sent\u00e9e r\u00e9cemment \u00e0 Sa Majest\u00e9 le Roi Mohammed VI. Ces futurs espaces privil\u00e9gieront la formation en milieu professionnel par le [&hellip;]<\/p>\n","protected":false},"author":1759,"featured_media":0,"comment_status":"closed","ping_status":"closed","sticky":false,"template":"","format":"standard","meta":{"fifu_image_url":"","fifu_image_alt":"","footnotes":""},"categories":[73,54],"tags":[],"class_list":["post-28913","post","type-post","status-publish","format-standard","hentry","category-actualite","category-maroc"],"_links":{"self":[{"href":"https:\/\/linitiative.ca\/International\/wp-json\/wp\/v2\/posts\/28913","targetHints":{"allow":["GET"]}}],"collection":[{"href":"https:\/\/linitiative.ca\/International\/wp-json\/wp\/v2\/posts"}],"about":[{"href":"https:\/\/linitiative.ca\/International\/wp-json\/wp\/v2\/types\/post"}],"author":[{"embeddable":true,"href":"https:\/\/linitiative.ca\/International\/wp-json\/wp\/v2\/users\/1759"}],"replies":[{"embeddable":true,"href":"https:\/\/linitiative.ca\/International\/wp-json\/wp\/v2\/comments?post=28913"}],"version-history":[{"count":0,"href":"https:\/\/linitiative.ca\/International\/wp-json\/wp\/v2\/posts\/28913\/revisions"}],"wp:attachment":[{"href":"https:\/\/linitiative.ca\/International\/wp-json\/wp\/v2\/media?parent=28913"}],"wp:term":[{"taxonomy":"category","embeddable":true,"href":"https:\/\/linitiative.ca\/International\/wp-json\/wp\/v2\/categories?post=28913"},{"taxonomy":"post_tag","embeddable":true,"href":"https:\/\/linitiative.ca\/International\/wp-json\/wp\/v2\/tags?post=28913"}],"curies":[{"name":"wp","href":"https:\/\/api.w.org\/{rel}","templated":true}]}}