{"id":28919,"date":"2019-04-20T11:48:46","date_gmt":"2019-04-20T15:48:46","guid":{"rendered":"https:\/\/linitiative.ca\/International\/reunion-du-bureau-politique-du-pps\/"},"modified":"2019-04-20T11:48:46","modified_gmt":"2019-04-20T15:48:46","slug":"reunion-du-bureau-politique-du-pps","status":"publish","type":"post","link":"https:\/\/linitiative.ca\/International\/reunion-du-bureau-politique-du-pps\/","title":{"rendered":"R\u00e9union du Bureau politique du PPS"},"content":{"rendered":"<p class=\"c3\"><span class=\"c2\"><strong>Le BP rend hommage \u00e0 l\u2019action de ses repr\u00e9sentants au Parlement<\/strong><\/span><\/p>\n<p class=\"c5\"><strong><span class=\"c4\"><span class=\"c2\">A<\/span>u d\u00e9but des travaux de sa r\u00e9union p\u00e9riodique, tenue mardi 16 avril 2019, le Bureau politique du Parti du progr\u00e8s et du socialisme a abord\u00e9 les diff\u00e9rents sujets en rapport avec l\u2019action du Parti sur le front parlementaire, et ce \u00e0 la lumi\u00e8re d\u2019un rapport pr\u00e9sent\u00e9 par le Secr\u00e9taire g\u00e9n\u00e9ral sur la rencontre qu\u2019il a eue avec les parlementaires du Parti vendredi 12 avril courant.<\/span><\/strong><\/p>\n<p class=\"c5\"><span class=\"c6\">Tout en rendant hommage\u00a0\u00a0\u00e0 l\u2019ensemble des efforts, des initiatives et des d\u00e9marches entrepris par les repr\u00e9sentantes et repr\u00e9sentants du Parti au sein de l\u2019institution l\u00e9gislative nationale, avec ses deux chambres, le Bureau politique les appelle \u00e0 continuer de jouer leurs importants r\u00f4les sur ce front militant capital, avec la m\u00eame coh\u00e9sion consistante, la dynamique louable et l\u2019esprit constructif positif, au cours de la deuxi\u00e8me session de la troisi\u00e8me ann\u00e9e l\u00e9gislative en particulier et au titre de la deuxi\u00e8me partie de la dixi\u00e8me l\u00e9gislature en g\u00e9n\u00e9ral.<\/span><\/p>\n<p class=\"c5\"><span class=\"c6\">Dans le m\u00eame ordre d\u2019id\u00e9es, le Bureau politique a pris un certain nombre de mesures et de d\u00e9cisions relatives \u00e0 l\u2019organisation du Groupement parlementaire du progr\u00e8s et du socialisme, soulignant que le Parti du progr\u00e8s et du socialisme est d\u00e9cid\u00e9 de poursuivre la cons\u00e9cration de sa pr\u00e9sence parlementaire pour d\u00e9fendre les int\u00e9r\u00eats sup\u00e9rieurs de notre pays et soutenir les justes causes de l\u2019ensemble des citoyennes et citoyens et en particulier des couches et des classes d\u00e9munies, \u00e0 travers aussi bien le r\u00f4le de contr\u00f4le, la fonction l\u00e9gislative et la diplomatie parall\u00e8le qu\u2019au niveau de l\u2019\u00e9valuation des politiques publiques.<\/span><\/p>\n<p class=\"c5\"><span class=\"c2\"><strong>Les grandes lignes du rapport au prochain Comit\u00e9 central<\/strong><\/span><\/p>\n<p class=\"c5\"><span class=\"c6\">\u00a0Par ailleurs, le Secr\u00e9taire g\u00e9n\u00e9ral a pr\u00e9sent\u00e9 les grandes lignes du rapport qui sera pr\u00e9sent\u00e9 par le Bureau politique devant le Comit\u00e9 central, dont la r\u00e9union est pr\u00e9vue samedi 4 mai prochain, \u00e0 partir de 09H00 au si\u00e8ge national du parti dans la ville de Rabat.<\/span><\/p>\n<p class=\"c5\"><span class=\"c6\">Cet expos\u00e9 a fait l\u2019objet d\u2019un d\u00e9bat exhaustif de la part du Bureau politique, lequel d\u00e9bat s\u2019est d\u00e9roul\u00e9 dans un climat de coh\u00e9sion et d\u2019unit\u00e9 intellectuelle et politique.<\/span><\/p>\n<p class=\"c5\"><span class=\"c6\">Il a port\u00e9 sur les visions du parti et son analyse de la conjoncture et de la situation nationale g\u00e9n\u00e9rale, la prospection des perspectives, les r\u00f4les et la position du parti ainsi que sur la vie interne du parti et les diff\u00e9rents outils susceptibles de renforcer son appareil organisationnel et de consolider sa place dans le paysage politique national.<\/span><\/p>\n<p class=\"c5\"><span class=\"c2\"><strong>Programmation des r\u00e9unions des conseils provinciaux<\/strong><\/span><\/p>\n<p class=\"c5\"><span class=\"c6\">Ont \u00e9t\u00e9 \u00e9galement abord\u00e9es les lectures du Parti et ses positions sur les d\u00e9veloppements les plus importants sur le plan r\u00e9gional.<\/span><\/p>\n<p class=\"c5\"><span class=\"c6\">Au niveau du programme d\u2019action du parti pour la p\u00e9riode \u00e0 venir, le Bureau politique a proc\u00e9d\u00e9 \u00e0 l\u2019\u00e9valuation du degr\u00e9 d\u2019avancement de la programmation des r\u00e9unions des conseils provinciaux sur l\u2019ensemble du territoire national et ce \u00e0 la lumi\u00e8re d\u2019un rapport pr\u00e9sent\u00e9 \u00e0 ce sujet.<\/span><\/p>\n<p class=\"c5\"><span class=\"c6\">Tout en se f\u00e9licitant du degr\u00e9 croissant du rythme de la mobilisation interne dans les rangs du parti, \u00e0 travers surtout la d\u00e9termination de la plus grande partie des sections de programmer la tenue de leurs conseils provinciaux avant samedi 4 mai, date de la r\u00e9union du Comit\u00e9 central, le Bureau politique exhorte les autres sections \u00e0 tenir leurs conseils dans les d\u00e9lais prescrits.<\/span><\/p>\n<p class=\"c7\"><strong><span class=\"c4\">(B.P du PPS)<\/span><\/strong><\/p>\n<p>Auteur: rahal mehamed<br \/>\n<a href=\"http:\/\/albayane.press.ma\/reunion-du-bureau-politique-du-pps-11.html\">Cliquez ici pour lire l&rsquo;article depuis sa source.<\/a><\/p>\n","protected":false},"excerpt":{"rendered":"<p>Le BP rend hommage \u00e0 l\u2019action de ses repr\u00e9sentants au Parlement Au d\u00e9but des travaux de sa r\u00e9union p\u00e9riodique, tenue mardi 16 avril 2019, le Bureau politique du Parti du progr\u00e8s et du socialisme a abord\u00e9 les diff\u00e9rents sujets en rapport avec l\u2019action du Parti sur le front parlementaire, et ce \u00e0 la lumi\u00e8re d\u2019un [&hellip;]<\/p>\n","protected":false},"author":1760,"featured_media":0,"comment_status":"closed","ping_status":"closed","sticky":false,"template":"","format":"standard","meta":{"fifu_image_url":"","fifu_image_alt":"","footnotes":""},"categories":[73,54],"tags":[],"class_list":["post-28919","post","type-post","status-publish","format-standard","hentry","category-actualite","category-maroc"],"_links":{"self":[{"href":"https:\/\/linitiative.ca\/International\/wp-json\/wp\/v2\/posts\/28919","targetHints":{"allow":["GET"]}}],"collection":[{"href":"https:\/\/linitiative.ca\/International\/wp-json\/wp\/v2\/posts"}],"about":[{"href":"https:\/\/linitiative.ca\/International\/wp-json\/wp\/v2\/types\/post"}],"author":[{"embeddable":true,"href":"https:\/\/linitiative.ca\/International\/wp-json\/wp\/v2\/users\/1760"}],"replies":[{"embeddable":true,"href":"https:\/\/linitiative.ca\/International\/wp-json\/wp\/v2\/comments?post=28919"}],"version-history":[{"count":0,"href":"https:\/\/linitiative.ca\/International\/wp-json\/wp\/v2\/posts\/28919\/revisions"}],"wp:attachment":[{"href":"https:\/\/linitiative.ca\/International\/wp-json\/wp\/v2\/media?parent=28919"}],"wp:term":[{"taxonomy":"category","embeddable":true,"href":"https:\/\/linitiative.ca\/International\/wp-json\/wp\/v2\/categories?post=28919"},{"taxonomy":"post_tag","embeddable":true,"href":"https:\/\/linitiative.ca\/International\/wp-json\/wp\/v2\/tags?post=28919"}],"curies":[{"name":"wp","href":"https:\/\/api.w.org\/{rel}","templated":true}]}}