{"id":28933,"date":"2019-04-20T08:05:00","date_gmt":"2019-04-20T12:05:00","guid":{"rendered":"https:\/\/linitiative.ca\/International\/rassemblement-historique-a-la-grande-poste-dalger\/"},"modified":"2019-04-20T08:05:00","modified_gmt":"2019-04-20T12:05:00","slug":"rassemblement-historique-a-la-grande-poste-dalger","status":"publish","type":"post","link":"https:\/\/linitiative.ca\/International\/rassemblement-historique-a-la-grande-poste-dalger\/","title":{"rendered":"Rassemblement historique \u00e0 la Grande Poste d\u2019Alger"},"content":{"rendered":"<div id=\"originalText\" readability=\"42\">\n<p>Des centaines de citoyens ont battu, ce samedi matin, le pav\u00e9 de la Grande Poste d\u2019Alger, pour tenir un rassemblement comm\u00e9moratif du double anniversaire du printemps berb\u00e8re (20 avril 1980), et du printemps noir (20 avril 2001).<\/p>\n<p>Les manifestants ont scand\u00e9 plusieurs slogans, \u00e0 l\u2019exemple de \u00abpouvoir assassin\u00bb et \u00abUlach Smah Ulach\u00bb.<\/p>\n<p><iframe loading=\"lazy\" allowfullscreen=\"true\" allowtransparency=\"true\" frameborder=\"0\" height=\"476\" scrolling=\"no\" src=\"https:\/\/www.facebook.com\/plugins\/video.php?href=https%3A%2F%2Fwww.facebook.com%2Freda.boudraa1%2Fvideos%2F2234544619938304%2F&#038;show_text=0&#038;width=267\" class=\"c10\" width=\"267\">[embedded content]<\/iframe><\/p>\n<p class=\"c11\"><strong>R\u00e9daction Web<\/strong><\/p>\n<\/div>\n<div id=\"text_core\" readability=\"42\">\n<p>Des centaines de citoyens ont battu, ce samedi matin, le pav\u00e9 de la Grande Poste d\u2019Alger, pour tenir un rassemblement comm\u00e9moratif du double anniversaire du printemps berb\u00e8re (20 avril 1980), et du printemps noir (20 avril 2001).<\/p>\n<p>Les manifestants ont scand\u00e9 plusieurs slogans, \u00e0 l\u2019exemple de \u00abpouvoir assassin\u00bb et \u00abUlach Smah Ulach\u00bb.<\/p>\n<p><iframe loading=\"lazy\" allowfullscreen=\"true\" allowtransparency=\"true\" frameborder=\"0\" height=\"476\" scrolling=\"no\" src=\"https:\/\/www.facebook.com\/plugins\/video.php?href=https%3A%2F%2Fwww.facebook.com%2Freda.boudraa1%2Fvideos%2F2234544619938304%2F&#038;show_text=0&#038;width=267\" class=\"c10\" width=\"267\">[embedded content]<\/iframe><\/p>\n<p class=\"c11\"><strong>R\u00e9daction Web<\/strong><\/p>\n<\/div>\n<p>Auteur:<br \/>\n<a href=\"https:\/\/www.liberte-algerie.com\/actualite\/rassemblement-historique-a-la-grande-poste-dalger-314245\">Cliquez ici pour lire l&rsquo;article depuis sa source.<\/a><\/p>\n","protected":false},"excerpt":{"rendered":"<p>Des centaines de citoyens ont battu, ce samedi matin, le pav\u00e9 de la Grande Poste d\u2019Alger, pour tenir un rassemblement comm\u00e9moratif du double anniversaire du printemps berb\u00e8re (20 avril 1980), et du printemps noir (20 avril 2001). Les manifestants ont scand\u00e9 plusieurs slogans, \u00e0 l\u2019exemple de \u00abpouvoir assassin\u00bb et \u00abUlach Smah Ulach\u00bb. [embedded content] R\u00e9daction [&hellip;]<\/p>\n","protected":false},"author":1742,"featured_media":0,"comment_status":"closed","ping_status":"closed","sticky":false,"template":"","format":"standard","meta":{"fifu_image_url":"","fifu_image_alt":"","footnotes":""},"categories":[73,53],"tags":[],"class_list":["post-28933","post","type-post","status-publish","format-standard","hentry","category-actualite","category-algerie"],"_links":{"self":[{"href":"https:\/\/linitiative.ca\/International\/wp-json\/wp\/v2\/posts\/28933","targetHints":{"allow":["GET"]}}],"collection":[{"href":"https:\/\/linitiative.ca\/International\/wp-json\/wp\/v2\/posts"}],"about":[{"href":"https:\/\/linitiative.ca\/International\/wp-json\/wp\/v2\/types\/post"}],"author":[{"embeddable":true,"href":"https:\/\/linitiative.ca\/International\/wp-json\/wp\/v2\/users\/1742"}],"replies":[{"embeddable":true,"href":"https:\/\/linitiative.ca\/International\/wp-json\/wp\/v2\/comments?post=28933"}],"version-history":[{"count":0,"href":"https:\/\/linitiative.ca\/International\/wp-json\/wp\/v2\/posts\/28933\/revisions"}],"wp:attachment":[{"href":"https:\/\/linitiative.ca\/International\/wp-json\/wp\/v2\/media?parent=28933"}],"wp:term":[{"taxonomy":"category","embeddable":true,"href":"https:\/\/linitiative.ca\/International\/wp-json\/wp\/v2\/categories?post=28933"},{"taxonomy":"post_tag","embeddable":true,"href":"https:\/\/linitiative.ca\/International\/wp-json\/wp\/v2\/tags?post=28933"}],"curies":[{"name":"wp","href":"https:\/\/api.w.org\/{rel}","templated":true}]}}