{"id":28935,"date":"2019-04-20T09:17:00","date_gmt":"2019-04-20T13:17:00","guid":{"rendered":"https:\/\/linitiative.ca\/International\/pour-que-nul-noublie-le-printemps-noir-de-2001\/"},"modified":"2019-04-20T09:17:00","modified_gmt":"2019-04-20T13:17:00","slug":"pour-que-nul-noublie-le-printemps-noir-de-2001","status":"publish","type":"post","link":"https:\/\/linitiative.ca\/International\/pour-que-nul-noublie-le-printemps-noir-de-2001\/","title":{"rendered":"\u00abPour que nul n\u2019oublie le printemps noir de 2001\u00bb"},"content":{"rendered":"<div id=\"originalText\" readability=\"57\">\n<p>Des milliers de citoyens ont march\u00e9, ce samedi matin, \u00e0 Tizi Ouzou et \u00e0 B\u00e9ja\u00efa, \u00e0 l\u2019occasion du double anniversaire du printemps berb\u00e8re (20 avril 1980), et du printemps noir (20 avril 2001).<\/p>\n<p>\u00c0 Tizi Ouzou, et devant la forte mobilisation citoyenne, l\u2019impressionnant dispositif s\u00e9curitaire d\u00e9ploy\u00e9 le long de l\u2019itin\u00e9raire de la marche, a fini par \u00eatre lev\u00e9. La police s\u2019est carr\u00e9ment retir\u00e9e, en d\u00e9but d\u2019apr\u00e8s-midi.<\/p>\n<p>Des banderoles ont \u00e9t\u00e9 port\u00e9es par les manifestants et sur lesquelles on pouvait lire \u00abpour que nul n\u2019oublie le printemps noir de 2001\u00bb.<\/p>\n<p><iframe loading=\"lazy\" allowfullscreen=\"true\" allowtransparency=\"true\" frameborder=\"0\" height=\"315\" scrolling=\"no\" src=\"https:\/\/www.facebook.com\/plugins\/video.php?href=https%3A%2F%2Fwww.facebook.com%2Fberberetelevision%2Fvideos%2F343698506281886%2F&#038;show_text=0&#038;width=560\" class=\"c10\" width=\"560\">[embedded content]<\/iframe><\/p>\n<p>\u00c0 B\u00e9ja\u00efa, la marche s\u2019est plut\u00f4t d\u00e9roul\u00e9e sans la pr\u00e9sence des forces de l\u2019ordre. Un important rassemblement s\u2019est tenu \u00e0 la Place de la Libert\u00e9, Sa\u00efd Mekbel.<\/p>\n<p><iframe loading=\"lazy\" allowfullscreen=\"true\" allowtransparency=\"true\" frameborder=\"0\" height=\"315\" scrolling=\"no\" src=\"https:\/\/www.facebook.com\/plugins\/video.php?href=https%3A%2F%2Fwww.facebook.com%2Fberberetelevision%2Fvideos%2F1111694285685513%2F&#038;show_text=0&#038;width=560\" class=\"c10\" width=\"560\">[embedded content]<\/iframe>Une importante marche s\u2019est \u00e9galement d\u00e9roul\u00e9e \u00e0 Bouira, dans le calme.<\/p>\n<p><iframe loading=\"lazy\" allowfullscreen=\"true\" allowtransparency=\"true\" frameborder=\"0\" height=\"315\" scrolling=\"no\" src=\"https:\/\/www.facebook.com\/plugins\/video.php?href=https%3A%2F%2Fwww.facebook.com%2Fberberetelevision%2Fvideos%2F325016644879670%2F&#038;show_text=0&#038;width=560\" class=\"c10\" width=\"560\">[embedded content]<\/iframe><\/p>\n<p class=\"c11\"><strong>R\u00e9daction Web<\/strong><\/p>\n<\/div>\n<div id=\"text_core\" readability=\"57\">\n<p>Des milliers de citoyens ont march\u00e9, ce samedi matin, \u00e0 Tizi Ouzou et \u00e0 B\u00e9ja\u00efa, \u00e0 l\u2019occasion du double anniversaire du printemps berb\u00e8re (20 avril 1980), et du printemps noir (20 avril 2001).<\/p>\n<p>\u00c0 Tizi Ouzou, et devant la forte mobilisation citoyenne, l\u2019impressionnant dispositif s\u00e9curitaire d\u00e9ploy\u00e9 le long de l\u2019itin\u00e9raire de la marche, a fini par \u00eatre lev\u00e9. La police s\u2019est carr\u00e9ment retir\u00e9e, en d\u00e9but d\u2019apr\u00e8s-midi.<\/p>\n<p>Des banderoles ont \u00e9t\u00e9 port\u00e9es par les manifestants et sur lesquelles on pouvait lire \u00abpour que nul n\u2019oublie le printemps noir de 2001\u00bb.<\/p>\n<p><iframe loading=\"lazy\" allowfullscreen=\"true\" allowtransparency=\"true\" frameborder=\"0\" height=\"315\" scrolling=\"no\" src=\"https:\/\/www.facebook.com\/plugins\/video.php?href=https%3A%2F%2Fwww.facebook.com%2Fberberetelevision%2Fvideos%2F343698506281886%2F&#038;show_text=0&#038;width=560\" class=\"c10\" width=\"560\">[embedded content]<\/iframe><\/p>\n<p>\u00c0 B\u00e9ja\u00efa, la marche s\u2019est plut\u00f4t d\u00e9roul\u00e9e sans la pr\u00e9sence des forces de l\u2019ordre. Un important rassemblement s\u2019est tenu \u00e0 la Place de la Libert\u00e9, Sa\u00efd Mekbel.<\/p>\n<p><iframe loading=\"lazy\" allowfullscreen=\"true\" allowtransparency=\"true\" frameborder=\"0\" height=\"315\" scrolling=\"no\" src=\"https:\/\/www.facebook.com\/plugins\/video.php?href=https%3A%2F%2Fwww.facebook.com%2Fberberetelevision%2Fvideos%2F1111694285685513%2F&#038;show_text=0&#038;width=560\" class=\"c10\" width=\"560\">[embedded content]<\/iframe>Une importante marche s\u2019est \u00e9galement d\u00e9roul\u00e9e \u00e0 Bouira, dans le calme.<\/p>\n<p><iframe loading=\"lazy\" allowfullscreen=\"true\" allowtransparency=\"true\" frameborder=\"0\" height=\"315\" scrolling=\"no\" src=\"https:\/\/www.facebook.com\/plugins\/video.php?href=https%3A%2F%2Fwww.facebook.com%2Fberberetelevision%2Fvideos%2F325016644879670%2F&#038;show_text=0&#038;width=560\" class=\"c10\" width=\"560\">[embedded content]<\/iframe><\/p>\n<p class=\"c11\"><strong>R\u00e9daction Web<\/strong><\/p>\n<\/div>\n<p>Auteur:<br \/>\n<a href=\"https:\/\/www.liberte-algerie.com\/actualite\/pour-que-nul-noublie-le-printemps-noir-de-2001-314247\">Cliquez ici pour lire l&rsquo;article depuis sa source.<\/a><\/p>\n","protected":false},"excerpt":{"rendered":"<p>Des milliers de citoyens ont march\u00e9, ce samedi matin, \u00e0 Tizi Ouzou et \u00e0 B\u00e9ja\u00efa, \u00e0 l\u2019occasion du double anniversaire du printemps berb\u00e8re (20 avril 1980), et du printemps noir (20 avril 2001). \u00c0 Tizi Ouzou, et devant la forte mobilisation citoyenne, l\u2019impressionnant dispositif s\u00e9curitaire d\u00e9ploy\u00e9 le long de l\u2019itin\u00e9raire de la marche, a fini [&hellip;]<\/p>\n","protected":false},"author":1742,"featured_media":0,"comment_status":"closed","ping_status":"closed","sticky":false,"template":"","format":"standard","meta":{"fifu_image_url":"","fifu_image_alt":"","footnotes":""},"categories":[73,53],"tags":[],"class_list":["post-28935","post","type-post","status-publish","format-standard","hentry","category-actualite","category-algerie"],"_links":{"self":[{"href":"https:\/\/linitiative.ca\/International\/wp-json\/wp\/v2\/posts\/28935","targetHints":{"allow":["GET"]}}],"collection":[{"href":"https:\/\/linitiative.ca\/International\/wp-json\/wp\/v2\/posts"}],"about":[{"href":"https:\/\/linitiative.ca\/International\/wp-json\/wp\/v2\/types\/post"}],"author":[{"embeddable":true,"href":"https:\/\/linitiative.ca\/International\/wp-json\/wp\/v2\/users\/1742"}],"replies":[{"embeddable":true,"href":"https:\/\/linitiative.ca\/International\/wp-json\/wp\/v2\/comments?post=28935"}],"version-history":[{"count":0,"href":"https:\/\/linitiative.ca\/International\/wp-json\/wp\/v2\/posts\/28935\/revisions"}],"wp:attachment":[{"href":"https:\/\/linitiative.ca\/International\/wp-json\/wp\/v2\/media?parent=28935"}],"wp:term":[{"taxonomy":"category","embeddable":true,"href":"https:\/\/linitiative.ca\/International\/wp-json\/wp\/v2\/categories?post=28935"},{"taxonomy":"post_tag","embeddable":true,"href":"https:\/\/linitiative.ca\/International\/wp-json\/wp\/v2\/tags?post=28935"}],"curies":[{"name":"wp","href":"https:\/\/api.w.org\/{rel}","templated":true}]}}