{"id":28941,"date":"2019-04-20T07:46:41","date_gmt":"2019-04-20T11:46:41","guid":{"rendered":"https:\/\/linitiative.ca\/International\/vibrant-hommage-a-lecrivaine-marocaine-rita-el-khayat\/"},"modified":"2019-04-20T07:46:41","modified_gmt":"2019-04-20T11:46:41","slug":"vibrant-hommage-a-lecrivaine-marocaine-rita-el-khayat","status":"publish","type":"post","link":"https:\/\/linitiative.ca\/International\/vibrant-hommage-a-lecrivaine-marocaine-rita-el-khayat\/","title":{"rendered":"Vibrant hommage \u00e0 l\u2019\u00e9crivaine marocaine Rita El Khayat"},"content":{"rendered":"<div readability=\"41\">\n<p>Marrakech- Un vibrant hommage a \u00e9t\u00e9 rendu vendredi, \u00e0 Marrakech, \u00e0 la psychiatre, journaliste, po\u00e9tesse, anthropologue, militante des droits de l\u2019Homme et \u00e9crivaine marocaine Rita El Khayat \u00e0 l\u2019initiative de la Chaire de l\u2019Institut du monde arabe (IMA) et l\u2019Universit\u00e9 Cadi Ayyad de Marrakech (UCA).<\/p>\n<\/div>\n<div readability=\"124\">\n<p>Lors de cette rencontre, les t\u00e9moignages se sont succ\u00e9d\u00e9 pour mettre en relief l\u2019engagement, le militantisme et le parcours prolifique d\u2019une intellectuelle marocaine d\u2019exception, qui a enrichi la sc\u00e8ne scientifique nationale et mondiale par des \u0153uvres portant notamment sur la place de la femme au Maghreb et dans la soci\u00e9t\u00e9 arabe.<\/p>\n<p>Cette intellectuelle de renomm\u00e9e mondiale, qui a consacr\u00e9 sa vie \u00e0 la recherche, a \u00e9galement milit\u00e9 pour une psychiatrie moderne au Maghreb, en analysant les approches psychiatriques au Maghreb, \u00e0 la confluence des conceptions et des pratiques scientifiques et religieuses traditionnelles, et de la psychiatrie d\u00e9velopp\u00e9e dans les pays occidentaux.<\/p>\n<p>Les participants \u00e0 cet \u00e9v\u00e9nement, dont des artistes, des chercheurs et des intellectuels, ont salu\u00e9 l\u2019engagement de cette intellectuelle humaniste, qui a \u00e9pous\u00e9 les probl\u00e8mes et soucis de la femme maghr\u00e9bine et arabe et qui beaucoup travaill\u00e9 sur la culture maghr\u00e9bine.<\/p>\n<p>Ils ont mis en relief l\u2019apport et l\u2019int\u00e9r\u00eat des recherches universalistes de cette militante des droits de l\u2019homme, qui a port\u00e9 un int\u00e9r\u00eat particulier \u00e0 la condition f\u00e9minine au Maghreb ainsi qu\u2019aux marginaux (les malades mentaux et les hommes en situation de rue).<\/p>\n<p>S\u2019exprimant \u00e0 cette occasion, Mme Rita El Khayat n\u2019a pas cach\u00e9 son immense joie d\u2019avoir re\u00e7u un hommage dans son pays \u00ab\u00a0par un institut prestigieux (IMA), qui nous repr\u00e9sente en tant qu\u2019Arabes et Maghr\u00e9bins au c\u0153ur de l\u2019Europe dans la partie intellectuelle la plus vivante du vieux continent\u00a0\u00bb.<\/p>\n<p>\u00ab\u00a0C\u2019est une reconnaissance pour mon parcours intellectuelle et pour mon pays et pour les femmes marocaines et \u00e0 toutes les femmes maghr\u00e9bines et arabes\u00a0\u00bb, a-t-elle dit dans ce contexte.<\/p>\n<p>Le directeur de l\u2019IMA, Mojeb Al Zahrani, a soulign\u00e9 pour sa part, que l\u2019IMA rendra en 2019, pr\u00e8s de 09 hommages \u00e0 des femmes arabes cr\u00e9atrices dans plusieurs champs disciplinaires, dont Houria Si Nacer, la psychologue, physicienne et intellectuelle tunisienne, Faouzia Charfi, l\u2019artiste plasticienne jordanienne, Suha Shoman puis l\u2019enseignante chercheur alg\u00e9rienne, Naget Khadda.<\/p>\n<p>S\u2019agissant des crit\u00e8res des choix des femmes c\u00e9l\u00e9br\u00e9es, il a fait savoir qu\u2019ils se rapportent \u00e0 l\u2019excellence scientifique ainsi que l\u2019engagement social.<\/p>\n<p>A l\u2019issue de cet hommage, M. El Zahrani a proc\u00e9d\u00e9 \u00e0 la remise de la m\u00e9daille et l\u2019attestation d\u2019honneur de la Chaire de l\u2019IMA.<\/p>\n<p>Rita El Khayat a \u00e9tudi\u00e9 au Maroc, la m\u00e9decine \u00e0 Rabat, la psychiatrie \u00e0 Casablanca, pour terminer ses \u00e9tudes \u00e0 Paris.<\/p>\n<p>Pendant ses \u00e9tudes, elle a \u00e9t\u00e9 active en tant qu\u2019animatrice de t\u00e9l\u00e9vision et artiste de cin\u00e9ma. En 1999, elle a fond\u00e9 l\u2019association \u00ab\u00a0A\u00efni Benna\u00ef\u00a0\u00bb afin d\u2019\u00e9largir la culture au Maroc et au Maghreb.<\/p>\n<p>Le 15 f\u00e9vrier 1997, elle perd sa fille unique, et consacre quelques ann\u00e9es plus tard un ouvrage \u00e0 ce drame, \u00ab\u00a0Le d\u00e9senfantement\u00a0\u00bb, publi\u00e9 en 2002, pour \u00ab\u00a0exorciser sa douleur\u00a0\u00bb.<\/p>\n<p>Elle est membre du conseil d\u2019administration du Festival international du film de Marrakech (FIFM), et du jury, de son lancement en 2001\/2002 jusqu\u2019en 2008, puis pr\u00e9sidente de la commission du Fonds d\u2019aide \u00e0 la production cin\u00e9matographique, en 2011.<\/p>\n<\/div>\n<p>Auteur: Mohammed KOURSI<br \/>\n<a href=\"http:\/\/www.mapmarrakech.ma\/fr\/vibrant-hommage-a-marrakech-a-lecrivaine-et-psychiatre-marocaine-rita-el-khayat\/\">Cliquez ici pour lire l&rsquo;article depuis sa source.<\/a><\/p>\n","protected":false},"excerpt":{"rendered":"<p>Marrakech- Un vibrant hommage a \u00e9t\u00e9 rendu vendredi, \u00e0 Marrakech, \u00e0 la psychiatre, journaliste, po\u00e9tesse, anthropologue, militante des droits de l\u2019Homme et \u00e9crivaine marocaine Rita El Khayat \u00e0 l\u2019initiative de la Chaire de l\u2019Institut du monde arabe (IMA) et l\u2019Universit\u00e9 Cadi Ayyad de Marrakech (UCA). Lors de cette rencontre, les t\u00e9moignages se sont succ\u00e9d\u00e9 pour [&hellip;]<\/p>\n","protected":false},"author":1788,"featured_media":0,"comment_status":"closed","ping_status":"closed","sticky":false,"template":"","format":"standard","meta":{"fifu_image_url":"","fifu_image_alt":"","footnotes":""},"categories":[54,76],"tags":[],"class_list":["post-28941","post","type-post","status-publish","format-standard","hentry","category-maroc","category-regions"],"_links":{"self":[{"href":"https:\/\/linitiative.ca\/International\/wp-json\/wp\/v2\/posts\/28941","targetHints":{"allow":["GET"]}}],"collection":[{"href":"https:\/\/linitiative.ca\/International\/wp-json\/wp\/v2\/posts"}],"about":[{"href":"https:\/\/linitiative.ca\/International\/wp-json\/wp\/v2\/types\/post"}],"author":[{"embeddable":true,"href":"https:\/\/linitiative.ca\/International\/wp-json\/wp\/v2\/users\/1788"}],"replies":[{"embeddable":true,"href":"https:\/\/linitiative.ca\/International\/wp-json\/wp\/v2\/comments?post=28941"}],"version-history":[{"count":0,"href":"https:\/\/linitiative.ca\/International\/wp-json\/wp\/v2\/posts\/28941\/revisions"}],"wp:attachment":[{"href":"https:\/\/linitiative.ca\/International\/wp-json\/wp\/v2\/media?parent=28941"}],"wp:term":[{"taxonomy":"category","embeddable":true,"href":"https:\/\/linitiative.ca\/International\/wp-json\/wp\/v2\/categories?post=28941"},{"taxonomy":"post_tag","embeddable":true,"href":"https:\/\/linitiative.ca\/International\/wp-json\/wp\/v2\/tags?post=28941"}],"curies":[{"name":"wp","href":"https:\/\/api.w.org\/{rel}","templated":true}]}}