{"id":28942,"date":"2019-04-20T07:51:00","date_gmt":"2019-04-20T11:51:00","guid":{"rendered":"https:\/\/linitiative.ca\/International\/marrakech-coup-denvoi-des-festivites-du-mois-du-patrimoine\/"},"modified":"2019-04-20T07:51:00","modified_gmt":"2019-04-20T11:51:00","slug":"marrakech-coup-denvoi-des-festivites-du-mois-du-patrimoine","status":"publish","type":"post","link":"https:\/\/linitiative.ca\/International\/marrakech-coup-denvoi-des-festivites-du-mois-du-patrimoine\/","title":{"rendered":"Marrakech : Coup d\u2019envoi des festivit\u00e9s du mois du patrimoine"},"content":{"rendered":"<div readability=\"36\">\n<p>Marrakech- Le coup d\u2019envoi a \u00e9t\u00e9 donn\u00e9 r\u00e9cemment, au niveau de Marrakech, aux festivit\u00e9s c\u00e9l\u00e9brant le mois du patrimoine (18 avril-18 mai) par l\u2019organisation de plusieurs manifestations culturelles et artistiques.<\/p>\n<\/div>\n<div readability=\"81\">\n<p>Organis\u00e9e par la Direction r\u00e9gionale de la culture et de la communication (secteur de la culture) et la Conservation r\u00e9gionale du patrimoine culturel de la r\u00e9gion Marrakech-Safi, cette manifestation comporte plusieurs activit\u00e9s qualitatives traduisant la diversit\u00e9 du patrimoine culturel de la r\u00e9gion.<\/p>\n<p>Ainsi, une exposition sous le th\u00e8me \u00ab\u00a0mod\u00e8les de gravures arabes \u00e0 Marrakech\u00a0\u00bb a \u00e9t\u00e9 inaugur\u00e9e au mythique Palais Badii, qui abrite aussi une exposition d\u2019\u0153uvres plastiques des artistes Ahmed Amine Cherradi et Rabia Mezouga sous le th\u00e8me \u00ab\u00a0les figures du patrimoine du Maroc dans les arts plastiques\u00a0\u00bb.<\/p>\n<p>Tout au long du mois, les \u00e9l\u00e8ves des \u00e9tablissements scolaires b\u00e9n\u00e9ficieront de portes ouvertes pour la visite de sites historiques, dont le Palais Badii, les tombes de Saadiyine, le mus\u00e9e Mouassine, Dar Ch\u00e9rifa, Palais Bahia, Menara et Dar Bellarj pour consacrer les valeurs de prise de conscience de la valeur du patrimoine historique marocain aupr\u00e8s des g\u00e9n\u00e9rations montantes.<\/p>\n<p>Le directeur r\u00e9gional de la culture et de la communication \u2013secteur de la culture- \u00e0 Marrakech-Safi, Aziz Boujmid, a soulign\u00e9 \u00e0 cette occasion, que le mois du patrimoine repr\u00e9sente un important rendez-vous scientifique et culturel pour mettre en relief la richesse et la diversit\u00e9 du patrimoine marocain mat\u00e9riel et immat\u00e9riel, relevant que la r\u00e9gion est dot\u00e9e d\u2019un grand patrimoine historique et civilisationnel de nature \u00e0 lui permettre de devenir un p\u00f4le au rayonnement culturel susceptible d\u2019instaurer les bases d\u2019une industrie culturelle et patrimoniale qualitative.<\/p>\n<p>La Conservatrice r\u00e9gionale du patrimoine culturel de Marrakech-Safi, Mme Hasna Haddaoui, a indiqu\u00e9 pour sa part, que l\u2019\u00e9conomie culturelle repr\u00e9sente une alternative efficiente de d\u00e9veloppement capable de dynamiser l\u2019\u00e9conomie de la r\u00e9gion, sachant que cette derni\u00e8re regorge de potentialit\u00e9s devant lui permettre de jouer un r\u00f4le vital dans ce domaine.<\/p>\n<p>Cette manifestation s\u2019inscrit dans le cadre du mois du patrimoine que le minist\u00e8re de la culture et de la communication -D\u00e9partement de la culture- organise chaque ann\u00e9e du 18 avril, co\u00efncidant avec la Journ\u00e9e internationale des monuments et des sites, au 18 mai co\u00efncidant avec la Journ\u00e9e internationale des mus\u00e9es, dans le but de valoriser le patrimoine civilisationnel marocain et la diversit\u00e9 de ses affluents culturels.<\/p>\n<\/div>\n<p>Auteur: Mohammed KOURSI<br \/>\n<a href=\"http:\/\/www.mapmarrakech.ma\/fr\/marrakech-coup-denvoi-des-festivites-du-mois-du-patrimoine\/\">Cliquez ici pour lire l&rsquo;article depuis sa source.<\/a><\/p>\n","protected":false},"excerpt":{"rendered":"<p>Marrakech- Le coup d\u2019envoi a \u00e9t\u00e9 donn\u00e9 r\u00e9cemment, au niveau de Marrakech, aux festivit\u00e9s c\u00e9l\u00e9brant le mois du patrimoine (18 avril-18 mai) par l\u2019organisation de plusieurs manifestations culturelles et artistiques. Organis\u00e9e par la Direction r\u00e9gionale de la culture et de la communication (secteur de la culture) et la Conservation r\u00e9gionale du patrimoine culturel de la [&hellip;]<\/p>\n","protected":false},"author":1788,"featured_media":0,"comment_status":"closed","ping_status":"closed","sticky":false,"template":"","format":"standard","meta":{"fifu_image_url":"","fifu_image_alt":"","footnotes":""},"categories":[54,76],"tags":[],"class_list":["post-28942","post","type-post","status-publish","format-standard","hentry","category-maroc","category-regions"],"_links":{"self":[{"href":"https:\/\/linitiative.ca\/International\/wp-json\/wp\/v2\/posts\/28942","targetHints":{"allow":["GET"]}}],"collection":[{"href":"https:\/\/linitiative.ca\/International\/wp-json\/wp\/v2\/posts"}],"about":[{"href":"https:\/\/linitiative.ca\/International\/wp-json\/wp\/v2\/types\/post"}],"author":[{"embeddable":true,"href":"https:\/\/linitiative.ca\/International\/wp-json\/wp\/v2\/users\/1788"}],"replies":[{"embeddable":true,"href":"https:\/\/linitiative.ca\/International\/wp-json\/wp\/v2\/comments?post=28942"}],"version-history":[{"count":0,"href":"https:\/\/linitiative.ca\/International\/wp-json\/wp\/v2\/posts\/28942\/revisions"}],"wp:attachment":[{"href":"https:\/\/linitiative.ca\/International\/wp-json\/wp\/v2\/media?parent=28942"}],"wp:term":[{"taxonomy":"category","embeddable":true,"href":"https:\/\/linitiative.ca\/International\/wp-json\/wp\/v2\/categories?post=28942"},{"taxonomy":"post_tag","embeddable":true,"href":"https:\/\/linitiative.ca\/International\/wp-json\/wp\/v2\/tags?post=28942"}],"curies":[{"name":"wp","href":"https:\/\/api.w.org\/{rel}","templated":true}]}}