{"id":28948,"date":"2019-04-20T11:36:52","date_gmt":"2019-04-20T15:36:52","guid":{"rendered":"https:\/\/linitiative.ca\/International\/39e-anniversaire-du-printemps-amazigh-marches-du-souvenir-a-bejaia-et-kherrata\/"},"modified":"2019-04-20T11:36:52","modified_gmt":"2019-04-20T15:36:52","slug":"39e-anniversaire-du-printemps-amazigh-marches-du-souvenir-a-bejaia-et-kherrata","status":"publish","type":"post","link":"https:\/\/linitiative.ca\/International\/39e-anniversaire-du-printemps-amazigh-marches-du-souvenir-a-bejaia-et-kherrata\/","title":{"rendered":"39e anniversaire du printemps amazigh: marches du souvenir \u00e0 B\u00e9ja\u00efa et Kherrata"},"content":{"rendered":"<div>\n<div class=\"K2FeedIntroText\">\n<p><strong>BEJAIA &#8211; Des milliers de personnes ont battu le pav\u00e9 samedi \u00e0 B\u00e9ja\u00efa en signe de c\u00e9l\u00e9bration du printemps berb\u00e8re, de ses r\u00e9f\u00e9rences historiques en rapport avec les \u00e9v\u00e8nements d\u2019avril 1980 et avril 2001, et des r\u00e9voltes identitaires qui s\u2019en sont suivies.<\/strong><\/p>\n<\/div>\n<div class=\"K2FeedFullText\">\n<p>Les processions, compos\u00e9es de la communaut\u00e9 universitaire, des militants de la cause identitaire et d&rsquo;anonymes, se sont \u00e9lanc\u00e9es \u00e0 hauteur de l\u2019esplanade de la maison de la Culture et se sont d\u00e9roul\u00e9es \u00e0 traves plusieurs art\u00e8res de la ville avant de s\u2019immobiliser \u00e0 proximit\u00e9 de la place de la libert\u00e9 \u00ab\u00a0Said Mekbel\u00a0\u00bb o\u00f9 un prise de parole a \u00e9t\u00e9 improvis\u00e9e. Ses animateurs ont rappel\u00e9 l\u2019impact de ces deux \u00e9v\u00e8nements sur les \u00e9volutions de la cause amazighe et sa cons\u00e9cration constitutionnelle.<\/p>\n<p>L\u2019occasion a \u00e9t\u00e9 opportun\u00e9ment saisie pour rappeler les sacrifices de plusieurs g\u00e9n\u00e9rations de militants et la r\u00e9pression subie ant\u00e9rieurement, notamment en 2001 o\u00f9 128 jeunes ont du perdre la vie. Ainsi, une minute de silence a \u00e9t\u00e9 observ\u00e9e \u00e0 leur m\u00e9moire sous des hu\u00e9es appelant \u00ab\u00a0au non pardon\u00a0\u00bb, \u00ab\u00a0Ulac smah Ulach\u00a0\u00bb et r\u00e9it\u00e9rant les revendications populaires \u00e0 l\u2019imp\u00e9ratif du changement \u00ab\u00a0radical\u00a0\u00bb du syst\u00e8me de gouvernance du pays. D\u2019aucuns ont jug\u00e9 en effet, que la question identitaire est intiment li\u00e9e \u00e0 l\u2019exigence d\u00e9mocratique et son corollaire l\u2019Etat de droit.<\/p>\n<p>Une m\u00eame r\u00e9sonnance a caract\u00e9ris\u00e9, du reste, l\u2019ambiance d\u2019une marche identique, organis\u00e9e \u00e0 Kherrata et \u00e0 laquelle ont particip\u00e9 des milliers de personnes.<\/p>\n<p>Cette c\u00e9l\u00e9bration a \u00e9t\u00e9 marqu\u00e9e par ailleurs par l\u2019organisation de plusieurs conf\u00e9rences, notamment celle d\u2019Amazigh Kateb, fils de Yacine, \u00e0 l&rsquo;universit\u00e9 de B\u00e9ja\u00efa, autour du combat identitaire, d&rsquo;expositions photos, de comp\u00e9titions sportives et de galas artistiques.<\/p>\n<\/div>\n<\/div>\n<p>Auteur:<br \/>\n<a href=\"http:\/\/www.aps.dz\/regions\/88349-39e-anniversaire-du-printemps-amazigh-marches-du-souvenir-a-bejaia-et-kherrata\">Cliquez ici pour lire l&rsquo;article depuis sa source.<\/a><\/p>\n","protected":false},"excerpt":{"rendered":"<p>BEJAIA &#8211; Des milliers de personnes ont battu le pav\u00e9 samedi \u00e0 B\u00e9ja\u00efa en signe de c\u00e9l\u00e9bration du printemps berb\u00e8re, de ses r\u00e9f\u00e9rences historiques en rapport avec les \u00e9v\u00e8nements d\u2019avril 1980 et avril 2001, et des r\u00e9voltes identitaires qui s\u2019en sont suivies. Les processions, compos\u00e9es de la communaut\u00e9 universitaire, des militants de la cause identitaire [&hellip;]<\/p>\n","protected":false},"author":1790,"featured_media":0,"comment_status":"closed","ping_status":"closed","sticky":false,"template":"","format":"standard","meta":{"fifu_image_url":"","fifu_image_alt":"","footnotes":""},"categories":[53,76],"tags":[],"class_list":["post-28948","post","type-post","status-publish","format-standard","hentry","category-algerie","category-regions"],"_links":{"self":[{"href":"https:\/\/linitiative.ca\/International\/wp-json\/wp\/v2\/posts\/28948","targetHints":{"allow":["GET"]}}],"collection":[{"href":"https:\/\/linitiative.ca\/International\/wp-json\/wp\/v2\/posts"}],"about":[{"href":"https:\/\/linitiative.ca\/International\/wp-json\/wp\/v2\/types\/post"}],"author":[{"embeddable":true,"href":"https:\/\/linitiative.ca\/International\/wp-json\/wp\/v2\/users\/1790"}],"replies":[{"embeddable":true,"href":"https:\/\/linitiative.ca\/International\/wp-json\/wp\/v2\/comments?post=28948"}],"version-history":[{"count":0,"href":"https:\/\/linitiative.ca\/International\/wp-json\/wp\/v2\/posts\/28948\/revisions"}],"wp:attachment":[{"href":"https:\/\/linitiative.ca\/International\/wp-json\/wp\/v2\/media?parent=28948"}],"wp:term":[{"taxonomy":"category","embeddable":true,"href":"https:\/\/linitiative.ca\/International\/wp-json\/wp\/v2\/categories?post=28948"},{"taxonomy":"post_tag","embeddable":true,"href":"https:\/\/linitiative.ca\/International\/wp-json\/wp\/v2\/tags?post=28948"}],"curies":[{"name":"wp","href":"https:\/\/api.w.org\/{rel}","templated":true}]}}